{"id":33481,"date":"2020-08-26T01:03:08","date_gmt":"2020-08-26T01:03:08","guid":{"rendered":"https:\/\/jorgezanoni.com.br\/2019\/?p=33481"},"modified":"2020-08-26T01:03:08","modified_gmt":"2020-08-26T01:03:08","slug":"jovem-de-21-anos-e-a-mais-nova-vitima-da-covid-19-em-dracena","status":"publish","type":"post","link":"https:\/\/jorgezanoni.com.br\/2019\/jovem-de-21-anos-e-a-mais-nova-vitima-da-covid-19-em-dracena\/","title":{"rendered":"Jovem de 21 anos \u00e9 a mais nova v\u00edtima da COVID-19 em Dracena"},"content":{"rendered":"<p style=\"text-align: justify;\">Um paciente de 21 anos do sexo masculino, morador de Dracena, que testou Positivo para a COVID-19, e havia sido internado na manh\u00e3 de hoje (25) \u00e0s 09:48 Horas, n\u00e3o resistiu e veio a \u00f3bito \u00e0s 17:35 Horas.<\/p>\n<p style=\"text-align: justify;\">\u00c9 o 18\u00ba paciente que morre na Santa Casa, e o 13\u00ba morador de Dracena.<\/p>\n<p style=\"text-align: justify;\">Fonte: SCD<\/p>\n<p style=\"text-align: justify;\">\n<p>&nbsp;<\/p>\n<p>&nbsp;<\/p>\n","protected":false},"excerpt":{"rendered":"<p>Um paciente de 21 anos do sexo masculino, morador de Dracena, que testou Positivo para a COVID-19, e havia sido internado na manh\u00e3 de hoje (25) \u00e0s 09:48 Horas, n\u00e3o resistiu e veio a \u00f3bito \u00e0s 17:35 Horas. \u00c9 o 18\u00ba paciente que morre na Santa Casa, e o 13\u00ba morador de Dracena. Fonte: SCD [&hellip;]<\/p>\n","protected":false},"author":1,"featured_media":33482,"comment_status":"closed","ping_status":"open","sticky":false,"template":"","format":"standard","meta":{"footnotes":""},"categories":[178,110],"tags":[],"class_list":["post-33481","post","type-post","status-publish","format-standard","has-post-thumbnail","hentry","category-notadefalecimento","category-noticiasdestaque"],"_links":{"self":[{"href":"https:\/\/jorgezanoni.com.br\/2019\/wp-json\/wp\/v2\/posts\/33481","targetHints":{"allow":["GET"]}}],"collection":[{"href":"https:\/\/jorgezanoni.com.br\/2019\/wp-json\/wp\/v2\/posts"}],"about":[{"href":"https:\/\/jorgezanoni.com.br\/2019\/wp-json\/wp\/v2\/types\/post"}],"author":[{"embeddable":true,"href":"https:\/\/jorgezanoni.com.br\/2019\/wp-json\/wp\/v2\/users\/1"}],"replies":[{"embeddable":true,"href":"https:\/\/jorgezanoni.com.br\/2019\/wp-json\/wp\/v2\/comments?post=33481"}],"version-history":[{"count":0,"href":"https:\/\/jorgezanoni.com.br\/2019\/wp-json\/wp\/v2\/posts\/33481\/revisions"}],"wp:featuredmedia":[{"embeddable":true,"href":"https:\/\/jorgezanoni.com.br\/2019\/wp-json\/wp\/v2\/media\/33482"}],"wp:attachment":[{"href":"https:\/\/jorgezanoni.com.br\/2019\/wp-json\/wp\/v2\/media?parent=33481"}],"wp:term":[{"taxonomy":"category","embeddable":true,"href":"https:\/\/jorgezanoni.com.br\/2019\/wp-json\/wp\/v2\/categories?post=33481"},{"taxonomy":"post_tag","embeddable":true,"href":"https:\/\/jorgezanoni.com.br\/2019\/wp-json\/wp\/v2\/tags?post=33481"}],"curies":[{"name":"wp","href":"https:\/\/api.w.org\/{rel}","templated":true}]}}