{"id":33474,"date":"2020-08-25T23:45:30","date_gmt":"2020-08-25T23:45:30","guid":{"rendered":"https:\/\/jorgezanoni.com.br\/2019\/?p=33474"},"modified":"2020-08-25T23:45:30","modified_gmt":"2020-08-25T23:45:30","slug":"acidente-entre-carro-e-carreta-de-osvaldo-cruz-e-registrado-na-sp-294","status":"publish","type":"post","link":"https:\/\/jorgezanoni.com.br\/2019\/acidente-entre-carro-e-carreta-de-osvaldo-cruz-e-registrado-na-sp-294\/","title":{"rendered":"Acidente entre carro e carreta de Osvaldo Cruz \u00e9 registrado na SP-294"},"content":{"rendered":"<p style=\"text-align: justify;\"><strong>Colis\u00e3o traseira aconteceu nesta segunda-feira (24), no trevo de acesso \u00e0 Universo.<\/strong><\/p>\n<p style=\"text-align: justify;\">Na manh\u00e3 desta segunda-feira (24), a condutora de um ve\u00edculo Toyota Yaris, placa de Osvaldo Cruz, trafegava pela Rodovia Comandante Jo\u00e3o Ribeiro de Barros no sentido Iacri para Tup\u00e3.<\/p>\n<p style=\"text-align: justify;\">Ao se aproximar do trevo de acesso ao Distrito de Universo obedecendo a sinaliza\u00e7\u00e3o existente reduziu a velocidade, sendo atingido na traseira por uma carreta, tamb\u00e9m de Osvaldo Cruz, que seguia no mesmo sentido de dire\u00e7\u00e3o.<\/p>\n<p style=\"text-align: justify;\">Com a viol\u00eancia do impacto, o ve\u00edculo Yaris ficou com a traseira totalmente destru\u00edda. Equipes de socorro da concession\u00e1ria Eixo SP estiveram no locam, mas por sorte ningu\u00e9m se feriu.<\/p>\n<p style=\"text-align: justify;\">A Pol\u00edcia Militar Rodovi\u00e1ria esteve no local para registro do boletim de ocorr\u00eancia.<\/p>\n<p><img loading=\"lazy\" decoding=\"async\" class=\"alignnone size-full wp-image-33476\" src=\"https:\/\/jorgezanoni.com.br\/2019\/wp-content\/uploads\/2020\/08\/universo1.jpg\" alt=\"\" width=\"1064\" height=\"798\" srcset=\"https:\/\/jorgezanoni.com.br\/2019\/wp-content\/uploads\/2020\/08\/universo1.jpg 1064w, https:\/\/jorgezanoni.com.br\/2019\/wp-content\/uploads\/2020\/08\/universo1-300x225.jpg 300w, https:\/\/jorgezanoni.com.br\/2019\/wp-content\/uploads\/2020\/08\/universo1-1024x768.jpg 1024w, https:\/\/jorgezanoni.com.br\/2019\/wp-content\/uploads\/2020\/08\/universo1-768x576.jpg 768w, https:\/\/jorgezanoni.com.br\/2019\/wp-content\/uploads\/2020\/08\/universo1-80x60.jpg 80w, https:\/\/jorgezanoni.com.br\/2019\/wp-content\/uploads\/2020\/08\/universo1-265x198.jpg 265w, https:\/\/jorgezanoni.com.br\/2019\/wp-content\/uploads\/2020\/08\/universo1-696x522.jpg 696w, https:\/\/jorgezanoni.com.br\/2019\/wp-content\/uploads\/2020\/08\/universo1-560x420.jpg 560w\" sizes=\"auto, (max-width: 1064px) 100vw, 1064px\" \/><\/p>\n<p style=\"text-align: justify;\">Fonte: Mais Tup\u00e3<\/p>\n","protected":false},"excerpt":{"rendered":"<p>Colis\u00e3o traseira aconteceu nesta segunda-feira (24), no trevo de acesso \u00e0 Universo. Na manh\u00e3 desta segunda-feira (24), a condutora de um ve\u00edculo Toyota Yaris, placa de Osvaldo Cruz, trafegava pela Rodovia Comandante Jo\u00e3o Ribeiro de Barros no sentido Iacri para Tup\u00e3. Ao se aproximar do trevo de acesso ao Distrito de Universo obedecendo a sinaliza\u00e7\u00e3o [&hellip;]<\/p>\n","protected":false},"author":1,"featured_media":33475,"comment_status":"closed","ping_status":"open","sticky":false,"template":"","format":"standard","meta":{"footnotes":""},"categories":[170,110],"tags":[],"class_list":["post-33474","post","type-post","status-publish","format-standard","has-post-thumbnail","hentry","category-acidentes","category-noticiasdestaque"],"_links":{"self":[{"href":"https:\/\/jorgezanoni.com.br\/2019\/wp-json\/wp\/v2\/posts\/33474","targetHints":{"allow":["GET"]}}],"collection":[{"href":"https:\/\/jorgezanoni.com.br\/2019\/wp-json\/wp\/v2\/posts"}],"about":[{"href":"https:\/\/jorgezanoni.com.br\/2019\/wp-json\/wp\/v2\/types\/post"}],"author":[{"embeddable":true,"href":"https:\/\/jorgezanoni.com.br\/2019\/wp-json\/wp\/v2\/users\/1"}],"replies":[{"embeddable":true,"href":"https:\/\/jorgezanoni.com.br\/2019\/wp-json\/wp\/v2\/comments?post=33474"}],"version-history":[{"count":0,"href":"https:\/\/jorgezanoni.com.br\/2019\/wp-json\/wp\/v2\/posts\/33474\/revisions"}],"wp:featuredmedia":[{"embeddable":true,"href":"https:\/\/jorgezanoni.com.br\/2019\/wp-json\/wp\/v2\/media\/33475"}],"wp:attachment":[{"href":"https:\/\/jorgezanoni.com.br\/2019\/wp-json\/wp\/v2\/media?parent=33474"}],"wp:term":[{"taxonomy":"category","embeddable":true,"href":"https:\/\/jorgezanoni.com.br\/2019\/wp-json\/wp\/v2\/categories?post=33474"},{"taxonomy":"post_tag","embeddable":true,"href":"https:\/\/jorgezanoni.com.br\/2019\/wp-json\/wp\/v2\/tags?post=33474"}],"curies":[{"name":"wp","href":"https:\/\/api.w.org\/{rel}","templated":true}]}}