{"id":3347,"date":"2019-08-10T18:46:26","date_gmt":"2019-08-10T18:46:26","guid":{"rendered":"https:\/\/jorgezanoni.com.br\/2019\/?p=3347"},"modified":"2019-08-10T18:46:41","modified_gmt":"2019-08-10T18:46:41","slug":"explosao-em-tanque-de-etanol-provoca-incendio-em-usina","status":"publish","type":"post","link":"https:\/\/jorgezanoni.com.br\/2019\/explosao-em-tanque-de-etanol-provoca-incendio-em-usina\/","title":{"rendered":"Explos\u00e3o em tanque de etanol provoca inc\u00eandio em usina"},"content":{"rendered":"<div class=\"share-social-fixed share-margin-ads\">\n<div class=\"theiaStickySidebar\">\n<div class=\"ads_vertical\">\n<div class=\"share-social-fixed share-margin-ads\">\n<div class=\"theiaStickySidebar\">\n<div class=\"ads_vertical\" style=\"text-align: justify;\">Um inc\u00eandio de grande propor\u00e7\u00e3o consome um tanque cheio de etanol na usina Ip\u00ea, em Nova Independ\u00eancia, na regi\u00e3o de Andradina. O fogo \u00e9 decorrente de uma explos\u00e3o cuja causa ainda \u00e9 desconhecida, de acordo com o Corpo de Bombeiros.<\/div>\n<div><img loading=\"lazy\" decoding=\"async\" class=\"alignnone size-full wp-image-3348\" src=\"https:\/\/jorgezanoni.com.br\/2019\/wp-content\/uploads\/2019\/08\/Usina1.jpg\" alt=\"\" width=\"720\" height=\"1280\" srcset=\"https:\/\/jorgezanoni.com.br\/2019\/wp-content\/uploads\/2019\/08\/Usina1.jpg 720w, https:\/\/jorgezanoni.com.br\/2019\/wp-content\/uploads\/2019\/08\/Usina1-169x300.jpg 169w, https:\/\/jorgezanoni.com.br\/2019\/wp-content\/uploads\/2019\/08\/Usina1-576x1024.jpg 576w, https:\/\/jorgezanoni.com.br\/2019\/wp-content\/uploads\/2019\/08\/Usina1-696x1237.jpg 696w, https:\/\/jorgezanoni.com.br\/2019\/wp-content\/uploads\/2019\/08\/Usina1-236x420.jpg 236w\" sizes=\"auto, (max-width: 720px) 100vw, 720px\" \/><\/div>\n<div style=\"text-align: justify;\"><\/div>\n<\/div>\n<div style=\"text-align: justify;\">\n<p>A explos\u00e3o teria ocorrido por volta das 9h deste s\u00e1bado (10). Equipes dos Bombeiros de Andradina e da brigada de inc\u00eandio da pr\u00f3pria usina trabalham na tentativa de controlar as chamas e resfriar outros tanques da unidade para evitar novas explos\u00f5es.<\/p>\n<p>At\u00e9 o momento, n\u00e3o h\u00e1 informa\u00e7\u00f5es sobre o registro de v\u00edtimas em decorr\u00eancia do incidente. Tr\u00eas caminh\u00f5es-tanque dos Bombeiros de Andradina foram deslocados ao local. Assim como uma unidade de Resgate, para o socorro de eventuais v\u00edtimas.<\/p>\n<\/div>\n<\/div>\n<div style=\"text-align: justify;\">\n<p>Todas as vias de acesso \u00e0 usina foram interditadas para evitar a aproxima\u00e7\u00e3o de curiosos e prejudicar o trabalho dos Bombeiros, brigada de inc\u00eandio e demais ve\u00edculos usados para transportar \u00e1gua que est\u00e3o sendo usados na conten\u00e7\u00e3o das chamas e resfriamento do sistema de armazenamento de etanol.<\/p>\n<p><img loading=\"lazy\" decoding=\"async\" class=\"alignnone size-full wp-image-3349\" src=\"https:\/\/jorgezanoni.com.br\/2019\/wp-content\/uploads\/2019\/08\/usina-1.jpg\" alt=\"\" width=\"721\" height=\"1280\" srcset=\"https:\/\/jorgezanoni.com.br\/2019\/wp-content\/uploads\/2019\/08\/usina-1.jpg 721w, https:\/\/jorgezanoni.com.br\/2019\/wp-content\/uploads\/2019\/08\/usina-1-169x300.jpg 169w, https:\/\/jorgezanoni.com.br\/2019\/wp-content\/uploads\/2019\/08\/usina-1-577x1024.jpg 577w, https:\/\/jorgezanoni.com.br\/2019\/wp-content\/uploads\/2019\/08\/usina-1-696x1236.jpg 696w, https:\/\/jorgezanoni.com.br\/2019\/wp-content\/uploads\/2019\/08\/usina-1-237x420.jpg 237w\" sizes=\"auto, (max-width: 721px) 100vw, 721px\" \/><\/p>\n<p>A usina Ip\u00ea pertence ao Grupo Pedra Agroindustrial, que tem usinas em Nova Serrana, onde fica a sede da empresa, e tamb\u00e9m em Franca. A reportagem tentou contato com a assessoria de imprensa do grupo, mas n\u00e3o obteve retorno sobre o acidente em Nova Independ\u00eancia.<\/p>\n<p>Fonte: 018news.com.br)<\/p>\n<\/div>\n<div class=\"entry-content-inner margin-ads\" style=\"text-align: justify;\"><\/div>\n<\/div>\n<\/div>\n<\/div>\n","protected":false},"excerpt":{"rendered":"<p>Um inc\u00eandio de grande propor\u00e7\u00e3o consome um tanque cheio de etanol na usina Ip\u00ea, em Nova Independ\u00eancia, na regi\u00e3o de Andradina. O fogo \u00e9 decorrente de uma explos\u00e3o cuja causa ainda \u00e9 desconhecida, de acordo com o Corpo de Bombeiros. A explos\u00e3o teria ocorrido por volta das 9h deste s\u00e1bado (10). Equipes dos Bombeiros de [&hellip;]<\/p>\n","protected":false},"author":1,"featured_media":3342,"comment_status":"closed","ping_status":"open","sticky":false,"template":"","format":"standard","meta":{"footnotes":""},"categories":[110,2],"tags":[],"class_list":["post-3347","post","type-post","status-publish","format-standard","has-post-thumbnail","hentry","category-noticiasdestaque","category-policial"],"_links":{"self":[{"href":"https:\/\/jorgezanoni.com.br\/2019\/wp-json\/wp\/v2\/posts\/3347","targetHints":{"allow":["GET"]}}],"collection":[{"href":"https:\/\/jorgezanoni.com.br\/2019\/wp-json\/wp\/v2\/posts"}],"about":[{"href":"https:\/\/jorgezanoni.com.br\/2019\/wp-json\/wp\/v2\/types\/post"}],"author":[{"embeddable":true,"href":"https:\/\/jorgezanoni.com.br\/2019\/wp-json\/wp\/v2\/users\/1"}],"replies":[{"embeddable":true,"href":"https:\/\/jorgezanoni.com.br\/2019\/wp-json\/wp\/v2\/comments?post=3347"}],"version-history":[{"count":0,"href":"https:\/\/jorgezanoni.com.br\/2019\/wp-json\/wp\/v2\/posts\/3347\/revisions"}],"wp:featuredmedia":[{"embeddable":true,"href":"https:\/\/jorgezanoni.com.br\/2019\/wp-json\/wp\/v2\/media\/3342"}],"wp:attachment":[{"href":"https:\/\/jorgezanoni.com.br\/2019\/wp-json\/wp\/v2\/media?parent=3347"}],"wp:term":[{"taxonomy":"category","embeddable":true,"href":"https:\/\/jorgezanoni.com.br\/2019\/wp-json\/wp\/v2\/categories?post=3347"},{"taxonomy":"post_tag","embeddable":true,"href":"https:\/\/jorgezanoni.com.br\/2019\/wp-json\/wp\/v2\/tags?post=3347"}],"curies":[{"name":"wp","href":"https:\/\/api.w.org\/{rel}","templated":true}]}}