{"id":33438,"date":"2020-08-25T00:31:18","date_gmt":"2020-08-25T00:31:18","guid":{"rendered":"https:\/\/jorgezanoni.com.br\/2019\/?p=33438"},"modified":"2020-08-25T00:31:18","modified_gmt":"2020-08-25T00:31:18","slug":"mulher-leva-multa-de-r-3-mil-por-maus-tratos-a-cachorro-da-raca-bull-terrier-em-presidente-prudente","status":"publish","type":"post","link":"https:\/\/jorgezanoni.com.br\/2019\/mulher-leva-multa-de-r-3-mil-por-maus-tratos-a-cachorro-da-raca-bull-terrier-em-presidente-prudente\/","title":{"rendered":"Mulher leva multa de R$ 3 mil por maus-tratos a cachorro da ra\u00e7a bull terrier em Presidente Prudente"},"content":{"rendered":"<h2 class=\"content-head__subtitle\" style=\"text-align: justify;\"><strong>Pol\u00edcia Militar Ambiental compareceu \u00e0 resid\u00eancia nesta segunda-feira (24), no Jardim Humberto Salvador, ap\u00f3s uma den\u00fancia, e constatou les\u00f5es e feridas no animal.<\/strong><\/h2>\n<div class=\"mc-column content-text active-extra-styles \" data-block-type=\"unstyled\" data-block-weight=\"40\" data-block-id=\"2\">\n<p class=\"content-text__container \" style=\"text-align: justify;\" data-track-category=\"Link no Texto\" data-track-links=\"\">A Pol\u00edcia Militar Ambiental autuou nesta segunda-feira (24) uma mulher de 22 anos, moradora de\u00a0<a href=\"https:\/\/g1.globo.com\/sp\/presidente-prudente-regiao\/cidade\/presidente-prudente\/\">Presidente Prudente (SP)<\/a>, por maus-tratos a animal dom\u00e9stico, ap\u00f3s constatar les\u00f5es em um c\u00e3o da ra\u00e7a bull terrier em uma resid\u00eancia no Jardim Humberto Salvador.<\/p>\n<\/div>\n<div class=\"wall protected-content\">\n<div class=\"mc-column content-text active-extra-styles \" style=\"text-align: justify;\" data-block-type=\"unstyled\" data-block-weight=\"29\" data-block-id=\"3\">\n<p class=\"content-text__container \" data-track-category=\"Link no Texto\" data-track-links=\"\">Os policiais compareceram ao local para o atendimento de uma den\u00fancia de maus-tratos ao cachorro e, quando chegaram \u00e0 casa, tiveram autoriza\u00e7\u00e3o da moradora para uma vistoria no im\u00f3vel.<\/p>\n<\/div>\n<div class=\"mc-column content-text active-extra-styles \" style=\"text-align: justify;\" data-block-type=\"unstyled\" data-block-weight=\"24\" data-block-id=\"4\">\n<p class=\"content-text__container \" data-track-category=\"Link no Texto\" data-track-links=\"\">No quintal, os militares encontraram o c\u00e3o da ra\u00e7a bull terrier em situa\u00e7\u00e3o de maus-tratos, com machucados pelo corpo e feridas decorrentes de sarna.<\/p>\n<\/div>\n<div class=\"mc-column content-text active-extra-styles \" style=\"text-align: justify;\" data-block-type=\"unstyled\" data-block-weight=\"21\" data-block-id=\"5\">\n<p class=\"content-text__container \" data-track-category=\"Link no Texto\" data-track-links=\"\">Segundo a pol\u00edcia, a mulher disse que havia dado um banho com medicamento no cachorro, mas n\u00e3o tinha resolvido o problema.<\/p>\n<\/div>\n<div class=\"mc-column content-text active-extra-styles \" style=\"text-align: justify;\" data-block-type=\"unstyled\" data-block-weight=\"34\" data-block-id=\"6\">\n<p class=\"content-text__container \" data-track-category=\"Link no Texto\" data-track-links=\"\">Diante do flagrante, a mulher recebeu um auto de infra\u00e7\u00e3o ambiental, com multa no valor de R$ 3 mil, por praticar ato de maus-tratos a animal, conforme estabelece o artigo 29 da resolu\u00e7\u00e3o SMA-48\/2014.<\/p>\n<\/div>\n<div class=\"mc-column content-text active-extra-styles \" style=\"text-align: justify;\" data-block-type=\"unstyled\" data-block-weight=\"16\" data-block-id=\"7\">\n<p class=\"content-text__container \" data-track-category=\"Link no Texto\" data-track-links=\"\">O cachorro foi recolhido pelos policiais e encaminhado a uma cl\u00ednica para receber cuidados m\u00e9dicos veterin\u00e1rios.<\/p>\n<\/div>\n<div class=\"mc-column content-text active-extra-styles \" style=\"text-align: justify;\" data-block-type=\"unstyled\" data-block-weight=\"18\" data-block-id=\"8\">\n<p class=\"content-text__container \" data-track-category=\"Link no Texto\" data-track-links=\"\">Quando estiver em condi\u00e7\u00f5es de sa\u00fade, o animal ser\u00e1 destinado a uma Organiza\u00e7\u00e3o N\u00e3o-governamental (ONG), segundo a pol\u00edcia.<\/p>\n<\/div>\n<div class=\"mc-column content-text active-extra-styles \" style=\"text-align: justify;\" data-block-type=\"unstyled\" data-block-weight=\"28\" data-block-id=\"9\">\n<p class=\"content-text__container \" data-track-category=\"Link no Texto\" data-track-links=\"\">J\u00e1 a mulher, al\u00e9m da multa recebida, ainda ir\u00e1 responder penalmente ao crime de maus-tratos, conforme o artigo 32 da lei federal 9.605\/98, que tipifica os delitos ambientais.<\/p>\n<\/div>\n<div class=\"row medium-uncollapsed content-media content-photo\" style=\"text-align: justify;\" data-block-type=\"backstage-photo\" data-block-id=\"11\">\n<div class=\"column medium-22 large-20 medium-centered content-media__container\">\n<figure><img decoding=\"async\" class=\"i-amphtml-fill-content i-amphtml-replaced-content\" src=\"https:\/\/s2.glbimg.com\/2lYY7SzpXS6ccsK5nPna3130nPU=\/0x0:1600x900\/1008x0\/smart\/filters:strip_icc()\/i.s3.glbimg.com\/v1\/AUTH_59edd422c0c84a879bd37670ae4f538a\/internal_photos\/bs\/2019\/8\/R\/kGZUzyTdS9ic1jzvvBNw\/imagens-fortes.jpg\" srcset=\"\" alt=\"Aviso de imagens fortes \u2014 Foto: Arte\/G1\" \/><\/figure>\n<p class=\"content-media__description \">Aviso de imagens fortes \u2014 Foto: Arte\/G1<\/p>\n<\/div>\n<\/div>\n<div class=\"row medium-uncollapsed content-media content-photo\" style=\"text-align: justify;\" data-block-type=\"backstage-photo\" data-block-id=\"12\">\n<div class=\"mc-column content-media__container\">\n<figure><img decoding=\"async\" class=\"i-amphtml-fill-content i-amphtml-replaced-content\" src=\"https:\/\/s2.glbimg.com\/zj7vnB4SJkY37x9Cx4bWUr-pvgg=\/0x0:1280x960\/984x0\/smart\/filters:strip_icc()\/i.s3.glbimg.com\/v1\/AUTH_59edd422c0c84a879bd37670ae4f538a\/internal_photos\/bs\/2020\/W\/Z\/J3EtksQ0yuH7EFEA0kzA\/dog-1.jpg\" sizes=\"(max-width: 1242px) 648px, 100vw\" srcset=\"https:\/\/s2.glbimg.com\/rhZK9_Mo4jGC-_qBfwnCaFtdT2w=\/0x0:1280x960\/1000x0\/smart\/filters:strip_icc()\/i.s3.glbimg.com\/v1\/AUTH_59edd422c0c84a879bd37670ae4f538a\/internal_photos\/bs\/2020\/W\/Z\/J3EtksQ0yuH7EFEA0kzA\/dog-1.jpg 1000w, https:\/\/s2.glbimg.com\/zj7vnB4SJkY37x9Cx4bWUr-pvgg=\/0x0:1280x960\/984x0\/smart\/filters:strip_icc()\/i.s3.glbimg.com\/v1\/AUTH_59edd422c0c84a879bd37670ae4f538a\/internal_photos\/bs\/2020\/W\/Z\/J3EtksQ0yuH7EFEA0kzA\/dog-1.jpg 984w, https:\/\/s2.glbimg.com\/99gN5o6IhGCmHrDCj02yokVKV4I=\/0x0:1280x960\/640x0\/smart\/filters:strip_icc()\/i.s3.glbimg.com\/v1\/AUTH_59edd422c0c84a879bd37670ae4f538a\/internal_photos\/bs\/2020\/W\/Z\/J3EtksQ0yuH7EFEA0kzA\/dog-1.jpg 640w, https:\/\/s2.glbimg.com\/fc0SypSjJxZCTnaCLtbognCkWb0=\/0x0:1280x960\/600x0\/smart\/filters:strip_icc()\/i.s3.glbimg.com\/v1\/AUTH_59edd422c0c84a879bd37670ae4f538a\/internal_photos\/bs\/2020\/W\/Z\/J3EtksQ0yuH7EFEA0kzA\/dog-1.jpg 600w\" alt=\"Policiais flagraram maus-tratos a c\u00e3o da ra\u00e7a bull terrier em Presidente Prudente \u2014 Foto: Pol\u00edcia Militar Ambiental\" \/><\/figure>\n<p class=\"content-media__description \">Policiais flagraram maus-tratos a c\u00e3o da ra\u00e7a bull terrier em Presidente Prudente \u2014 Foto: Pol\u00edcia Militar Ambiental<\/p>\n<\/div>\n<\/div>\n<div class=\"row medium-uncollapsed content-media content-photo\" style=\"text-align: justify;\" data-block-type=\"backstage-photo\" data-block-id=\"13\">\n<div class=\"mc-column content-media__container\">\n<figure><img decoding=\"async\" class=\"i-amphtml-fill-content i-amphtml-replaced-content\" src=\"https:\/\/s2.glbimg.com\/o4DhKK3I4chF-1ZjqVx4_xDj6MI=\/0x0:1280x960\/984x0\/smart\/filters:strip_icc()\/i.s3.glbimg.com\/v1\/AUTH_59edd422c0c84a879bd37670ae4f538a\/internal_photos\/bs\/2020\/g\/A\/FxyOlmTdm3oSIKuiamGg\/dog-6.jpg\" sizes=\"(max-width: 1242px) 648px, 100vw\" srcset=\"https:\/\/s2.glbimg.com\/fhEbN33kgNobt1lk3mdbI94XCyg=\/0x0:1280x960\/1000x0\/smart\/filters:strip_icc()\/i.s3.glbimg.com\/v1\/AUTH_59edd422c0c84a879bd37670ae4f538a\/internal_photos\/bs\/2020\/g\/A\/FxyOlmTdm3oSIKuiamGg\/dog-6.jpg 1000w, https:\/\/s2.glbimg.com\/o4DhKK3I4chF-1ZjqVx4_xDj6MI=\/0x0:1280x960\/984x0\/smart\/filters:strip_icc()\/i.s3.glbimg.com\/v1\/AUTH_59edd422c0c84a879bd37670ae4f538a\/internal_photos\/bs\/2020\/g\/A\/FxyOlmTdm3oSIKuiamGg\/dog-6.jpg 984w, https:\/\/s2.glbimg.com\/H9g0LItIzrizqaIoDo-1xmSTb7g=\/0x0:1280x960\/640x0\/smart\/filters:strip_icc()\/i.s3.glbimg.com\/v1\/AUTH_59edd422c0c84a879bd37670ae4f538a\/internal_photos\/bs\/2020\/g\/A\/FxyOlmTdm3oSIKuiamGg\/dog-6.jpg 640w, https:\/\/s2.glbimg.com\/KZLOBB7UyapPWmlw-_xUG4wjxKY=\/0x0:1280x960\/600x0\/smart\/filters:strip_icc()\/i.s3.glbimg.com\/v1\/AUTH_59edd422c0c84a879bd37670ae4f538a\/internal_photos\/bs\/2020\/g\/A\/FxyOlmTdm3oSIKuiamGg\/dog-6.jpg 600w\" alt=\"Policiais flagraram maus-tratos a c\u00e3o da ra\u00e7a bull terrier em Presidente Prudente \u2014 Foto: Pol\u00edcia Militar Ambiental\" \/><\/figure>\n<p class=\"content-media__description \">Policiais flagraram maus-tratos a c\u00e3o da ra\u00e7a bull terrier em Presidente Prudente \u2014 Foto: Pol\u00edcia Militar Ambiental<\/p>\n<\/div>\n<\/div>\n<div class=\"row medium-uncollapsed content-media content-photo\" style=\"text-align: justify;\" data-block-type=\"backstage-photo\" data-block-id=\"15\">\n<div class=\"mc-column content-media__container\">\n<figure><img decoding=\"async\" class=\"i-amphtml-fill-content i-amphtml-replaced-content\" src=\"https:\/\/s2.glbimg.com\/zgzt92nuep6ycQd61ldgTGCD8HU=\/0x0:1280x960\/984x0\/smart\/filters:strip_icc()\/i.s3.glbimg.com\/v1\/AUTH_59edd422c0c84a879bd37670ae4f538a\/internal_photos\/bs\/2020\/o\/c\/sMGtn0RfugC5ucWBCCdQ\/dog-3.jpg\" sizes=\"(max-width: 1242px) 648px, 100vw\" srcset=\"https:\/\/s2.glbimg.com\/1NnJDF3ieGOs0NkZ4TK7DxwQmwc=\/0x0:1280x960\/1000x0\/smart\/filters:strip_icc()\/i.s3.glbimg.com\/v1\/AUTH_59edd422c0c84a879bd37670ae4f538a\/internal_photos\/bs\/2020\/o\/c\/sMGtn0RfugC5ucWBCCdQ\/dog-3.jpg 1000w, https:\/\/s2.glbimg.com\/zgzt92nuep6ycQd61ldgTGCD8HU=\/0x0:1280x960\/984x0\/smart\/filters:strip_icc()\/i.s3.glbimg.com\/v1\/AUTH_59edd422c0c84a879bd37670ae4f538a\/internal_photos\/bs\/2020\/o\/c\/sMGtn0RfugC5ucWBCCdQ\/dog-3.jpg 984w, https:\/\/s2.glbimg.com\/NXKiJWG68ihevD_JfZYRlWvek9U=\/0x0:1280x960\/640x0\/smart\/filters:strip_icc()\/i.s3.glbimg.com\/v1\/AUTH_59edd422c0c84a879bd37670ae4f538a\/internal_photos\/bs\/2020\/o\/c\/sMGtn0RfugC5ucWBCCdQ\/dog-3.jpg 640w, https:\/\/s2.glbimg.com\/f4uvIFYubZjUd5iH1X2N7f0ijxA=\/0x0:1280x960\/600x0\/smart\/filters:strip_icc()\/i.s3.glbimg.com\/v1\/AUTH_59edd422c0c84a879bd37670ae4f538a\/internal_photos\/bs\/2020\/o\/c\/sMGtn0RfugC5ucWBCCdQ\/dog-3.jpg 600w\" alt=\"Policiais flagraram maus-tratos a c\u00e3o da ra\u00e7a bull terrier em Presidente Prudente \u2014 Foto: Pol\u00edcia Militar Ambiental\" \/><\/figure>\n<p class=\"content-media__description \">Policiais flagraram maus-tratos a c\u00e3o da ra\u00e7a bull terrier em Presidente Prudente \u2014 Foto: Pol\u00edcia Militar Ambiental<\/p>\n<\/div>\n<\/div>\n<div class=\"row medium-uncollapsed content-media content-photo\" style=\"text-align: justify;\" data-block-type=\"backstage-photo\" data-block-id=\"16\">\n<div class=\"mc-column content-media__container\">\n<figure><img decoding=\"async\" class=\"i-amphtml-fill-content i-amphtml-replaced-content\" src=\"https:\/\/s2.glbimg.com\/V_7g8GcQAXdRWA8V6QSoMVexJjM=\/0x0:960x1280\/984x0\/smart\/filters:strip_icc()\/i.s3.glbimg.com\/v1\/AUTH_59edd422c0c84a879bd37670ae4f538a\/internal_photos\/bs\/2020\/M\/1\/76F3RYRDCJLSletdnvug\/dog-4.jpg\" sizes=\"(max-width: 1242px) 648px, 100vw\" srcset=\"https:\/\/s2.glbimg.com\/Qoyde67hJ9dflBvh_Ki-GQ15dTQ=\/0x0:960x1280\/1000x0\/smart\/filters:strip_icc()\/i.s3.glbimg.com\/v1\/AUTH_59edd422c0c84a879bd37670ae4f538a\/internal_photos\/bs\/2020\/M\/1\/76F3RYRDCJLSletdnvug\/dog-4.jpg 1000w, https:\/\/s2.glbimg.com\/V_7g8GcQAXdRWA8V6QSoMVexJjM=\/0x0:960x1280\/984x0\/smart\/filters:strip_icc()\/i.s3.glbimg.com\/v1\/AUTH_59edd422c0c84a879bd37670ae4f538a\/internal_photos\/bs\/2020\/M\/1\/76F3RYRDCJLSletdnvug\/dog-4.jpg 984w, https:\/\/s2.glbimg.com\/737XVLwH6TZflQrAjKj-Pje-Hes=\/0x0:960x1280\/640x0\/smart\/filters:strip_icc()\/i.s3.glbimg.com\/v1\/AUTH_59edd422c0c84a879bd37670ae4f538a\/internal_photos\/bs\/2020\/M\/1\/76F3RYRDCJLSletdnvug\/dog-4.jpg 640w, https:\/\/s2.glbimg.com\/ks_9ZQ6BzgBxSJ6JCk4oiaM_03s=\/0x0:960x1280\/600x0\/smart\/filters:strip_icc()\/i.s3.glbimg.com\/v1\/AUTH_59edd422c0c84a879bd37670ae4f538a\/internal_photos\/bs\/2020\/M\/1\/76F3RYRDCJLSletdnvug\/dog-4.jpg 600w\" alt=\"Policiais flagraram maus-tratos a c\u00e3o da ra\u00e7a bull terrier em Presidente Prudente \u2014 Foto: Pol\u00edcia Militar Ambiental\" \/><\/figure>\n<p class=\"content-media__description \">Policiais flagraram maus-tratos a c\u00e3o da ra\u00e7a bull terrier em Presidente Prudente \u2014 Foto: Pol\u00edcia Militar Ambiental<\/p>\n<\/div>\n<\/div>\n<div class=\"row medium-uncollapsed content-media content-photo\" data-block-type=\"backstage-photo\" data-block-id=\"17\">\n<div class=\"mc-column content-media__container\">\n<figure style=\"text-align: justify;\"><img decoding=\"async\" class=\"i-amphtml-fill-content i-amphtml-replaced-content\" src=\"https:\/\/s2.glbimg.com\/XvljPFdb-0EAgKRwL_tIzRHO-H4=\/0x0:960x1280\/984x0\/smart\/filters:strip_icc()\/i.s3.glbimg.com\/v1\/AUTH_59edd422c0c84a879bd37670ae4f538a\/internal_photos\/bs\/2020\/7\/L\/Lb21qUTNmjerInf7nOTw\/dog-5.jpg\" sizes=\"(max-width: 1242px) 648px, 100vw\" srcset=\"https:\/\/s2.glbimg.com\/jJco8wP6wkf67S38z4U9IdeXpY0=\/0x0:960x1280\/1000x0\/smart\/filters:strip_icc()\/i.s3.glbimg.com\/v1\/AUTH_59edd422c0c84a879bd37670ae4f538a\/internal_photos\/bs\/2020\/7\/L\/Lb21qUTNmjerInf7nOTw\/dog-5.jpg 1000w, https:\/\/s2.glbimg.com\/XvljPFdb-0EAgKRwL_tIzRHO-H4=\/0x0:960x1280\/984x0\/smart\/filters:strip_icc()\/i.s3.glbimg.com\/v1\/AUTH_59edd422c0c84a879bd37670ae4f538a\/internal_photos\/bs\/2020\/7\/L\/Lb21qUTNmjerInf7nOTw\/dog-5.jpg 984w, https:\/\/s2.glbimg.com\/RSc6AjhbPGWSg1IjOTrZNUEGq-k=\/0x0:960x1280\/640x0\/smart\/filters:strip_icc()\/i.s3.glbimg.com\/v1\/AUTH_59edd422c0c84a879bd37670ae4f538a\/internal_photos\/bs\/2020\/7\/L\/Lb21qUTNmjerInf7nOTw\/dog-5.jpg 640w, https:\/\/s2.glbimg.com\/oxLECrifj4L31y9M5WLNaXUT-b0=\/0x0:960x1280\/600x0\/smart\/filters:strip_icc()\/i.s3.glbimg.com\/v1\/AUTH_59edd422c0c84a879bd37670ae4f538a\/internal_photos\/bs\/2020\/7\/L\/Lb21qUTNmjerInf7nOTw\/dog-5.jpg 600w\" alt=\"Policiais flagraram maus-tratos a c\u00e3o da ra\u00e7a bull terrier em Presidente Prudente \u2014 Foto: Pol\u00edcia Militar Ambiental\" \/><\/figure>\n<p class=\"content-media__description \" style=\"text-align: justify;\">Policiais flagraram maus-tratos a c\u00e3o da ra\u00e7a bull terrier em Presidente Prudente \u2014 Foto: Pol\u00edcia Militar Ambiental<\/p>\n<p style=\"text-align: justify;\">Fonte: G1<\/p>\n<\/div>\n<\/div>\n<\/div>\n","protected":false},"excerpt":{"rendered":"<p>Pol\u00edcia Militar Ambiental compareceu \u00e0 resid\u00eancia nesta segunda-feira (24), no Jardim Humberto Salvador, ap\u00f3s uma den\u00fancia, e constatou les\u00f5es e feridas no animal. A Pol\u00edcia Militar Ambiental autuou nesta segunda-feira (24) uma mulher de 22 anos, moradora de\u00a0Presidente Prudente (SP), por maus-tratos a animal dom\u00e9stico, ap\u00f3s constatar les\u00f5es em um c\u00e3o da ra\u00e7a bull terrier [&hellip;]<\/p>\n","protected":false},"author":1,"featured_media":33439,"comment_status":"closed","ping_status":"open","sticky":false,"template":"","format":"standard","meta":{"footnotes":""},"categories":[110,2],"tags":[],"class_list":["post-33438","post","type-post","status-publish","format-standard","has-post-thumbnail","hentry","category-noticiasdestaque","category-policial"],"_links":{"self":[{"href":"https:\/\/jorgezanoni.com.br\/2019\/wp-json\/wp\/v2\/posts\/33438","targetHints":{"allow":["GET"]}}],"collection":[{"href":"https:\/\/jorgezanoni.com.br\/2019\/wp-json\/wp\/v2\/posts"}],"about":[{"href":"https:\/\/jorgezanoni.com.br\/2019\/wp-json\/wp\/v2\/types\/post"}],"author":[{"embeddable":true,"href":"https:\/\/jorgezanoni.com.br\/2019\/wp-json\/wp\/v2\/users\/1"}],"replies":[{"embeddable":true,"href":"https:\/\/jorgezanoni.com.br\/2019\/wp-json\/wp\/v2\/comments?post=33438"}],"version-history":[{"count":0,"href":"https:\/\/jorgezanoni.com.br\/2019\/wp-json\/wp\/v2\/posts\/33438\/revisions"}],"wp:featuredmedia":[{"embeddable":true,"href":"https:\/\/jorgezanoni.com.br\/2019\/wp-json\/wp\/v2\/media\/33439"}],"wp:attachment":[{"href":"https:\/\/jorgezanoni.com.br\/2019\/wp-json\/wp\/v2\/media?parent=33438"}],"wp:term":[{"taxonomy":"category","embeddable":true,"href":"https:\/\/jorgezanoni.com.br\/2019\/wp-json\/wp\/v2\/categories?post=33438"},{"taxonomy":"post_tag","embeddable":true,"href":"https:\/\/jorgezanoni.com.br\/2019\/wp-json\/wp\/v2\/tags?post=33438"}],"curies":[{"name":"wp","href":"https:\/\/api.w.org\/{rel}","templated":true}]}}