{"id":33429,"date":"2020-08-24T22:33:02","date_gmt":"2020-08-24T22:33:02","guid":{"rendered":"https:\/\/jorgezanoni.com.br\/2019\/?p=33429"},"modified":"2020-08-24T22:33:02","modified_gmt":"2020-08-24T22:33:02","slug":"forte-calor-mata-22-pessoas-em-toquio-sendo-que-20-nao-usavam-ar-condicionado","status":"publish","type":"post","link":"https:\/\/jorgezanoni.com.br\/2019\/forte-calor-mata-22-pessoas-em-toquio-sendo-que-20-nao-usavam-ar-condicionado\/","title":{"rendered":"Forte calor mata 22 pessoas em T\u00f3quio, sendo que 20 n\u00e3o usavam ar-condicionado"},"content":{"rendered":"<h2 class=\"descricao\" style=\"text-align: justify;\"><strong>No m\u00eas, a capital do Jap\u00e3o j\u00e1 contabiliza 170 mortes como consequ\u00eancia do calor.<\/strong><\/h2>\n<div style=\"text-align: justify;\"><b>T\u00f3quio<\/b>\u00a0\u2013 No m\u00eas de agosto morreram 170 em T\u00f3quio por consequ\u00eancias do forte calor que tem castigado o Jap\u00e3o, segundo publicou a NHK.<\/div>\n<div style=\"text-align: justify;\"><\/div>\n<div style=\"text-align: justify;\">De acordo com a Inspetoria Metropolitana de Assuntos M\u00e9dicos de T\u00f3quio, 22 pessoas morreram entre os dias 14 a 22 deste m\u00eas.<\/div>\n<div style=\"text-align: justify;\"><\/div>\n<div style=\"text-align: justify;\">Destas 22, pelo menos 21 estavam em ambientes fechados e, desse total ainda, 20 n\u00e3o usaram o ar-condicionado instalado.<\/div>\n<div style=\"text-align: justify;\"><\/div>\n<div style=\"text-align: justify;\">Por faixa et\u00e1ria, 11 pessoas tinham cerca de 70 anos de idade, seis estavam na casa dos 80 anos, tr\u00eas tinham perto de 90 anos, e as demais tinham 70 anos ou pouco mais.<\/div>\n<div style=\"text-align: justify;\"><\/div>\n<div style=\"text-align: justify;\">Foto: iStockphoto<\/div>\n<div style=\"text-align: justify;\">Fonte: https:\/\/www.alternativa.co.jp\/<\/div>\n","protected":false},"excerpt":{"rendered":"<p>No m\u00eas, a capital do Jap\u00e3o j\u00e1 contabiliza 170 mortes como consequ\u00eancia do calor. T\u00f3quio\u00a0\u2013 No m\u00eas de agosto morreram 170 em T\u00f3quio por consequ\u00eancias do forte calor que tem castigado o Jap\u00e3o, segundo publicou a NHK. De acordo com a Inspetoria Metropolitana de Assuntos M\u00e9dicos de T\u00f3quio, 22 pessoas morreram entre os dias 14 [&hellip;]<\/p>\n","protected":false},"author":1,"featured_media":33430,"comment_status":"closed","ping_status":"open","sticky":false,"template":"","format":"standard","meta":{"footnotes":""},"categories":[114,110],"tags":[],"class_list":["post-33429","post","type-post","status-publish","format-standard","has-post-thumbnail","hentry","category-geralecomercio","category-noticiasdestaque"],"_links":{"self":[{"href":"https:\/\/jorgezanoni.com.br\/2019\/wp-json\/wp\/v2\/posts\/33429","targetHints":{"allow":["GET"]}}],"collection":[{"href":"https:\/\/jorgezanoni.com.br\/2019\/wp-json\/wp\/v2\/posts"}],"about":[{"href":"https:\/\/jorgezanoni.com.br\/2019\/wp-json\/wp\/v2\/types\/post"}],"author":[{"embeddable":true,"href":"https:\/\/jorgezanoni.com.br\/2019\/wp-json\/wp\/v2\/users\/1"}],"replies":[{"embeddable":true,"href":"https:\/\/jorgezanoni.com.br\/2019\/wp-json\/wp\/v2\/comments?post=33429"}],"version-history":[{"count":0,"href":"https:\/\/jorgezanoni.com.br\/2019\/wp-json\/wp\/v2\/posts\/33429\/revisions"}],"wp:featuredmedia":[{"embeddable":true,"href":"https:\/\/jorgezanoni.com.br\/2019\/wp-json\/wp\/v2\/media\/33430"}],"wp:attachment":[{"href":"https:\/\/jorgezanoni.com.br\/2019\/wp-json\/wp\/v2\/media?parent=33429"}],"wp:term":[{"taxonomy":"category","embeddable":true,"href":"https:\/\/jorgezanoni.com.br\/2019\/wp-json\/wp\/v2\/categories?post=33429"},{"taxonomy":"post_tag","embeddable":true,"href":"https:\/\/jorgezanoni.com.br\/2019\/wp-json\/wp\/v2\/tags?post=33429"}],"curies":[{"name":"wp","href":"https:\/\/api.w.org\/{rel}","templated":true}]}}