{"id":33423,"date":"2020-08-24T16:13:48","date_gmt":"2020-08-24T16:13:48","guid":{"rendered":"https:\/\/jorgezanoni.com.br\/2019\/?p=33423"},"modified":"2020-08-24T16:13:48","modified_gmt":"2020-08-24T16:13:48","slug":"acidente-entre-carreta-caminhonete-e-carro-deixa-8-mortos-e-feridos-em-mg","status":"publish","type":"post","link":"https:\/\/jorgezanoni.com.br\/2019\/acidente-entre-carreta-caminhonete-e-carro-deixa-8-mortos-e-feridos-em-mg\/","title":{"rendered":"Acidente entre carreta, caminhonete e carro deixa 8 mortos e feridos em MG"},"content":{"rendered":"<p style=\"text-align: justify;\">\n<h2 class=\"content-head__subtitle\" style=\"text-align: justify;\">Batida entre os tr\u00eas ve\u00edculos foi no km 156 da BR-262, na noite deste domingo (23). Trecho entre S\u00e3o Domingos do Prata e Rio Casca.<\/h2>\n<div class=\"mc-column content-text active-extra-styles \" style=\"text-align: justify;\" data-block-type=\"unstyled\" data-block-weight=\"40\" data-block-id=\"2\">\n<p class=\"content-text__container \" data-track-category=\"Link no Texto\" data-track-links=\"\">Oito pessoas morreram e duas ficaram feridas<span class=\"highlight highlighted\">\u00a0em um acidente no km 156 da BR-262, entre as cidades de S\u00e3o Domingos do Prata e Rio Casca, na Regi\u00e3o da Zona da Mata, em Minas Gerais<\/span>, na noite deste domingo (23).<\/p>\n<\/div>\n<div class=\"wall protected-content\">\n<div class=\"mc-column content-text active-extra-styles \" data-block-type=\"unstyled\" data-block-weight=\"23\" data-block-id=\"3\">\n<p class=\"content-text__container \" style=\"text-align: justify;\" data-track-category=\"Link no Texto\" data-track-links=\"\">De acordo com o Corpo de Bombeiros, a batida envolveu uma carreta e dois carros \u2013 uma caminhonete Hilux e um Renault.<\/p>\n<div class=\"mc-column content-text active-extra-styles \" style=\"text-align: justify;\" data-block-type=\"unstyled\" data-block-weight=\"26\" data-block-id=\"5\">\n<p class=\"content-text__container \" data-track-category=\"Link no Texto\" data-track-links=\"\">O carreteiro ficou preso \u00e0s ferragens. Os bombeiros de S\u00e3o Domingos do Prata fizeram o socorro e o levaram para o Hospital Margarida, em Jo\u00e3o Monlevade.<\/p>\n<\/div>\n<div class=\"mc-column content-text active-extra-styles \" style=\"text-align: justify;\" data-block-type=\"unstyled\" data-block-weight=\"16\" data-block-id=\"6\">\n<p class=\"content-text__container \" data-track-category=\"Link no Texto\" data-track-links=\"\"><span class=\"highlight highlighted\">Na caminhonete havia cinco pessoas \u2013 todas morreram.<\/span> A placa \u00e9 de S\u00e3o Jo\u00e3o Del-Rei (MG).<\/p>\n<\/div>\n<div class=\"mc-column content-text active-extra-styles \" style=\"text-align: justify;\" data-block-type=\"unstyled\" data-block-weight=\"19\" data-block-id=\"8\">\n<p class=\"content-text__container \" data-track-category=\"Link no Texto\" data-track-links=\"\">No Renault, havia tr\u00eas adultos, que foram carbonizadas e morreram.\u00a0<span class=\"highlight highlighted\">Tamb\u00e9m havia uma crian\u00e7a de 2 anos, que sobreviveu.<\/span><\/p>\n<\/div>\n<div class=\"mc-column content-text active-extra-styles \" style=\"text-align: justify;\" data-block-type=\"unstyled\" data-block-weight=\"30\" data-block-id=\"9\">\n<p class=\"content-text__container \" data-track-category=\"Link no Texto\" data-track-links=\"\">Populares conseguiram retir\u00e1-la com vida da cadeirinha antes da destrui\u00e7\u00e3o do ve\u00edculo pelas chamas. Ela foi levada por populares para ser atendida no Hospital Arnaldo Gavazza Filho, em Ponte Nova.<\/p>\n<\/div>\n<div class=\"mc-column content-text active-extra-styles \" style=\"text-align: justify;\" data-block-type=\"unstyled\" data-block-weight=\"32\" data-block-id=\"10\">\n<p class=\"content-text__container \" data-track-category=\"Link no Texto\" data-track-links=\"\">At\u00e9 a \u00faltima atualiza\u00e7\u00e3o desta reportagem, n\u00e3o havia os nomes das oito pessoas que morreram e do adulto e crian\u00e7a que sobreviveram no acidente. A placa do Renault tamb\u00e9m n\u00e3o foi identificada.<\/p>\n<\/div>\n<div class=\"mc-column content-text active-extra-styles\" style=\"text-align: justify;\" data-block-type=\"raw\" data-block-weight=\"2\" data-block-id=\"11\">\n<div class=\"content-intertitle\">\n<h2>O acidente<\/h2>\n<\/div>\n<\/div>\n<div class=\"mc-column content-text active-extra-styles \" style=\"text-align: justify;\" data-block-type=\"unstyled\" data-block-weight=\"26\" data-block-id=\"12\">\n<p class=\"content-text__container \" data-track-category=\"Link no Texto\" data-track-links=\"\">De acordo com o Corpo de Bombeiros,\u00a0<span class=\"highlight highlighted\">o motorista da carreta perdeu o controle da dire\u00e7\u00e3o<\/span>\u00a0em uma ladeira, sentido Rio Casca, e tombou na pista.<\/p>\n<\/div>\n<div class=\"mc-column content-text active-extra-styles \" style=\"text-align: justify;\" data-block-type=\"unstyled\" data-block-weight=\"27\" data-block-id=\"13\">\n<p class=\"content-text__container \" data-track-category=\"Link no Texto\" data-track-links=\"\"><span class=\"highlight highlighted\">Os outros dois carros n\u00e3o conseguiram frear ou desviar e bateram na carreta.<\/span>\u00a0O bombeiros controlaram o inc\u00eandio antes que ele se alastrasse para os outros ve\u00edculos.<\/p>\n<\/div>\n<div class=\"mc-column content-text active-extra-styles \" data-block-type=\"unstyled\" data-block-weight=\"7\" data-block-id=\"14\">\n<p class=\"content-text__container \" style=\"text-align: justify;\" data-track-category=\"Link no Texto\" data-track-links=\"\">A carreta tinha placa de Caceres (MT).<\/p>\n<p style=\"text-align: justify;\" data-track-category=\"Link no Texto\" data-track-links=\"\">Fonte: https:\/\/g1.globo.com\/mg\/minas-gerais\/noticia\/2020\/08\/24\/acidente-entre-carreta-caminhonete-e-carro-deixa-8-mortos-em-rio-casca.ghtml<\/p>\n<\/div>\n<\/div>\n<\/div>\n","protected":false},"excerpt":{"rendered":"<p>Batida entre os tr\u00eas ve\u00edculos foi no km 156 da BR-262, na noite deste domingo (23). Trecho entre S\u00e3o Domingos do Prata e Rio Casca. Oito pessoas morreram e duas ficaram feridas\u00a0em um acidente no km 156 da BR-262, entre as cidades de S\u00e3o Domingos do Prata e Rio Casca, na Regi\u00e3o da Zona da [&hellip;]<\/p>\n","protected":false},"author":1,"featured_media":33424,"comment_status":"closed","ping_status":"open","sticky":false,"template":"","format":"standard","meta":{"footnotes":""},"categories":[170,110],"tags":[],"class_list":["post-33423","post","type-post","status-publish","format-standard","has-post-thumbnail","hentry","category-acidentes","category-noticiasdestaque"],"_links":{"self":[{"href":"https:\/\/jorgezanoni.com.br\/2019\/wp-json\/wp\/v2\/posts\/33423","targetHints":{"allow":["GET"]}}],"collection":[{"href":"https:\/\/jorgezanoni.com.br\/2019\/wp-json\/wp\/v2\/posts"}],"about":[{"href":"https:\/\/jorgezanoni.com.br\/2019\/wp-json\/wp\/v2\/types\/post"}],"author":[{"embeddable":true,"href":"https:\/\/jorgezanoni.com.br\/2019\/wp-json\/wp\/v2\/users\/1"}],"replies":[{"embeddable":true,"href":"https:\/\/jorgezanoni.com.br\/2019\/wp-json\/wp\/v2\/comments?post=33423"}],"version-history":[{"count":0,"href":"https:\/\/jorgezanoni.com.br\/2019\/wp-json\/wp\/v2\/posts\/33423\/revisions"}],"wp:featuredmedia":[{"embeddable":true,"href":"https:\/\/jorgezanoni.com.br\/2019\/wp-json\/wp\/v2\/media\/33424"}],"wp:attachment":[{"href":"https:\/\/jorgezanoni.com.br\/2019\/wp-json\/wp\/v2\/media?parent=33423"}],"wp:term":[{"taxonomy":"category","embeddable":true,"href":"https:\/\/jorgezanoni.com.br\/2019\/wp-json\/wp\/v2\/categories?post=33423"},{"taxonomy":"post_tag","embeddable":true,"href":"https:\/\/jorgezanoni.com.br\/2019\/wp-json\/wp\/v2\/tags?post=33423"}],"curies":[{"name":"wp","href":"https:\/\/api.w.org\/{rel}","templated":true}]}}