{"id":33420,"date":"2020-08-24T15:32:58","date_gmt":"2020-08-24T15:32:58","guid":{"rendered":"https:\/\/jorgezanoni.com.br\/2019\/?p=33420"},"modified":"2020-08-24T15:32:58","modified_gmt":"2020-08-24T15:32:58","slug":"primeiro-caso-de-reinfeccao-pelo-coronavirus-e-confirmado-anunciam-cientistas-em-hong-kong-oms-diz-que-e-possivel","status":"publish","type":"post","link":"https:\/\/jorgezanoni.com.br\/2019\/primeiro-caso-de-reinfeccao-pelo-coronavirus-e-confirmado-anunciam-cientistas-em-hong-kong-oms-diz-que-e-possivel\/","title":{"rendered":"Primeiro caso de reinfec\u00e7\u00e3o pelo coronav\u00edrus \u00e9 confirmado, anunciam cientistas em Hong Kong; OMS diz que &#8216;\u00e9 poss\u00edvel&#8217;"},"content":{"rendered":"<h2 class=\"content-head__subtitle\" style=\"text-align: justify;\"><strong>Pesquisadores testaram o c\u00f3digo gen\u00e9tico do v\u00edrus e afirmaram ter encontrado sequ\u00eancias diferentes na primeira e segunda infec\u00e7\u00e3o.<\/strong><\/h2>\n<div class=\"mc-column content-text active-extra-styles active-capital-letter\" data-block-type=\"unstyled\" data-block-weight=\"43\" data-block-id=\"1\">\n<p class=\"content-text__container theme-color-primary-first-letter\" style=\"text-align: justify;\" data-track-category=\"Link no Texto\" data-track-links=\"\">Cientistas em\u00a0<a href=\"https:\/\/g1.globo.com\/tudo-sobre\/hong-kong\/\">Hong Kong<\/a>\u00a0anunciaram, nesta segunda-feira (24), a confirma\u00e7\u00e3o do primeiro caso no mundo de reinfec\u00e7\u00e3o pelo novo coronav\u00edrus (<a href=\"https:\/\/g1.globo.com\/bemestar\/coronavirus\/noticia\/2020\/03\/24\/coronavirus-covid-19-sars-cov-2-e-mais-veja-a-explicacao-para-16-termos-usados-na-pandemia.ghtml\">Sars-CoV-2<\/a>). A pesquisa com o resultado foi aceita para publica\u00e7\u00e3o no &#8220;Clinical Infectious Diseases&#8221;, da editora da Universidade de Oxford, no Reino Unido.<\/p>\n<\/div>\n<div class=\"wall protected-content\">\n<div class=\"mc-column content-text active-extra-styles\" style=\"text-align: justify;\" data-block-type=\"raw\" data-block-weight=\"34\" data-block-id=\"2\">\n<blockquote class=\"content-blockquote theme-border-color-primary-before\"><p>&#8220;Um paciente aparentemente saud\u00e1vel e jovem teve um segundo caso de infec\u00e7\u00e3o pela Covid-19 diagnosticado 4 meses e meio depois do primeiro epis\u00f3dio&#8221;, declararam os cientistas, da Universidade de Hong Kong, em um comunicado.<\/p><\/blockquote>\n<\/div>\n<div class=\"mc-column content-text active-extra-styles \" style=\"text-align: justify;\" data-block-type=\"unstyled\" data-block-weight=\"45\" data-block-id=\"3\">\n<p class=\"content-text__container \" data-track-category=\"Link no Texto\" data-track-links=\"\">Os pesquisadores testaram o c\u00f3digo gen\u00e9tico do v\u00edrus e descobriram que o v\u00edrus da segunda infec\u00e7\u00e3o pertencia a uma linhagem diferente da primeira. Ao ser contaminado pela primeira vez, o paciente, um homem de 33 anos, teve apenas sintomas leves; na segunda, nenhum sintoma.<\/p>\n<\/div>\n<div class=\"mc-column content-text active-extra-styles\" style=\"text-align: justify;\" data-block-type=\"raw\" data-block-weight=\"35\" data-block-id=\"4\">\n<blockquote class=\"content-blockquote theme-border-color-primary-before\"><p>&#8220;Nossos resultados provam que a segunda infec\u00e7\u00e3o \u00e9 causada por um novo v\u00edrus, que ele adquiriu recentemente, em vez de uma dissemina\u00e7\u00e3o viral prolongada&#8221;, afirmou Kelvin Kai-Wang To, microbiologista cl\u00ednico da Universidade de Hong Kong.<\/p><\/blockquote>\n<\/div>\n<div class=\"mc-column content-text active-extra-styles \" style=\"text-align: justify;\" data-block-type=\"unstyled\" data-block-weight=\"51\" data-block-id=\"5\">\n<p class=\"content-text__container \" data-track-category=\"Link no Texto\" data-track-links=\"\">A pesquisadora Ester Sabino, da Faculdade de Medicina da\u00a0<a href=\"https:\/\/g1.globo.com\/educacao\/universidade\/usp\/\">USP<\/a>, que fez parte da\u00a0<a href=\"https:\/\/g1.globo.com\/bemestar\/coronavirus\/noticia\/2020\/06\/13\/pesquisadores-sequenciam-490-genomas-do-novo-coronavirus-no-brasil-e-localizam-3-predominantes.ghtml\">equipe que sequenciou o genoma do coronav\u00edrus no Brasil<\/a>, confirmou ao\u00a0<strong>G1\u00a0<\/strong>que, conforme a \u00e1rvore filogen\u00e9tica dos v\u00edrus, eles s\u00e3o diferentes (uma \u00e1rvore filogen\u00e9tica detalha as rela\u00e7\u00f5es entre v\u00e1rias esp\u00e9cies e as muta\u00e7\u00f5es que elas sofreram).<\/p>\n<\/div>\n<div class=\"mc-column content-text active-extra-styles\" style=\"text-align: justify;\" data-block-type=\"raw\" data-block-weight=\"31\" data-block-id=\"6\">\n<blockquote class=\"content-blockquote theme-border-color-primary-before\"><p>&#8220;Claramente, a origem da primeira amostra \u00e9 diferente da segunda. Portanto, \u00e9 uma reinfec\u00e7\u00e3o, e n\u00e3o um v\u00edrus que estava cronicamente na pessoa e sofreu muta\u00e7\u00e3o no decorrer do tempo&#8221;, afirma.<\/p><\/blockquote>\n<\/div>\n<div class=\"mc-column content-text active-extra-styles \" style=\"text-align: justify;\" data-block-type=\"unstyled\" data-block-weight=\"34\" data-block-id=\"7\">\n<p class=\"content-text__container \" data-track-category=\"Link no Texto\" data-track-links=\"\">Para a cientista, a principal consequ\u00eancia da descoberta \u00e9 que, com a reinfec\u00e7\u00e3o poss\u00edvel, a transmiss\u00e3o da doen\u00e7a se mant\u00e9m, porque mesmo pessoas que j\u00e1 tiveram a doen\u00e7a podem se infectar de novo.<\/p>\n<\/div>\n<div class=\"mc-column content-text active-extra-styles\" style=\"text-align: justify;\" data-block-type=\"raw\" data-block-weight=\"20\" data-block-id=\"8\">\n<blockquote class=\"content-blockquote theme-border-color-primary-before\"><p>&#8220;Isso tem consequ\u00eancia, porque voc\u00ea mant\u00e9m o v\u00edrus circulando por muito tempo. Endemia \u00e9 isso. \u00c9 um problema&#8221;, avalia Sabino.<\/p><\/blockquote>\n<\/div>\n<div class=\"mc-column content-text active-extra-styles\" style=\"text-align: justify;\" data-block-type=\"raw\" data-block-weight=\"11\" data-block-id=\"9\">\n<ul class=\"content-unordered-list\">\n<li><a href=\"https:\/\/g1.globo.com\/fantastico\/noticia\/2020\/03\/08\/quem-sao-as-brasileiras-que-sequenciaram-o-genoma-do-novo-coronavirus.ghtml\"><strong>Quem s\u00e3o as brasileiras que sequenciaram o genoma do novo coronav\u00edrus<\/strong><\/a><\/li>\n<\/ul>\n<\/div>\n<div class=\"content-ads content-ads--reveal\" style=\"text-align: justify;\" data-block-type=\"ads\" data-block-id=\"10\"><\/div>\n<div class=\"mc-column content-text active-extra-styles \" style=\"text-align: justify;\" data-block-type=\"unstyled\" data-block-weight=\"45\" data-block-id=\"11\">\n<p class=\"content-text__container \" data-track-category=\"Link no Texto\" data-track-links=\"\">Segundo os cientistas de Hong Kong, a segunda &#8220;vers\u00e3o&#8221; do v\u00edrus \u00e9 mais pr\u00f3xima \u00e0 que circulou na Europa entre julho e agosto (o paciente havia voltado de uma viagem \u00e0 Espanha). J\u00e1 o primeiro v\u00edrus era semelhante aos que circularam em mar\u00e7o e abril.<\/p>\n<\/div>\n<div class=\"mc-column content-text active-extra-styles\" style=\"text-align: justify;\" data-block-type=\"raw\" data-block-weight=\"5\" data-block-id=\"12\">\n<div class=\"content-intertitle\">\n<h2>OMS diz que &#8216;\u00e9 poss\u00edvel&#8217;<\/h2>\n<\/div>\n<\/div>\n<div class=\"mc-column content-text active-extra-styles \" style=\"text-align: justify;\" data-block-type=\"unstyled\" data-block-weight=\"27\" data-block-id=\"13\">\n<p class=\"content-text__container \" data-track-category=\"Link no Texto\" data-track-links=\"\">A l\u00edder t\u00e9cnica da Organiza\u00e7\u00e3o Mundial de Sa\u00fade (<a href=\"https:\/\/g1.globo.com\/tudo-sobre\/organizacao-mundial-de-saude\/\">OMS<\/a>), Maria van Kerkhove, disse que &#8220;\u00e9 poss\u00edvel&#8221; que este seja o primeiro caso confirmado de reinfec\u00e7\u00e3o no mundo.<\/p>\n<\/div>\n<div class=\"mc-column content-text active-extra-styles\" style=\"text-align: justify;\" data-block-type=\"raw\" data-block-weight=\"17\" data-block-id=\"14\">\n<blockquote class=\"content-blockquote theme-border-color-primary-before\"><p>&#8220;O que entendemos \u00e9 que pode ser um caso de reinfec\u00e7\u00e3o. \u00c9 poss\u00edvel&#8221;, afirmou a l\u00edder t\u00e9cnica.<\/p><\/blockquote>\n<\/div>\n<div class=\"row medium-uncollapsed content-media content-photo\" style=\"text-align: justify;\" data-block-type=\"backstage-photo\" data-block-id=\"15\">\n<div class=\"mc-column content-media__container\">\n<figure><img decoding=\"async\" class=\"i-amphtml-fill-content i-amphtml-replaced-content\" src=\"https:\/\/s2.glbimg.com\/6i20eGJDvf39w-KrCeMTC9JOH30=\/0x0:6118x4079\/984x0\/smart\/filters:strip_icc()\/i.s3.glbimg.com\/v1\/AUTH_59edd422c0c84a879bd37670ae4f538a\/internal_photos\/bs\/2020\/M\/c\/yjuiMKTKuZoelCwnzRxw\/dsc1876.jpg\" sizes=\"(max-width: 1242px) 648px, 100vw\" srcset=\"https:\/\/s2.glbimg.com\/sDoFBwsKcAX7bCeCY3CKK3F11hQ=\/0x0:6118x4079\/1000x0\/smart\/filters:strip_icc()\/i.s3.glbimg.com\/v1\/AUTH_59edd422c0c84a879bd37670ae4f538a\/internal_photos\/bs\/2020\/M\/c\/yjuiMKTKuZoelCwnzRxw\/dsc1876.jpg 1000w, https:\/\/s2.glbimg.com\/6i20eGJDvf39w-KrCeMTC9JOH30=\/0x0:6118x4079\/984x0\/smart\/filters:strip_icc()\/i.s3.glbimg.com\/v1\/AUTH_59edd422c0c84a879bd37670ae4f538a\/internal_photos\/bs\/2020\/M\/c\/yjuiMKTKuZoelCwnzRxw\/dsc1876.jpg 984w, https:\/\/s2.glbimg.com\/0HJ-zubrySVWRjd69IrkgfnQHZw=\/0x0:6118x4079\/640x0\/smart\/filters:strip_icc()\/i.s3.glbimg.com\/v1\/AUTH_59edd422c0c84a879bd37670ae4f538a\/internal_photos\/bs\/2020\/M\/c\/yjuiMKTKuZoelCwnzRxw\/dsc1876.jpg 640w, https:\/\/s2.glbimg.com\/N4McHbhhgHjDWJ2ILbGLKyLQWpM=\/0x0:6118x4079\/600x0\/smart\/filters:strip_icc()\/i.s3.glbimg.com\/v1\/AUTH_59edd422c0c84a879bd37670ae4f538a\/internal_photos\/bs\/2020\/M\/c\/yjuiMKTKuZoelCwnzRxw\/dsc1876.jpg 600w\" alt=\"Maria van Kerkhove, l\u00edder t\u00e9cnica do programa de emerg\u00eancias da OMS \u2014 Foto: Christopher Black\/OMS\" \/><\/figure>\n<p class=\"content-media__description \">Maria van Kerkhove, l\u00edder t\u00e9cnica do programa de emerg\u00eancias da OMS \u2014 Foto: Christopher Black\/OMS<\/p>\n<\/div>\n<\/div>\n<div class=\"mc-column content-text active-extra-styles \" style=\"text-align: justify;\" data-block-type=\"unstyled\" data-block-weight=\"66\" data-block-id=\"16\">\n<p class=\"content-text__container \" data-track-category=\"Link no Texto\" data-track-links=\"\">&#8220;Acho que \u00e9 importante colocar isso em contexto. Houve mais de 24 milh\u00f5es de casos relatados at\u00e9 agora, e precisamos olhar para isso a n\u00edvel de popula\u00e7\u00e3o. \u00c9 muito importante que documentemos isso, e, em pa\u00edses que podem fazer isso, que o sequenciamento seja feito. Isso ajudaria muito. Mas n\u00e3o podemos pular para nenhuma conclus\u00e3o, mesmo que esse seja o primeiro caso documentado de reinfec\u00e7\u00e3o&#8221;, disse.<\/p>\n<\/div>\n<div class=\"mc-column content-text active-extra-styles \" style=\"text-align: justify;\" data-block-type=\"unstyled\" data-block-weight=\"40\" data-block-id=\"17\">\n<p class=\"content-text__container \" data-track-category=\"Link no Texto\" data-track-links=\"\">Van Kerkhove lembrou ainda, que, segundo o que se sabe at\u00e9 agora, todos que s\u00e3o infectados pelo Sars-CoV-2 desenvolvem algum n\u00edvel de imunidade contra ele \u2013 a quest\u00e3o \u00e9 saber o qu\u00e3o protetora ela \u00e9 e\u00a0<a href=\"https:\/\/g1.globo.com\/bemestar\/coronavirus\/noticia\/2020\/07\/16\/sistema-imune-pode-ser-capaz-de-lembrar-da-covid-19-por-um-longo-tempo-aponta-estudo-publicado-na-nature.ghtml\">por quanto tempo dura<\/a>.<\/p>\n<\/div>\n<div class=\"mc-column content-text active-extra-styles \" data-block-type=\"unstyled\" data-block-weight=\"43\" data-block-id=\"19\">\n<p class=\"content-text__container \" style=\"text-align: justify;\" data-track-category=\"Link no Texto\" data-track-links=\"\">No Brasil, a USP apontou, no in\u00edcio do m\u00eas, um poss\u00edvel caso de reinfec\u00e7\u00e3o pela doen\u00e7a em uma t\u00e9cnica de enfermagem, em Ribeir\u00e3o Preto. Ela apresentou,\u00a0<a href=\"https:\/\/g1.globo.com\/sp\/ribeirao-preto-franca\/noticia\/2020\/08\/05\/usp-aponta-reinfeccao-de-paciente-recuperada-da-covid-19-50-dias-apos-1o-teste-positivo-em-ribeirao-preto.ghtml\">pela segunda vez, os sintomas da doen\u00e7a, e teve um segundo resultado positivo no teste diagn\u00f3stico<\/a>.<\/p>\n<p style=\"text-align: justify;\" data-track-category=\"Link no Texto\" data-track-links=\"\">Fonte: G1<\/p>\n<\/div>\n<\/div>\n","protected":false},"excerpt":{"rendered":"<p>Pesquisadores testaram o c\u00f3digo gen\u00e9tico do v\u00edrus e afirmaram ter encontrado sequ\u00eancias diferentes na primeira e segunda infec\u00e7\u00e3o. Cientistas em\u00a0Hong Kong\u00a0anunciaram, nesta segunda-feira (24), a confirma\u00e7\u00e3o do primeiro caso no mundo de reinfec\u00e7\u00e3o pelo novo coronav\u00edrus (Sars-CoV-2). A pesquisa com o resultado foi aceita para publica\u00e7\u00e3o no &#8220;Clinical Infectious Diseases&#8221;, da editora da Universidade de [&hellip;]<\/p>\n","protected":false},"author":1,"featured_media":33421,"comment_status":"closed","ping_status":"open","sticky":false,"template":"","format":"standard","meta":{"footnotes":""},"categories":[110,122],"tags":[],"class_list":["post-33420","post","type-post","status-publish","format-standard","has-post-thumbnail","hentry","category-noticiasdestaque","category-saudeeducacaoeconcurso"],"_links":{"self":[{"href":"https:\/\/jorgezanoni.com.br\/2019\/wp-json\/wp\/v2\/posts\/33420","targetHints":{"allow":["GET"]}}],"collection":[{"href":"https:\/\/jorgezanoni.com.br\/2019\/wp-json\/wp\/v2\/posts"}],"about":[{"href":"https:\/\/jorgezanoni.com.br\/2019\/wp-json\/wp\/v2\/types\/post"}],"author":[{"embeddable":true,"href":"https:\/\/jorgezanoni.com.br\/2019\/wp-json\/wp\/v2\/users\/1"}],"replies":[{"embeddable":true,"href":"https:\/\/jorgezanoni.com.br\/2019\/wp-json\/wp\/v2\/comments?post=33420"}],"version-history":[{"count":0,"href":"https:\/\/jorgezanoni.com.br\/2019\/wp-json\/wp\/v2\/posts\/33420\/revisions"}],"wp:featuredmedia":[{"embeddable":true,"href":"https:\/\/jorgezanoni.com.br\/2019\/wp-json\/wp\/v2\/media\/33421"}],"wp:attachment":[{"href":"https:\/\/jorgezanoni.com.br\/2019\/wp-json\/wp\/v2\/media?parent=33420"}],"wp:term":[{"taxonomy":"category","embeddable":true,"href":"https:\/\/jorgezanoni.com.br\/2019\/wp-json\/wp\/v2\/categories?post=33420"},{"taxonomy":"post_tag","embeddable":true,"href":"https:\/\/jorgezanoni.com.br\/2019\/wp-json\/wp\/v2\/tags?post=33420"}],"curies":[{"name":"wp","href":"https:\/\/api.w.org\/{rel}","templated":true}]}}