{"id":33417,"date":"2020-08-24T15:16:01","date_gmt":"2020-08-24T15:16:01","guid":{"rendered":"https:\/\/jorgezanoni.com.br\/2019\/?p=33417"},"modified":"2020-08-24T15:16:01","modified_gmt":"2020-08-24T15:16:01","slug":"menino-de-11-anos-morre-apos-receber-descarga-eletrica-de-celular-que-estava-carregando","status":"publish","type":"post","link":"https:\/\/jorgezanoni.com.br\/2019\/menino-de-11-anos-morre-apos-receber-descarga-eletrica-de-celular-que-estava-carregando\/","title":{"rendered":"Menino de 11 anos morre ap\u00f3s receber descarga el\u00e9trica de celular que estava carregando"},"content":{"rendered":"<h2 class=\"content-head__subtitle\" style=\"text-align: justify;\"><strong>O acidente aconteceu por volta das 14h, no bairro Mararu, quando o garoto brincava no aparelho em companhia de quatro primos.<\/strong><\/h2>\n<div class=\"mc-column content-text active-extra-styles \" data-block-type=\"unstyled\" data-block-weight=\"54\" data-block-id=\"2\">\n<p class=\"content-text__container \" style=\"text-align: justify;\" data-track-category=\"Link no Texto\" data-track-links=\"\">O menino Matheus Macedo Campos, de apenas 11 anos, morreu na tarde de domingo (23), ap\u00f3s descarga el\u00e9trica recebida enquanto usava um telefone celular que estava carregando em sua casa, em Santar\u00e9m, oeste do Par\u00e1. Ele foi socorrido e levado ao Hospital Municipal Dr. Alberto Tolentino Sotelo, mas n\u00e3o resistiu a uma parada cardiorrespirat\u00f3ria.<\/p>\n<\/div>\n<div class=\"wall protected-content\">\n<div class=\"mc-column content-text active-extra-styles \" style=\"text-align: justify;\" data-block-type=\"unstyled\" data-block-weight=\"50\" data-block-id=\"3\">\n<p class=\"content-text__container \" data-track-category=\"Link no Texto\" data-track-links=\"\">O acidente aconteceu por volta das 14h, no bairro Mararu, na resid\u00eancia da fam\u00edlia de Matheus Macedo Campos, quando o garoto brincava com o aparelho em companhia de quatro primos. Chovia em Santar\u00e9m. A cidade registrou cerca de 12 horas de chuva, e durante a madrugada houve registro de raios.<\/p>\n<\/div>\n<div class=\"mc-column content-text active-extra-styles \" style=\"text-align: justify;\" data-block-type=\"unstyled\" data-block-weight=\"46\" data-block-id=\"4\">\n<p class=\"content-text__container \" data-track-category=\"Link no Texto\" data-track-links=\"\">&#8220;Eles estavam brincando com os celulares. Foi tudo muito r\u00e1pido. Deu um curto-circuito, acho que estavam usando um benjamim (adaptador) para carregar os aparelhos na mesma tomada, mas foi s\u00f3 ele que recebeu a descarga&#8221;, contou a av\u00f3 de Matheus, Maria Raimunda Campos Brito, ao\u00a0<strong>G1<\/strong>.<\/p>\n<\/div>\n<div class=\"mc-column content-text active-extra-styles \" data-block-type=\"unstyled\" data-block-weight=\"33\" data-block-id=\"5\">\n<p class=\"content-text__container \" style=\"text-align: justify;\" data-track-category=\"Link no Texto\" data-track-links=\"\">Edimara Caroline Rodrigues, prima de Matheus, contou que o garoto brincava com os primos na varanda da casa. Ele estava deitado no ch\u00e3o, em cima de uma toalha quando recebeu a descarga el\u00e9trica.<\/p>\n<div class=\"mc-column content-text active-extra-styles \" style=\"text-align: justify;\" data-block-type=\"unstyled\" data-block-weight=\"40\" data-block-id=\"8\">\n<p class=\"content-text__container \" data-track-category=\"Link no Texto\" data-track-links=\"\">O Servi\u00e7o de Atendimento M\u00f3vel de Urg\u00eancia (Samu) foi acionado, e os familiares do menino o levaram ao hospital em ve\u00edculo particular. A caminho do hospital, no cruzamento da avenida Curu\u00e1-Una, eles encontraram a ambul\u00e2ncia, para onde transferiram o garoto.<\/p>\n<\/div>\n<div class=\"mc-column content-text active-extra-styles \" style=\"text-align: justify;\" data-block-type=\"unstyled\" data-block-weight=\"39\" data-block-id=\"9\">\n<p class=\"content-text__container \" data-track-category=\"Link no Texto\" data-track-links=\"\">Neste momento, ele j\u00e1 havia sofrido uma parada cardiorrespirat\u00f3ria. Recebeu manobras de reanima\u00e7\u00e3o, e seu cora\u00e7\u00e3o voltou a bater. Na chegada ao hospital, a crian\u00e7a teve mais uma parada e, mesmo ap\u00f3s novas tentativas de reanima\u00e7\u00e3o, n\u00e3o reagiu mais.<\/p>\n<\/div>\n<div class=\"mc-column content-text active-extra-styles\" style=\"text-align: justify;\" data-block-type=\"raw\" data-block-weight=\"4\" data-block-id=\"10\">\n<div class=\"content-intertitle\">\n<h2>Risco de choques el\u00e9tricos<\/h2>\n<\/div>\n<\/div>\n<div class=\"mc-column content-text active-extra-styles \" style=\"text-align: justify;\" data-block-type=\"unstyled\" data-block-weight=\"43\" data-block-id=\"11\">\n<p class=\"content-text__container \" data-track-category=\"Link no Texto\" data-track-links=\"\"><span class=\"highlight highlighted\">O caso acendeu o alerta para os riscos de uso de equipamentos ligados \u00e0 tomada em dias de chuva, como foi o \u00faltimo domingo em Santar\u00e9m<\/span>. A cidade registrou cerca de 12 horas de chuvas, com registro de raios durante a madrugada.<\/p>\n<\/div>\n<div class=\"mc-column content-text active-extra-styles \" style=\"text-align: justify;\" data-block-type=\"unstyled\" data-block-weight=\"39\" data-block-id=\"12\">\n<p class=\"content-text__container \" data-track-category=\"Link no Texto\" data-track-links=\"\">De acordo com dados do 4\u00ba Grupamento de Bombeiros Militar, de janeiro a 23 de agosto deste ano, j\u00e1 foram 44 ocorr\u00eancias relacionadas a descarga el\u00e9trica em Santar\u00e9m e regi\u00e3o. No mesmo per\u00edodo do ano passado foram 36 registros.<\/p>\n<\/div>\n<div class=\"mc-column content-text active-extra-styles\" style=\"text-align: justify;\" data-block-type=\"raw\" data-block-weight=\"29\" data-block-id=\"13\">\n<blockquote class=\"content-blockquote theme-border-color-primary-before\"><p>&#8220;N\u00f3s estamos inconsol\u00e1veis com essa trag\u00e9dia. Meu neto n\u00e3o voltar\u00e1 mais. Mas que seja exemplo pra muitos que teimam em usar o celular ligado ao carregador&#8221;, alertou Maria Raimunda.<\/p><\/blockquote>\n<\/div>\n<div class=\"mc-column content-text active-extra-styles \" style=\"text-align: justify;\" data-block-type=\"unstyled\" data-block-weight=\"39\" data-block-id=\"14\">\n<p class=\"content-text__container \" data-track-category=\"Link no Texto\" data-track-links=\"\">De acordo com o executivo da distribuidora de energia Equatorial Par\u00e1, Danilo Almeida, utilizar equipamentos molhados ou em locais inundados, ou mesmo manusear equipamentos el\u00e9tricos estando com o corpo molhado ou descal\u00e7o, aumentam o risco de choque el\u00e9trico.<\/p>\n<\/div>\n<div class=\"mc-column content-text active-extra-styles \" style=\"text-align: justify;\" data-block-type=\"unstyled\" data-block-weight=\"84\" data-block-id=\"15\">\n<p class=\"content-text__container \" data-track-category=\"Link no Texto\" data-track-links=\"\">&#8220;Nos \u00faltimos dias a nossa regi\u00e3o tem sido castigada por fortes chuvas, e com elas v\u00eam tamb\u00e9m descargas atmosf\u00e9ricas que podem representar riscos \u00e0 seguran\u00e7a e \u00e0 rede de energia el\u00e9trica. A gente refor\u00e7a que n\u00e3o se deve ligar qualquer aparelho eletrodom\u00e9stico \u00e0s tomadas durante chuvas com raios, chuveiros el\u00e9tricos tamb\u00e9m n\u00e3o devem ser usados, cuidado com antenas de Tv no per\u00edodo de forma\u00e7\u00e3o da chuva. Muito cuidado tamb\u00e9m com uso de celular conectado \u00e0 tomada, principalmente se estiver com fone de ouvido&#8221;, alertou.<\/p>\n<\/div>\n<div class=\"content-ads content-ads--reveal\" style=\"text-align: justify;\" data-block-type=\"ads\" data-block-id=\"16\"><\/div>\n<div class=\"mc-column content-text active-extra-styles \" style=\"text-align: justify;\" data-block-type=\"unstyled\" data-block-weight=\"44\" data-block-id=\"17\">\n<p class=\"content-text__container \" data-track-category=\"Link no Texto\" data-track-links=\"\">Outro alerta \u00e9 em rela\u00e7\u00e3o ao uso de carregadores piratas. Os produtos originais s\u00e3o homologados pela Anatel (Ag\u00eancia Nacional de Telecomunica\u00e7\u00f5es). O choque el\u00e9trico com celular pode causar queimaduras cut\u00e2neas, les\u00f5es a \u00f3rg\u00e3os internos e outros tecidos brandos, arritmias card\u00edacas e parada respirat\u00f3ria.<\/p>\n<\/div>\n<div class=\"mc-column content-text active-extra-styles \" style=\"text-align: justify;\" data-block-type=\"unstyled\" data-block-weight=\"17\" data-block-id=\"18\">\n<p class=\"content-text__container \" data-track-category=\"Link no Texto\" data-track-links=\"\">O executivo tamb\u00e9m tamb\u00e9m chama aten\u00e7\u00e3o para outros cuidados que deem ser adotados em dias chuvosos, como:<\/p>\n<\/div>\n<div class=\"mc-column content-text active-extra-styles\" style=\"text-align: justify;\" data-block-type=\"raw\" data-block-weight=\"36\" data-block-id=\"19\">\n<ul class=\"content-unordered-list\">\n<li>Desligar imediatamente os disjuntores em casos de inunda\u00e7\u00e3o.<\/li>\n<li>Equipamentos que n\u00e3o estiverem sendo utilizados, devem ficar desligados da tomada.<\/li>\n<li>Nunca se aproximar de cabos ou fio partidos em vias. Entrar em contato imediatamente com a empresa.<\/li>\n<\/ul>\n<\/div>\n<div class=\"mc-column content-text active-extra-styles \" data-block-type=\"unstyled\" data-block-weight=\"23\" data-block-id=\"20\">\n<p class=\"content-text__container \" style=\"text-align: justify;\" data-track-category=\"Link no Texto\" data-track-links=\"\">As redes el\u00e9tricas podem esconder problemas, ainda mais se as estruturas forem muito antigas e n\u00e3o passarem por manuten\u00e7\u00e3o preventiva com frequ\u00eancia.<\/p>\n<p style=\"text-align: justify;\" data-track-category=\"Link no Texto\" data-track-links=\"\">Fonte: G1<\/p>\n<\/div>\n<\/div>\n<\/div>\n","protected":false},"excerpt":{"rendered":"<p>O acidente aconteceu por volta das 14h, no bairro Mararu, quando o garoto brincava no aparelho em companhia de quatro primos. O menino Matheus Macedo Campos, de apenas 11 anos, morreu na tarde de domingo (23), ap\u00f3s descarga el\u00e9trica recebida enquanto usava um telefone celular que estava carregando em sua casa, em Santar\u00e9m, oeste do [&hellip;]<\/p>\n","protected":false},"author":1,"featured_media":33418,"comment_status":"closed","ping_status":"open","sticky":false,"template":"","format":"standard","meta":{"footnotes":""},"categories":[110,2],"tags":[],"class_list":["post-33417","post","type-post","status-publish","format-standard","has-post-thumbnail","hentry","category-noticiasdestaque","category-policial"],"_links":{"self":[{"href":"https:\/\/jorgezanoni.com.br\/2019\/wp-json\/wp\/v2\/posts\/33417","targetHints":{"allow":["GET"]}}],"collection":[{"href":"https:\/\/jorgezanoni.com.br\/2019\/wp-json\/wp\/v2\/posts"}],"about":[{"href":"https:\/\/jorgezanoni.com.br\/2019\/wp-json\/wp\/v2\/types\/post"}],"author":[{"embeddable":true,"href":"https:\/\/jorgezanoni.com.br\/2019\/wp-json\/wp\/v2\/users\/1"}],"replies":[{"embeddable":true,"href":"https:\/\/jorgezanoni.com.br\/2019\/wp-json\/wp\/v2\/comments?post=33417"}],"version-history":[{"count":0,"href":"https:\/\/jorgezanoni.com.br\/2019\/wp-json\/wp\/v2\/posts\/33417\/revisions"}],"wp:featuredmedia":[{"embeddable":true,"href":"https:\/\/jorgezanoni.com.br\/2019\/wp-json\/wp\/v2\/media\/33418"}],"wp:attachment":[{"href":"https:\/\/jorgezanoni.com.br\/2019\/wp-json\/wp\/v2\/media?parent=33417"}],"wp:term":[{"taxonomy":"category","embeddable":true,"href":"https:\/\/jorgezanoni.com.br\/2019\/wp-json\/wp\/v2\/categories?post=33417"},{"taxonomy":"post_tag","embeddable":true,"href":"https:\/\/jorgezanoni.com.br\/2019\/wp-json\/wp\/v2\/tags?post=33417"}],"curies":[{"name":"wp","href":"https:\/\/api.w.org\/{rel}","templated":true}]}}