{"id":33414,"date":"2020-08-24T14:28:41","date_gmt":"2020-08-24T14:28:41","guid":{"rendered":"https:\/\/jorgezanoni.com.br\/2019\/?p=33414"},"modified":"2020-08-24T14:28:41","modified_gmt":"2020-08-24T14:28:41","slug":"abrandamento-na-reentrada-dos-estrangeiros-no-japao","status":"publish","type":"post","link":"https:\/\/jorgezanoni.com.br\/2019\/abrandamento-na-reentrada-dos-estrangeiros-no-japao\/","title":{"rendered":"Abrandamento na reentrada dos estrangeiros no Jap\u00e3o"},"content":{"rendered":"<h3 class=\"subheader image-behind-title xt-post-excerpt\" style=\"text-align: justify;\"><strong>O residente estrangeiro que voltou para seu pa\u00eds de origem e n\u00e3o conseguia retornar vai poder, sob condi\u00e7\u00f5es iguais \u00e0s aplicadas aos japoneses.<\/strong><\/h3>\n<p style=\"text-align: justify;\">O governo informou que vai abrandar a reentrada, a partir de setembro, para os estrangeiros com visto de resid\u00eancia que n\u00e3o conseguiam voltar ao Jap\u00e3o por causa da medida aplicada em face \u00e0 pandemia do novo coronav\u00edrus.<\/p>\n<p style=\"text-align: justify;\">Essa decis\u00e3o facilitar\u00e1 a volta dos estudantes, estagi\u00e1rios t\u00e9cnicos, executivos, residentes com visto permanente e outros que t\u00eam o Jap\u00e3o como base para viver.<\/p>\n<p style=\"text-align: justify;\">Esse relaxamento acontecer\u00e1 sob duas condi\u00e7\u00f5es: de passar pelo teste PCR e ficar em quarentena \u2013 14 dias \u2013 em hotel. S\u00e3o as mesmas aplicadas aos cidad\u00e3os japoneses que retornam do exterior.<\/p>\n<p style=\"text-align: justify;\">Assim, os estrangeiros de 146 pa\u00edses e regi\u00f5es que est\u00e3o com re-entry controlada, a menos que comprove circunst\u00e2ncia especial, poder\u00e3o voltar.<\/p>\n<p style=\"text-align: justify;\">H\u00e1 cerca de 2,6 milh\u00f5es de estrangeiros com status de residente. O governo vai instalar um sistema de inspe\u00e7\u00e3o em tr\u00eas aeroportos, incluindo o de Narita, durante o pr\u00f3ximo m\u00eas a fim de atender \u00e0 demanda devido ao relaxamento das restri\u00e7\u00f5es. H\u00e1 um planejamento para aplicar testes PCR em 10 mil passageiros por dia.<\/p>\n<p>Fontes: NHK e Nikkei Shimbum<\/p>\n","protected":false},"excerpt":{"rendered":"<p>O residente estrangeiro que voltou para seu pa\u00eds de origem e n\u00e3o conseguia retornar vai poder, sob condi\u00e7\u00f5es iguais \u00e0s aplicadas aos japoneses. O governo informou que vai abrandar a reentrada, a partir de setembro, para os estrangeiros com visto de resid\u00eancia que n\u00e3o conseguiam voltar ao Jap\u00e3o por causa da medida aplicada em face [&hellip;]<\/p>\n","protected":false},"author":1,"featured_media":33415,"comment_status":"closed","ping_status":"open","sticky":false,"template":"","format":"standard","meta":{"footnotes":""},"categories":[114,110],"tags":[],"class_list":["post-33414","post","type-post","status-publish","format-standard","has-post-thumbnail","hentry","category-geralecomercio","category-noticiasdestaque"],"_links":{"self":[{"href":"https:\/\/jorgezanoni.com.br\/2019\/wp-json\/wp\/v2\/posts\/33414","targetHints":{"allow":["GET"]}}],"collection":[{"href":"https:\/\/jorgezanoni.com.br\/2019\/wp-json\/wp\/v2\/posts"}],"about":[{"href":"https:\/\/jorgezanoni.com.br\/2019\/wp-json\/wp\/v2\/types\/post"}],"author":[{"embeddable":true,"href":"https:\/\/jorgezanoni.com.br\/2019\/wp-json\/wp\/v2\/users\/1"}],"replies":[{"embeddable":true,"href":"https:\/\/jorgezanoni.com.br\/2019\/wp-json\/wp\/v2\/comments?post=33414"}],"version-history":[{"count":0,"href":"https:\/\/jorgezanoni.com.br\/2019\/wp-json\/wp\/v2\/posts\/33414\/revisions"}],"wp:featuredmedia":[{"embeddable":true,"href":"https:\/\/jorgezanoni.com.br\/2019\/wp-json\/wp\/v2\/media\/33415"}],"wp:attachment":[{"href":"https:\/\/jorgezanoni.com.br\/2019\/wp-json\/wp\/v2\/media?parent=33414"}],"wp:term":[{"taxonomy":"category","embeddable":true,"href":"https:\/\/jorgezanoni.com.br\/2019\/wp-json\/wp\/v2\/categories?post=33414"},{"taxonomy":"post_tag","embeddable":true,"href":"https:\/\/jorgezanoni.com.br\/2019\/wp-json\/wp\/v2\/tags?post=33414"}],"curies":[{"name":"wp","href":"https:\/\/api.w.org\/{rel}","templated":true}]}}