{"id":33408,"date":"2020-08-24T13:59:39","date_gmt":"2020-08-24T13:59:39","guid":{"rendered":"https:\/\/jorgezanoni.com.br\/2019\/?p=33408"},"modified":"2020-08-24T13:59:39","modified_gmt":"2020-08-24T13:59:39","slug":"motociclista-de-22-anos-morre-apos-choque-de-moto-em-arvore","status":"publish","type":"post","link":"https:\/\/jorgezanoni.com.br\/2019\/motociclista-de-22-anos-morre-apos-choque-de-moto-em-arvore\/","title":{"rendered":"Motociclista de 22 anos morre ap\u00f3s choque de moto em \u00e1rvore"},"content":{"rendered":"<p style=\"text-align: justify;\">Matheus Tiva, de 22 anos, morreu na noite deste s\u00e1bado (22), em Tup\u00e3, ap\u00f3s perder o controle da moto que pilotava, quando ent\u00e3o o ve\u00edculo chocou-se violentamente contra uma \u00e1rvore existente no canteiro central da avenida Luiz Gonzaga Junqueira.<\/p>\n<p style=\"text-align: justify;\">O acidente mobilizou, inicialmente, equipes da Pol\u00edcia Militar e do Corpo de Bombeiros. Os socorristas prestaram atendimento \u00e0 v\u00edtima, que foi imobilizada e levada ao pronto-socorro da Santa Casa de Tup\u00e3, mas n\u00e3o resistiu \u00e0 intensidade dos ferimentos e morreu.<\/p>\n<p style=\"text-align: justify;\">A pol\u00edcia cient\u00edfica tamb\u00e9m foi mobilizada para o trabalho pericial no local. As circunst\u00e2ncias do acidente ser\u00e3o investigadas pela Pol\u00edcia Civil.<\/p>\n<p style=\"text-align: justify;\">Matheus trabalhava em uma loja de conveni\u00eancia, em Tup\u00e3. Seu corpo ser\u00e1 transladado para Embu das Artes, na regi\u00e3o metropolitana de S\u00e3o Paulo, onde ser\u00e1 sepultado.<\/p>\n<p style=\"text-align: justify;\">Fonte: Mais Tup\u00e3<\/p>\n","protected":false},"excerpt":{"rendered":"<p>Matheus Tiva, de 22 anos, morreu na noite deste s\u00e1bado (22), em Tup\u00e3, ap\u00f3s perder o controle da moto que pilotava, quando ent\u00e3o o ve\u00edculo chocou-se violentamente contra uma \u00e1rvore existente no canteiro central da avenida Luiz Gonzaga Junqueira. O acidente mobilizou, inicialmente, equipes da Pol\u00edcia Militar e do Corpo de Bombeiros. Os socorristas prestaram [&hellip;]<\/p>\n","protected":false},"author":1,"featured_media":33409,"comment_status":"closed","ping_status":"open","sticky":false,"template":"","format":"standard","meta":{"footnotes":""},"categories":[170,110],"tags":[],"class_list":["post-33408","post","type-post","status-publish","format-standard","has-post-thumbnail","hentry","category-acidentes","category-noticiasdestaque"],"_links":{"self":[{"href":"https:\/\/jorgezanoni.com.br\/2019\/wp-json\/wp\/v2\/posts\/33408","targetHints":{"allow":["GET"]}}],"collection":[{"href":"https:\/\/jorgezanoni.com.br\/2019\/wp-json\/wp\/v2\/posts"}],"about":[{"href":"https:\/\/jorgezanoni.com.br\/2019\/wp-json\/wp\/v2\/types\/post"}],"author":[{"embeddable":true,"href":"https:\/\/jorgezanoni.com.br\/2019\/wp-json\/wp\/v2\/users\/1"}],"replies":[{"embeddable":true,"href":"https:\/\/jorgezanoni.com.br\/2019\/wp-json\/wp\/v2\/comments?post=33408"}],"version-history":[{"count":0,"href":"https:\/\/jorgezanoni.com.br\/2019\/wp-json\/wp\/v2\/posts\/33408\/revisions"}],"wp:featuredmedia":[{"embeddable":true,"href":"https:\/\/jorgezanoni.com.br\/2019\/wp-json\/wp\/v2\/media\/33409"}],"wp:attachment":[{"href":"https:\/\/jorgezanoni.com.br\/2019\/wp-json\/wp\/v2\/media?parent=33408"}],"wp:term":[{"taxonomy":"category","embeddable":true,"href":"https:\/\/jorgezanoni.com.br\/2019\/wp-json\/wp\/v2\/categories?post=33408"},{"taxonomy":"post_tag","embeddable":true,"href":"https:\/\/jorgezanoni.com.br\/2019\/wp-json\/wp\/v2\/tags?post=33408"}],"curies":[{"name":"wp","href":"https:\/\/api.w.org\/{rel}","templated":true}]}}