{"id":33402,"date":"2020-08-24T13:29:36","date_gmt":"2020-08-24T13:29:36","guid":{"rendered":"https:\/\/jorgezanoni.com.br\/2019\/?p=33402"},"modified":"2020-08-24T13:29:36","modified_gmt":"2020-08-24T13:29:36","slug":"agente-penitenciario-aposentado-morre-apos-cair-com-carro-de-pontilhao","status":"publish","type":"post","link":"https:\/\/jorgezanoni.com.br\/2019\/agente-penitenciario-aposentado-morre-apos-cair-com-carro-de-pontilhao\/","title":{"rendered":"Agente penitenci\u00e1rio aposentado morre ap\u00f3s cair com carro de pontilh\u00e3o"},"content":{"rendered":"<p style=\"text-align: justify;\">O policial penal aposentado Idevaldo Ferreira Forte, 71 anos, morador no bairro Aparecida, em Pen\u00e1polis (SP), morreu ap\u00f3s cair com o carro que conduzia de um pontilh\u00e3o da linha f\u00e9rrea.<\/p>\n<p style=\"text-align: justify;\">O acidente aconteceu no in\u00edcio da tarde de sexta-feira (21), mas ele morreu na manh\u00e3 de s\u00e1bado (22).<\/p>\n<p style=\"text-align: justify;\">O boletim de ocorr\u00eancia comunicando o \u00f3bito foi registrado por uma filha dele, uma jovem de 26 anos.<\/p>\n<p style=\"text-align: justify;\">Ela contou \u00e0 pol\u00edcia que na manh\u00e3 de sexta-feira o pai dela foi \u00e0 cidade de Avanhandava realizar uma prova de tiro em um estande, utilizando um Ford Fiesta.<\/p>\n<p style=\"text-align: justify;\">De acordo com ela, por volta da 12h, um ve\u00edculo do resgate do Corpo de Bombeiros passou na frente da casa dela, que telefonou para o celular do pai.<\/p>\n<p style=\"text-align: justify;\">A jovem disse que um policial atendeu o telefone e comunicou que ele havia sofrido um acidente, mas estava aparentemente bem, consciente e seria socorrido ao pronto-socorro de Pen\u00e1polis.<\/p>\n<p style=\"text-align: justify;\"><img loading=\"lazy\" decoding=\"async\" class=\"aligncenter\" src=\"https:\/\/i1.wp.com\/www.hojemais.com.br\/imagem\/noticia\/1000\/1000\/1598191242_42484.jpg?resize=740%2C416&amp;ssl=1\" width=\"740\" height=\"416\" data-recalc-dims=\"1\" \/><\/p>\n<p style=\"text-align: justify;\"><strong>Consciente<\/strong><\/p>\n<p style=\"text-align: justify;\">A v\u00edtima disse que foi ao pronto-socorro e conversou o pai dela, que relatou n\u00e3o saber o que havia ocorrido. Ele comentou apenas que seguia com o carro pela estrada vicinal Armando Viana Egreja, retorando a Pen\u00e1polis, quando de repente caiu do pontilh\u00e3o sobre a linha f\u00e9rrea.<\/p>\n<p style=\"text-align: justify;\">Consta ainda no boletim de ocorr\u00eancia que durante o dia, o estado de sa\u00fade do aposentado come\u00e7ou a piorar e ele foi submetido a uma cirurgia.<\/p>\n<p style=\"text-align: justify;\"><strong>Complicou<\/strong><\/p>\n<p style=\"text-align: justify;\">A informa\u00e7\u00e3o passada \u00e0 fam\u00edlia foi de que o paciente sofreu ruptura do intestino e de uma art\u00e9ria, provocando tamponamento card\u00edaco.<\/p>\n<p style=\"text-align: justify;\">Ap\u00f3s a cirurgia, o paciente permaneceu em estado grave, correndo risco de morrer. Por volta das 6h30 de s\u00e1bado, a filha dele recebeu o telefonema da Santa Casa comunicando o \u00f3bito.<\/p>\n<p style=\"text-align: justify;\">O corpo passou por exame necrosc\u00f3pico antes de ser liberado para o vel\u00f3rio, que acontece na capela Bom Pastor Memorial. O enterro est\u00e1 previsto para as 16h deste domingo (23), em Alto Alegre, cidade tamb\u00e9m vizinha a Pen\u00e1polis.<\/p>\n<p style=\"text-align: justify;\"><strong>Homenagem<\/strong><\/p>\n<p style=\"text-align: justify;\">O Sifuspesp (Sindicato dos Funcion\u00e1rios do Sistema Prisional do Estado de S\u00e3o Paulo) publicou nota em seu site lamentando a morte de Forte. Segundo a publica\u00e7\u00e3o, a v\u00edtima era policial penal aposentado e trabalhava na penitenci\u00e1ria de Avanhandava.<\/p>\n<p style=\"text-align: justify;\"><em>\u201cO Sifuspesp expressa seu pesar e condol\u00eancias aos familiares, parentes e amigos de Idevaldo, e est\u00e1 \u00e0 disposi\u00e7\u00e3o para fam\u00edlia para o que necess\u00e1rio neste momento\u201d\u00a0<\/em>, finaliza a nota.<\/p>\n<p style=\"text-align: justify;\">Fonte: hojemais.com<\/p>\n","protected":false},"excerpt":{"rendered":"<p>O policial penal aposentado Idevaldo Ferreira Forte, 71 anos, morador no bairro Aparecida, em Pen\u00e1polis (SP), morreu ap\u00f3s cair com o carro que conduzia de um pontilh\u00e3o da linha f\u00e9rrea. O acidente aconteceu no in\u00edcio da tarde de sexta-feira (21), mas ele morreu na manh\u00e3 de s\u00e1bado (22). O boletim de ocorr\u00eancia comunicando o \u00f3bito [&hellip;]<\/p>\n","protected":false},"author":1,"featured_media":33403,"comment_status":"closed","ping_status":"open","sticky":false,"template":"","format":"standard","meta":{"footnotes":""},"categories":[170,110],"tags":[],"class_list":["post-33402","post","type-post","status-publish","format-standard","has-post-thumbnail","hentry","category-acidentes","category-noticiasdestaque"],"_links":{"self":[{"href":"https:\/\/jorgezanoni.com.br\/2019\/wp-json\/wp\/v2\/posts\/33402","targetHints":{"allow":["GET"]}}],"collection":[{"href":"https:\/\/jorgezanoni.com.br\/2019\/wp-json\/wp\/v2\/posts"}],"about":[{"href":"https:\/\/jorgezanoni.com.br\/2019\/wp-json\/wp\/v2\/types\/post"}],"author":[{"embeddable":true,"href":"https:\/\/jorgezanoni.com.br\/2019\/wp-json\/wp\/v2\/users\/1"}],"replies":[{"embeddable":true,"href":"https:\/\/jorgezanoni.com.br\/2019\/wp-json\/wp\/v2\/comments?post=33402"}],"version-history":[{"count":0,"href":"https:\/\/jorgezanoni.com.br\/2019\/wp-json\/wp\/v2\/posts\/33402\/revisions"}],"wp:featuredmedia":[{"embeddable":true,"href":"https:\/\/jorgezanoni.com.br\/2019\/wp-json\/wp\/v2\/media\/33403"}],"wp:attachment":[{"href":"https:\/\/jorgezanoni.com.br\/2019\/wp-json\/wp\/v2\/media?parent=33402"}],"wp:term":[{"taxonomy":"category","embeddable":true,"href":"https:\/\/jorgezanoni.com.br\/2019\/wp-json\/wp\/v2\/categories?post=33402"},{"taxonomy":"post_tag","embeddable":true,"href":"https:\/\/jorgezanoni.com.br\/2019\/wp-json\/wp\/v2\/tags?post=33402"}],"curies":[{"name":"wp","href":"https:\/\/api.w.org\/{rel}","templated":true}]}}