{"id":33394,"date":"2020-08-24T13:02:12","date_gmt":"2020-08-24T13:02:12","guid":{"rendered":"https:\/\/jorgezanoni.com.br\/2019\/?p=33394"},"modified":"2020-08-24T13:02:12","modified_gmt":"2020-08-24T13:02:12","slug":"em-10-anos-regiao-de-presidente-prudente-concentra-437-das-fugas-de-presos-no-estado-de-sao-paulo","status":"publish","type":"post","link":"https:\/\/jorgezanoni.com.br\/2019\/em-10-anos-regiao-de-presidente-prudente-concentra-437-das-fugas-de-presos-no-estado-de-sao-paulo\/","title":{"rendered":"Em 10 anos, regi\u00e3o de Presidente Prudente concentra 43,7% das fugas de presos no Estado de S\u00e3o Paulo"},"content":{"rendered":"<h2 class=\"content-head__subtitle\" style=\"text-align: justify;\"><strong>Levantamento exclusivo do G1 revela que, no per\u00edodo de uma d\u00e9cada, foram registradas 16 evas\u00f5es, sete das quais no Oeste Paulista, conforme informa\u00e7\u00f5es da SAP.<\/strong><\/h2>\n<div class=\"mc-column content-text active-extra-styles \" data-block-type=\"unstyled\" data-block-weight=\"76\" data-block-id=\"2\">\n<p class=\"content-text__container \" style=\"text-align: justify;\" data-track-category=\"Link no Texto\" data-track-links=\"\">O Estado de S\u00e3o Paulo, por meio da Secretaria da Administra\u00e7\u00e3o Penitenci\u00e1ria (SAP), registrou, em um per\u00edodo de 10 anos, 16 fugas de presos\/sentenciados e duas fugas em massa (com mais de cinco indiv\u00edduos por vez). Conforme levantamento exclusivo disponibilizado em julho ao\u00a0<strong>G1\u00a0<\/strong>pela SAP, por meio da Lei de Acesso \u00e0 Informa\u00e7\u00e3o, a regi\u00e3o de Presidente Prudente, que fica no Oeste Paulista, lidera com sete casos (43,75%), seguida da Noroeste, com tr\u00eas casos.<\/p>\n<\/div>\n<div class=\"wall protected-content\">\n<div class=\"mc-column content-text active-extra-styles \" style=\"text-align: justify;\" data-block-type=\"unstyled\" data-block-weight=\"6\" data-block-id=\"3\">\n<p class=\"content-text__container \" data-track-category=\"Link no Texto\" data-track-links=\"\">Por regi\u00e3o, foram registradas fugas em:<\/p>\n<\/div>\n<div class=\"mc-column content-text active-extra-styles\" style=\"text-align: justify;\" data-block-type=\"raw\" data-block-weight=\"1\" data-block-id=\"4\">\n<div class=\"content-intertitle\">\n<h2>Oeste<\/h2>\n<\/div>\n<\/div>\n<div class=\"mc-column content-text active-extra-styles\" style=\"text-align: justify;\" data-block-type=\"raw\" data-block-weight=\"54\" data-block-id=\"5\">\n<ul class=\"content-unordered-list\">\n<li>Em 2010: 1 na Penitenci\u00e1ria de Tupi Paulista<\/li>\n<li>Em 2011: 1 no CDP de Caiu\u00e1<\/li>\n<li>Em 2012: 1 no CR de Presidente Prudente<\/li>\n<li>Em 2014: 1 na Penitenci\u00e1ria de Presidente Bernardes<\/li>\n<li>Em 2015: 1 na Penitenci\u00e1ria de Presidente Bernardes<\/li>\n<li>Em 2016: 1 na Penitenci\u00e1ria de Martin\u00f3polis<\/li>\n<li>Em 2020: 1 na Penitenci\u00e1ria de Presidente Prudente<\/li>\n<\/ul>\n<\/div>\n<div class=\"mc-column content-text active-extra-styles\" style=\"text-align: justify;\" data-block-type=\"raw\" data-block-weight=\"1\" data-block-id=\"6\">\n<div class=\"content-intertitle\">\n<h2>Noroeste<\/h2>\n<\/div>\n<\/div>\n<div class=\"mc-column content-text active-extra-styles\" style=\"text-align: justify;\" data-block-type=\"raw\" data-block-weight=\"25\" data-block-id=\"7\">\n<ul class=\"content-unordered-list\">\n<li>Em 2010: 1 no CR de Ara\u00e7atuba<\/li>\n<li>Em 2010: 1 no CR de Birigui<\/li>\n<li>Em 2014: 1 no CDP de S\u00e3o Jos\u00e9 do Rio Preto<\/li>\n<\/ul>\n<\/div>\n<div class=\"mc-column content-text active-extra-styles\" style=\"text-align: justify;\" data-block-type=\"raw\" data-block-weight=\"1\" data-block-id=\"8\">\n<div class=\"content-intertitle\">\n<h2>Capital<\/h2>\n<\/div>\n<\/div>\n<div class=\"mc-column content-text active-extra-styles\" style=\"text-align: justify;\" data-block-type=\"raw\" data-block-weight=\"25\" data-block-id=\"9\">\n<ul class=\"content-unordered-list\">\n<li>Em 2012: 1 no CDP de Santo Andr\u00e9<\/li>\n<li>Em 2012: 1 no CDP Feminino de Franco da Rocha<\/li>\n<li>Em 2016: 1 no CDP de Diadema<\/li>\n<\/ul>\n<\/div>\n<div class=\"mc-column content-text active-extra-styles\" style=\"text-align: justify;\" data-block-type=\"raw\" data-block-weight=\"1\" data-block-id=\"10\">\n<div class=\"content-intertitle\">\n<h2>Vale<\/h2>\n<\/div>\n<\/div>\n<div class=\"mc-column content-text active-extra-styles\" style=\"text-align: justify;\" data-block-type=\"raw\" data-block-weight=\"7\" data-block-id=\"11\">\n<ul class=\"content-unordered-list\">\n<li>Em 2017: 1 no CDP de Suzano<\/li>\n<\/ul>\n<\/div>\n<div class=\"mc-column content-text active-extra-styles\" style=\"text-align: justify;\" data-block-type=\"raw\" data-block-weight=\"1\" data-block-id=\"12\">\n<div class=\"content-intertitle\">\n<h2>Central<\/h2>\n<\/div>\n<\/div>\n<div class=\"mc-column content-text active-extra-styles\" style=\"text-align: justify;\" data-block-type=\"raw\" data-block-weight=\"18\" data-block-id=\"13\">\n<ul class=\"content-unordered-list\">\n<li>Em 2013: 1 na Penitenci\u00e1ria II de Hortol\u00e2ndia<\/li>\n<li>Em 2014: 1 na Penitenci\u00e1ria I de Itapetininga (2 presos)<\/li>\n<\/ul>\n<\/div>\n<div class=\"content-ads content-ads--reveal\" style=\"text-align: justify;\" data-block-type=\"ads\" data-block-id=\"14\">\n<div id=\"banner_materia2\" class=\"tag-manager-publicidade-container mc-has-reveal mc-has-ad-lazyload tag-manager-publicidade-banner_materia2 tag-manager-publicidade-container--carregado tag-manager-publicidade-container--visivel\" data-id=\"banner_materia2\" data-google-query-id=\"CMmB-5Xys-sCFSzkhwod6LkKRA\" data-cid=\"138321200479\" data-lid=\"5454851244\">\n<div id=\"google_ads_iframe_\/95377733\/tvg_G1\/Sua_Regiao&gt;Sudeste&gt;Sao_Paulo_(Pres_Prudente)_2__container__\" style=\"box-sizing: inherit; margin: auto; padding: 0px; border: 0pt none; font: inherit; vertical-align: initial; width: 970px; max-width: 100%; text-align: center;\">Em rela\u00e7\u00e3o \u00e0s fugas em massa, ou seja, que envolveram mais de cinco indiv\u00edduos, nos \u00faltimos 10 anos, a SAP destacou ao <strong>G1\u00a0<\/strong>apenas dois casos registrados na regi\u00e3o abrangida pela Coordenadoria de Unidades Prisionais da Regi\u00e3o Central.<\/div>\n<\/div>\n<\/div>\n<div class=\"mc-column content-text active-extra-styles \" style=\"text-align: justify;\" data-block-type=\"unstyled\" data-block-weight=\"54\" data-block-id=\"16\">\n<p class=\"content-text__container \" data-track-category=\"Link no Texto\" data-track-links=\"\">As duas ocorr\u00eancias foram registradas no dia 16 de mar\u00e7o de 2020. Na ocasi\u00e3o, sete presos fugiram do Centro de Ressocializa\u00e7\u00e3o (CR) de Sumar\u00e9, dos quais cinco foram recapturados, e 594 presos fugiram do Centro de Progress\u00e3o Penitenci\u00e1ria (CPP) de Porto Feliz ap\u00f3s romperem o alambrado que cerca a unidade; destes 480 foram recapturados.<\/p>\n<\/div>\n<div class=\"row medium-uncollapsed content-media content-photo\" style=\"text-align: justify;\" data-block-type=\"backstage-photo\" data-block-id=\"17\">\n<div class=\"mc-column content-media__container\">\n<figure><\/figure>\n<p class=\"content-media__description \">Em 16 de mar\u00e7o, PMs interviram em rebeli\u00e3o na Penitenci\u00e1ria de Porto Feliz \u2014 Foto: Mayara Corr\u00eaa\/TV TEM<\/p>\n<\/div>\n<\/div>\n<div class=\"mc-column content-text active-extra-styles \" style=\"text-align: justify;\" data-block-type=\"unstyled\" data-block-weight=\"34\" data-block-id=\"18\">\n<p class=\"content-text__container \" data-track-category=\"Link no Texto\" data-track-links=\"\">\u201cPor fim, cumpre destacar que as fugas registradas nas Penitenci\u00e1rias e no Centro de Deten\u00e7\u00e3o de Caiu\u00e1 ocorreram quando os presos estavam internados em entidades hospitalares para tratamento de sa\u00fade&#8221;, apontou a SAP.<\/p>\n<\/div>\n<div class=\"mc-column content-text active-extra-styles \" style=\"text-align: justify;\" data-block-type=\"unstyled\" data-block-weight=\"55\" data-block-id=\"19\">\n<p class=\"content-text__container \" data-track-category=\"Link no Texto\" data-track-links=\"\">Ainda conforme a Secretaria de Administra\u00e7\u00e3o Penitenci\u00e1ria, j\u00e1 no Centro de Deten\u00e7\u00e3o Provis\u00f3ria (CDP) de S\u00e3o Jos\u00e9 do Rio Preto a fuga ocorreu quando o preso estava no F\u00f3rum para apresenta\u00e7\u00e3o judicial. &#8220;No tocante as ocorridas nos Centros de Ressocializa\u00e7\u00e3o, foram registradas durante a visita\u00e7\u00e3o e banho de sol dos presos do regime fechado\u201d, colocou.<\/p>\n<\/div>\n<div class=\"mc-column content-text active-extra-styles\" style=\"text-align: justify;\" data-block-type=\"raw\" data-block-weight=\"1\" data-block-id=\"20\">\n<div class=\"content-intertitle\">\n<h2>Reincid\u00eancia<\/h2>\n<\/div>\n<\/div>\n<div class=\"mc-column content-text active-extra-styles \" style=\"text-align: justify;\" data-block-type=\"unstyled\" data-block-weight=\"32\" data-block-id=\"21\">\n<p class=\"content-text__container \" data-track-category=\"Link no Texto\" data-track-links=\"\">Nas \u00e1reas Oeste e Noroeste, quatro indiv\u00edduos eram reincidentes no quesito &#8220;fuga&#8221;, sendo um da Penitenci\u00e1ria de Paragua\u00e7u Paulista, dois da Penitenci\u00e1ria de Presidente Bernardes e um da Penitenci\u00e1ria de Presidente Prudente.<\/p>\n<\/div>\n<div class=\"mc-column content-text active-extra-styles \" style=\"text-align: justify;\" data-block-type=\"unstyled\" data-block-weight=\"12\" data-block-id=\"23\">\n<p class=\"content-text__container \" data-track-category=\"Link no Texto\" data-track-links=\"\">Nas \u00e1reas Central e Vale, nenhum era reincidente. A Capital n\u00e3o informou.<\/p>\n<\/div>\n<div class=\"mc-column content-text active-extra-styles\" style=\"text-align: justify;\" data-block-type=\"raw\" data-block-weight=\"1\" data-block-id=\"24\">\n<div class=\"content-intertitle\">\n<h2>Crimes<\/h2>\n<\/div>\n<\/div>\n<div class=\"mc-column content-text active-extra-styles \" style=\"text-align: justify;\" data-block-type=\"unstyled\" data-block-weight=\"38\" data-block-id=\"25\">\n<p class=\"content-text__container \" data-track-category=\"Link no Texto\" data-track-links=\"\">Os crimes que lideram nas unidades prisionais do Estado de S\u00e3o Paulo s\u00e3o: tr\u00e1fico de drogas, furto, roubo e homic\u00eddio. Contudo, ainda aparecem delitos como recepta\u00e7\u00e3o, les\u00e3o corporal, amea\u00e7a, dano, estelionato, falsifica\u00e7\u00e3o de documento, falsa identidade e extors\u00e3o.<\/p>\n<\/div>\n<div class=\"mc-column content-text active-extra-styles \" style=\"text-align: justify;\" data-block-type=\"unstyled\" data-block-weight=\"6\" data-block-id=\"26\">\n<p class=\"content-text__container \" data-track-category=\"Link no Texto\" data-track-links=\"\">J\u00e1 entre os indiv\u00edduos fugitivos constam:<\/p>\n<\/div>\n<div class=\"row medium-uncollapsed content-text\" style=\"text-align: justify;\" data-block-type=\"table-plugin\" data-block-id=\"27\">\n<div class=\"column medium-centered medium-22 large-20\">\n<div class=\"show-table content-media content-media--normal\">\n<p class=\"mc-column show-table__title\">Crimes pelos quais os fugitivos respondiam<\/p>\n<div class=\"show-table__centralized\">\n<div class=\"show-table__container\">\n<table class=\"show-table__content\n show-table__content--highlight-top        \"><\/p>\n<tbody>\n<tr>\n<td>Unidade<\/td>\n<td>Regi\u00e3o<\/td>\n<td>Crimes<\/td>\n<\/tr>\n<tr>\n<td>Penit. de Martin\u00f3polis<\/td>\n<td>Oeste<\/td>\n<td>Tr\u00e1fico de drogas e roubo<\/td>\n<\/tr>\n<tr>\n<td>Penit. de Pres. Bernardes<\/td>\n<td>Oeste<\/td>\n<td>Roubo e tr\u00e1fico de drogas (2x); furto (9x) e recepta\u00e7\u00e3o<\/td>\n<\/tr>\n<tr>\n<td>Penit. de Pres. Prudente<\/td>\n<td>Oeste<\/td>\n<td>Roubo e tr\u00e1fico de drogas<\/td>\n<\/tr>\n<tr>\n<td>Penit. de Tupi Paulista<\/td>\n<td>Oeste<\/td>\n<td>Furto, les\u00e3o corporal, amea\u00e7a e dano<\/td>\n<\/tr>\n<tr>\n<td>CDP de Caiu\u00e1<\/td>\n<td>Oeste<\/td>\n<td>Homic\u00eddio qualificado<\/td>\n<\/tr>\n<tr>\n<td>CDP de S\u00e3o Jos\u00e9 do Rio Preto<\/td>\n<td>Noroeste<\/td>\n<td>N\u00e3o informado<\/td>\n<\/tr>\n<tr>\n<td>CR Ara\u00e7atuba<\/td>\n<td>Noroeste<\/td>\n<td>Tr\u00e1fico de drogas<\/td>\n<\/tr>\n<tr>\n<td>CR Birigui<\/td>\n<td>Noroeste<\/td>\n<td>Tentativa de roubo<\/td>\n<\/tr>\n<tr>\n<td>CR Presidente Prudente<\/td>\n<td>Oeste<\/td>\n<td>Homic\u00eddio qualificado<\/td>\n<\/tr>\n<tr>\n<td>CDP de Suzano<\/td>\n<td>Vale<\/td>\n<td>Roubo<\/td>\n<\/tr>\n<tr>\n<td>CDP de Santo Andr\u00e9<\/td>\n<td>Capital<\/td>\n<td>Furto, roubo e estelionato<\/td>\n<\/tr>\n<tr>\n<td>CDP Feminino de Franco da Rocha<\/td>\n<td>Capital<\/td>\n<td>Extors\u00e3o<\/td>\n<\/tr>\n<tr>\n<td>CDP de Diadema<\/td>\n<td>Capital<\/td>\n<td>Homic\u00eddio, roubo, estelionato, falsifica\u00e7\u00e3o de documento e falsa identidade<\/td>\n<\/tr>\n<\/tbody>\n<\/table>\n<\/div>\n<div class=\"show-table__footer\">\n<div class=\"show-table__source\">Fonte: SAP<\/div>\n<\/div>\n<\/div>\n<\/div>\n<\/div>\n<\/div>\n<div class=\"mc-column content-text active-extra-styles \" style=\"text-align: justify;\" data-block-type=\"unstyled\" data-block-weight=\"24\" data-block-id=\"28\">\n<p class=\"content-text__container \" data-track-category=\"Link no Texto\" data-track-links=\"\">Da an\u00e1lise do perfil dos presos fugitivos da Regi\u00e3o Central verificou-se que h\u00e1 maior incid\u00eancia na pr\u00e1tica de crimes previstos na Lei de Drogas.<\/p>\n<\/div>\n<div class=\"mc-column content-text active-extra-styles\" style=\"text-align: justify;\" data-block-type=\"raw\" data-block-weight=\"3\" data-block-id=\"29\">\n<div class=\"content-intertitle\">\n<h2>Preven\u00e7\u00e3o e procedimentos<\/h2>\n<\/div>\n<\/div>\n<div class=\"row medium-uncollapsed content-media content-photo\" style=\"text-align: justify;\" data-block-type=\"backstage-photo\" data-block-id=\"30\">\n<div class=\"mc-column content-media__container\">\n<figure><img decoding=\"async\" class=\"i-amphtml-fill-content i-amphtml-replaced-content\" src=\"https:\/\/s2.glbimg.com\/RFAjDqfusx15i2GRNPDWHDE2wYk=\/0x0:1920x1088\/984x0\/smart\/filters:strip_icc()\/i.s3.glbimg.com\/v1\/AUTH_59edd422c0c84a879bd37670ae4f538a\/internal_photos\/bs\/2020\/c\/W\/LjUwucSSiPXVvk9Zk9QQ\/penit.-martinopolis-1-.png\" sizes=\"(max-width: 1242px) 648px, 100vw\" srcset=\"https:\/\/s2.glbimg.com\/AY5MCEuilrU3wYFHw5C6rkAGNXM=\/0x0:1920x1088\/1000x0\/smart\/filters:strip_icc()\/i.s3.glbimg.com\/v1\/AUTH_59edd422c0c84a879bd37670ae4f538a\/internal_photos\/bs\/2020\/c\/W\/LjUwucSSiPXVvk9Zk9QQ\/penit.-martinopolis-1-.png 1000w, https:\/\/s2.glbimg.com\/RFAjDqfusx15i2GRNPDWHDE2wYk=\/0x0:1920x1088\/984x0\/smart\/filters:strip_icc()\/i.s3.glbimg.com\/v1\/AUTH_59edd422c0c84a879bd37670ae4f538a\/internal_photos\/bs\/2020\/c\/W\/LjUwucSSiPXVvk9Zk9QQ\/penit.-martinopolis-1-.png 984w, https:\/\/s2.glbimg.com\/7iTFo1YLECrJiJaj4e2Wkr88Igw=\/0x0:1920x1088\/640x0\/smart\/filters:strip_icc()\/i.s3.glbimg.com\/v1\/AUTH_59edd422c0c84a879bd37670ae4f538a\/internal_photos\/bs\/2020\/c\/W\/LjUwucSSiPXVvk9Zk9QQ\/penit.-martinopolis-1-.png 640w, https:\/\/s2.glbimg.com\/0bBUT_-k7jAtns1oU20rbXGuM-8=\/0x0:1920x1088\/600x0\/smart\/filters:strip_icc()\/i.s3.glbimg.com\/v1\/AUTH_59edd422c0c84a879bd37670ae4f538a\/internal_photos\/bs\/2020\/c\/W\/LjUwucSSiPXVvk9Zk9QQ\/penit.-martinopolis-1-.png 600w\" alt=\"Penitenci\u00e1ria de Martin\u00f3polis \u2014 Foto: Reprodu\u00e7\u00e3o\/TV Fronteira\" \/><\/figure>\n<p class=\"content-media__description \">Penitenci\u00e1ria de Martin\u00f3polis \u2014 Foto: Reprodu\u00e7\u00e3o\/TV Fronteira<\/p>\n<\/div>\n<\/div>\n<div class=\"mc-column content-text active-extra-styles \" style=\"text-align: justify;\" data-block-type=\"unstyled\" data-block-weight=\"63\" data-block-id=\"31\">\n<p class=\"content-text__container \" data-track-category=\"Link no Texto\" data-track-links=\"\">Como forma de evitar as fugas, as unidades realizam rondas internas e vistorias minuciosas dentro das celas, constantemente e sem aviso pr\u00e9vio. A SAP tamb\u00e9m informou ao\u00a0<strong>G1\u00a0<\/strong>que s\u00e3o realizadas inspe\u00e7\u00f5es di\u00e1rias em grades e janelas das celas, rondas noturnas, inspe\u00e7\u00f5es extramuros e inspe\u00e7\u00f5es di\u00e1rias em todas as \u00e1reas de uso comum, bem como observam os procedimentos operacionais nas remo\u00e7\u00f5es de presos.<\/p>\n<\/div>\n<div class=\"mc-column content-text active-extra-styles \" style=\"text-align: justify;\" data-block-type=\"unstyled\" data-block-weight=\"51\" data-block-id=\"33\">\n<p class=\"content-text__container \" data-track-category=\"Link no Texto\" data-track-links=\"\">As unidades ainda contam com sistemas com monitoramento 24 horas por dia, seguran\u00e7a armada na muralha feita pelos Agentes de Escolta e de Vigil\u00e2ncia Penitenci\u00e1ria (AEVPs), al\u00e9m dos trabalhos de vigil\u00e2ncia interna 24 horas por dia, que conta com rondas internas, bate piso, bate teto, bate grades e vistorias internas constantemente.<\/p>\n<\/div>\n<div class=\"mc-column content-text active-extra-styles \" style=\"text-align: justify;\" data-block-type=\"unstyled\" data-block-weight=\"18\" data-block-id=\"34\">\n<p class=\"content-text__container \" data-track-category=\"Link no Texto\" data-track-links=\"\">Uma vez constatada a fuga, seja consumada ou tentada, o coordenador da unidade deve ser imediatamente informado.<\/p>\n<\/div>\n<div class=\"mc-column content-text active-extra-styles \" style=\"text-align: justify;\" data-block-type=\"unstyled\" data-block-weight=\"28\" data-block-id=\"35\">\n<p class=\"content-text__container \" data-track-category=\"Link no Texto\" data-track-links=\"\">Em seguida, nas primeiras horas subsequentes, devem ser enviados Relat\u00f3rios Circunstanciados, detalhando todos os dados do ocorrido. Concomitantemente as autoridades policial e judicial tamb\u00e9m devem ser avisadas.<\/p>\n<\/div>\n<div class=\"mc-column content-text active-extra-styles \" style=\"text-align: justify;\" data-block-type=\"unstyled\" data-block-weight=\"26\" data-block-id=\"36\">\n<p class=\"content-text__container \" data-track-category=\"Link no Texto\" data-track-links=\"\">Tamb\u00e9m \u00e9 instaurado Procedimento Interno Disciplinar para averiguar a conduta disciplinar do preso e Procedimento de Apura\u00e7\u00e3o Preliminar para averiguar a ocorr\u00eancia de poss\u00edveis irregularidades funcionais.<\/p>\n<\/div>\n<div class=\"mc-column content-text active-extra-styles \" style=\"text-align: justify;\" data-block-type=\"unstyled\" data-block-weight=\"50\" data-block-id=\"37\">\n<p class=\"content-text__container \" data-track-category=\"Link no Texto\" data-track-links=\"\">Ainda h\u00e1 o apoio da Pol\u00edcia Militar que, no caso de fuga, \u00e9 imediatamente acionada atrav\u00e9s do Centro de Opera\u00e7\u00f5es da Pol\u00edcia Militar do Estado de S\u00e3o Paulo (Copom). Na sequ\u00eancia as equipes rapidamente iniciam os trabalhos de patrulhamento no encal\u00e7o do preso foragido para recaptur\u00e1-lo e cumprir a lei.<\/p>\n<\/div>\n<div class=\"mc-column content-text active-extra-styles \" style=\"text-align: justify;\" data-block-type=\"unstyled\" data-block-weight=\"33\" data-block-id=\"38\">\n<p class=\"content-text__container \" data-track-category=\"Link no Texto\" data-track-links=\"\">Ao ser recapturado, o preso \u00e9 apresentado em uma Delegacia da Pol\u00edcia Civil para o registro da ocorr\u00eancia e passa por exame de corpo de delito junto ao Instituo M\u00e9dico Legal (IML).<\/p>\n<\/div>\n<div class=\"mc-column content-text active-extra-styles \" style=\"text-align: justify;\" data-block-type=\"unstyled\" data-block-weight=\"42\" data-block-id=\"39\">\n<p class=\"content-text__container \" data-track-category=\"Link no Texto\" data-track-links=\"\">Ap\u00f3s os tr\u00e2mites policiais, o recapturado retorna ao estabelecimento prisional de origem, onde ser\u00e1 isolado em Pavilh\u00e3o Disciplinar e onde ser\u00e3o instaurados os devidos Procedimentos Administrativos, tanto para apura\u00e7\u00e3o da responsabilidade do sentenciado quanto para averigua\u00e7\u00e3o de eventual responsabilidade funcional no epis\u00f3dio.<\/p>\n<\/div>\n<div class=\"mc-column content-text active-extra-styles \" style=\"text-align: justify;\" data-block-type=\"unstyled\" data-block-weight=\"29\" data-block-id=\"40\">\n<p class=\"content-text__container \" data-track-category=\"Link no Texto\" data-track-links=\"\">Quando questionados sobre a fuga, os motivos s\u00e3o bastante subjetivos. Contudo, entre os relatos de sentenciados foram verificadas, ao longo dos anos, alega\u00e7\u00f5es como problemas familiares e desaven\u00e7as internas.<\/p>\n<\/div>\n<div class=\"mc-column content-text active-extra-styles\" style=\"text-align: justify;\" data-block-type=\"raw\" data-block-weight=\"1\" data-block-id=\"41\">\n<div class=\"content-intertitle\">\n<h2>M\u00e9todos<\/h2>\n<\/div>\n<\/div>\n<div class=\"mc-column content-text active-extra-styles \" style=\"text-align: justify;\" data-block-type=\"unstyled\" data-block-weight=\"18\" data-block-id=\"42\">\n<p class=\"content-text__container \" data-track-category=\"Link no Texto\" data-track-links=\"\">Por quest\u00f5es de seguran\u00e7a, n\u00e3o foram passados muitos detalhes sobre os m\u00e9todos de fuga usados pelos sentenciados.<\/p>\n<\/div>\n<div class=\"mc-column content-text active-extra-styles \" style=\"text-align: justify;\" data-block-type=\"unstyled\" data-block-weight=\"33\" data-block-id=\"43\">\n<p class=\"content-text__container \" data-track-category=\"Link no Texto\" data-track-links=\"\">No entanto, normalmente s\u00e3o utilizadas cordas artesanais, escala\u00e7\u00e3o de muralhas, abertura de algemas com mixa quando internados em unidades de sa\u00fade, onde burlam seguran\u00e7as e saem correndo em meio a outros pacientes.<\/p>\n<\/div>\n<div class=\"mc-column content-text active-extra-styles \" style=\"text-align: justify;\" data-block-type=\"unstyled\" data-block-weight=\"21\" data-block-id=\"45\">\n<p class=\"content-text__container \" data-track-category=\"Link no Texto\" data-track-links=\"\">Houve, ainda, um caso envolvendo dois presos que fugiram ocultados em um caminh\u00e3o de empresa tomadora de m\u00e3o de obra carcer\u00e1ria.<\/p>\n<\/div>\n<div class=\"mc-column content-text active-extra-styles \" style=\"text-align: justify;\" data-block-type=\"unstyled\" data-block-weight=\"9\" data-block-id=\"46\">\n<p class=\"content-text__container \" data-track-category=\"Link no Texto\" data-track-links=\"\">Tamb\u00e9m h\u00e1 fugas durante a presta\u00e7\u00e3o de servi\u00e7os.<\/p>\n<\/div>\n<div class=\"row medium-uncollapsed content-media content-photo\" style=\"text-align: justify;\" data-block-type=\"backstage-photo\" data-block-id=\"47\">\n<div class=\"mc-column content-media__container\">\n<figure><img decoding=\"async\" class=\"i-amphtml-fill-content i-amphtml-replaced-content\" src=\"https:\/\/s2.glbimg.com\/5xVVe5RT6TlhjOwV7rZeG4Ew6Nc=\/0x0:1920x1088\/984x0\/smart\/filters:strip_icc()\/i.s3.glbimg.com\/v1\/AUTH_59edd422c0c84a879bd37670ae4f538a\/internal_photos\/bs\/2020\/H\/G\/b7vBBERzmkBaMrG0RH4A\/penit.-prudente.png\" sizes=\"(max-width: 1242px) 648px, 100vw\" srcset=\"https:\/\/s2.glbimg.com\/EUJVYVPqR08_pFaBHPmH_MOxq6g=\/0x0:1920x1088\/1000x0\/smart\/filters:strip_icc()\/i.s3.glbimg.com\/v1\/AUTH_59edd422c0c84a879bd37670ae4f538a\/internal_photos\/bs\/2020\/H\/G\/b7vBBERzmkBaMrG0RH4A\/penit.-prudente.png 1000w, https:\/\/s2.glbimg.com\/5xVVe5RT6TlhjOwV7rZeG4Ew6Nc=\/0x0:1920x1088\/984x0\/smart\/filters:strip_icc()\/i.s3.glbimg.com\/v1\/AUTH_59edd422c0c84a879bd37670ae4f538a\/internal_photos\/bs\/2020\/H\/G\/b7vBBERzmkBaMrG0RH4A\/penit.-prudente.png 984w, https:\/\/s2.glbimg.com\/QsI5m8ot5wMeRuXLOF4iO8e7cUU=\/0x0:1920x1088\/640x0\/smart\/filters:strip_icc()\/i.s3.glbimg.com\/v1\/AUTH_59edd422c0c84a879bd37670ae4f538a\/internal_photos\/bs\/2020\/H\/G\/b7vBBERzmkBaMrG0RH4A\/penit.-prudente.png 640w, https:\/\/s2.glbimg.com\/DglYqFN9P8lF5nqEDSThYu4--tA=\/0x0:1920x1088\/600x0\/smart\/filters:strip_icc()\/i.s3.glbimg.com\/v1\/AUTH_59edd422c0c84a879bd37670ae4f538a\/internal_photos\/bs\/2020\/H\/G\/b7vBBERzmkBaMrG0RH4A\/penit.-prudente.png 600w\" alt=\"Penitenci\u00e1ria de Presidente Prudente \u2014 Foto: Reprodu\u00e7\u00e3o\/TV Fronteira\" \/><\/figure>\n<p class=\"content-media__description \">Penitenci\u00e1ria de Presidente Prudente \u2014 Foto: Reprodu\u00e7\u00e3o\/TV Fronteira<\/p>\n<\/div>\n<\/div>\n<div class=\"mc-column content-text active-extra-styles\" style=\"text-align: justify;\" data-block-type=\"raw\" data-block-weight=\"1\" data-block-id=\"48\">\n<div class=\"content-intertitle\">\n<h2>SAP<\/h2>\n<\/div>\n<\/div>\n<div class=\"mc-column content-text active-extra-styles \" style=\"text-align: justify;\" data-block-type=\"unstyled\" data-block-weight=\"56\" data-block-id=\"49\">\n<p class=\"content-text__container \" data-track-category=\"Link no Texto\" data-track-links=\"\">Por meio de nota ao\u00a0<strong>G1<\/strong>, a Secretaria da Administra\u00e7\u00e3o Penitenci\u00e1ria do Estado de S\u00e3o Paulo esclareceu que, com rela\u00e7\u00e3o aos dados, as fugas de presos de unidades de regime fechado se deram quando estes estavam internados em hospitais para tratamento de sa\u00fade ou quando em F\u00f3rum para apresenta\u00e7\u00e3o judicial, ou seja, fora da unidade prisional.<\/p>\n<\/div>\n<div class=\"mc-column content-text active-extra-styles \" style=\"text-align: justify;\" data-block-type=\"unstyled\" data-block-weight=\"51\" data-block-id=\"50\">\n<p class=\"content-text__container \" data-track-category=\"Link no Texto\" data-track-links=\"\">Com rela\u00e7\u00e3o \u00e0s evas\u00f5es em unidade regime semiaberto, \u201ca perman\u00eancia do preso nesse regime se d\u00e1 mais por autoconsci\u00eancia do que por mecanismos de conten\u00e7\u00e3o, j\u00e1 que unidades de regime semiaberto n\u00e3o disp\u00f5em nem de seguran\u00e7a armada nem altas muralhas. Neste caso, quando recapturados, os presos regridem ao regime fechado\u201d.<\/p>\n<\/div>\n<div class=\"mc-column content-text active-extra-styles \" style=\"text-align: justify;\" data-block-type=\"unstyled\" data-block-weight=\"24\" data-block-id=\"51\">\n<p class=\"content-text__container \" data-track-category=\"Link no Texto\" data-track-links=\"\">Sobre as evas\u00f5es em massa registradas neste ano de unidades de regime semiaberto, a SAP informou que a maioria (80%) j\u00e1 foi recapturada.<\/p>\n<\/div>\n<div class=\"mc-column content-text active-extra-styles\" style=\"text-align: justify;\" data-block-type=\"raw\" data-block-weight=\"1\" data-block-id=\"52\">\n<div class=\"content-intertitle\">\n<h2>Sifuspesp<\/h2>\n<\/div>\n<\/div>\n<div class=\"mc-column content-text active-extra-styles \" style=\"text-align: justify;\" data-block-type=\"unstyled\" data-block-weight=\"60\" data-block-id=\"53\">\n<p class=\"content-text__container \" data-track-category=\"Link no Texto\" data-track-links=\"\">O Sindicato dos Funcion\u00e1rios do Sistema Prisional do Estado de S\u00e3o Paulo (Sifuspesp) esclareceu ao\u00a0<strong>G1<\/strong>, por meio de nota, que \u201co aumento no n\u00famero de fugas nas unidades prisionais da regi\u00e3o Oeste e em todo o Estado possui rela\u00e7\u00e3o direta com o efetivo reduzido de policiais penais no sistema, o que por sua vez, reduz a seguran\u00e7a do sistema\u201d.<\/p>\n<\/div>\n<div class=\"mc-column content-text active-extra-styles \" style=\"text-align: justify;\" data-block-type=\"unstyled\" data-block-weight=\"26\" data-block-id=\"55\">\n<p class=\"content-text__container \" data-track-category=\"Link no Texto\" data-track-links=\"\">O sindicado ainda colocou<strong>\u00a0<\/strong>que a maior parte das fugas registradas no sistema aconteceu nos Centros de Progress\u00e3o Penitenci\u00e1ria, que abrigam detentos do regime semiaberto.<\/p>\n<\/div>\n<div class=\"mc-column content-text active-extra-styles \" style=\"text-align: justify;\" data-block-type=\"unstyled\" data-block-weight=\"41\" data-block-id=\"56\">\n<p class=\"content-text__container \" data-track-category=\"Link no Texto\" data-track-links=\"\">\u201cNessas unidades, n\u00e3o existe a figura dos agentes de escolta e vigil\u00e2ncia penitenci\u00e1ria (AEVPs), que ficam em alerta nas muralhas e impedem qualquer tentativa de evas\u00e3o quando acionados. N\u00e3o h\u00e1 impedimento legal para a atua\u00e7\u00e3o desses servidores nesses postos\u201d, explicou.<\/p>\n<\/div>\n<div class=\"mc-column content-text active-extra-styles \" style=\"text-align: justify;\" data-block-type=\"unstyled\" data-block-weight=\"70\" data-block-id=\"57\">\n<p class=\"content-text__container \" data-track-category=\"Link no Texto\" data-track-links=\"\">De acordo com dados do Tribunal de Contas do Estado (TCE-SP) divulgados em 23 de julho, cada agente de seguran\u00e7a penitenci\u00e1ria (ASP) de S\u00e3o Paulo faz atualmente, em m\u00e9dia, a cust\u00f3dia de 9,8 presos. Segundo o sindicato, o \u00edndice \u00e9 quase o dobro da recomenda\u00e7\u00e3o do Conselho Nacional de Pol\u00edtica Criminal e Penitenci\u00e1ria (CNPCP), vinculado ao Minist\u00e9rio da Justi\u00e7a e Seguran\u00e7a P\u00fablica, que \u00e9 de cinco detentos por policial penal.<\/p>\n<\/div>\n<div class=\"mc-column content-text active-extra-styles \" style=\"text-align: justify;\" data-block-type=\"unstyled\" data-block-weight=\"33\" data-block-id=\"58\">\n<p class=\"content-text__container \" data-track-category=\"Link no Texto\" data-track-links=\"\">O sindicato ainda destacou que, desde o in\u00edcio de 2019, nenhum novo servidor foi nomeado para a SAP, apesar de haver trabalhadores aptos a assumir seus cargos, oriundos de concursos p\u00fablicos em vigor.<\/p>\n<\/div>\n<div class=\"mc-column content-text active-extra-styles\" style=\"text-align: justify;\" data-block-type=\"raw\" data-block-weight=\"53\" data-block-id=\"59\">\n<blockquote class=\"content-blockquote theme-border-color-primary-before\"><p>\u201cA tend\u00eancia desse quadro \u00e9 piorar, j\u00e1 que centenas de servidores est\u00e3o afastados das suas fun\u00e7\u00f5es por fazerem parte do grupo de risco para o coronav\u00edrus e o deficit nos quadros da SAP j\u00e1 supera 12 mil funcion\u00e1rios, de acordo com dados divulgados pela pr\u00f3pria secretaria em abril deste ano\u201d, acrescentou ao\u00a0<strong>G1<\/strong>.<\/p><\/blockquote>\n<\/div>\n<div class=\"mc-column content-text active-extra-styles \" style=\"text-align: justify;\" data-block-type=\"unstyled\" data-block-weight=\"69\" data-block-id=\"60\">\n<p class=\"content-text__container \" data-track-category=\"Link no Texto\" data-track-links=\"\">Sobre a situa\u00e7\u00e3o, a SAP esclareceu, por meio de nota ao\u00a0<strong>G1<\/strong>, que a distribui\u00e7\u00e3o de agentes penitenci\u00e1rios nas unidades \u201cdepende do perfil do pres\u00eddio, ou seja, os que est\u00e3o internados no Regime Disciplinar Diferenciado t\u00eam muito mais agentes fazendo a supervis\u00e3o do que os reeducandos de um Centro de Ressocializa\u00e7\u00e3o, cujo perfil \u2013 de bom comportamento e condena\u00e7\u00f5es a menos de 10 anos \u2013 \u00e9 muito menos perigoso\u201d.<\/p>\n<\/div>\n<div class=\"mc-column content-text active-extra-styles \" style=\"text-align: justify;\" data-block-type=\"unstyled\" data-block-weight=\"37\" data-block-id=\"61\">\n<p class=\"content-text__container \" data-track-category=\"Link no Texto\" data-track-links=\"\">A Secretaria de Administra\u00e7\u00e3o Penitenci\u00e1ria informou que \u201ctem concursos para contrata\u00e7\u00e3o de agentes com prazo para nomea\u00e7\u00e3o at\u00e9 2021. No momento, novos concursos est\u00e3o suspensos, conforme teor do Decreto 64.937 de 13 de abril de 2020\u201d.<\/p>\n<\/div>\n<div class=\"row medium-uncollapsed content-media content-photo\" data-block-type=\"backstage-photo\" data-block-id=\"63\">\n<div class=\"mc-column content-media__container\">\n<figure style=\"text-align: justify;\"><img decoding=\"async\" class=\"i-amphtml-fill-content i-amphtml-replaced-content\" src=\"https:\/\/s2.glbimg.com\/Xs514eIsgguCJfvIOYVK4ogZ1k8=\/0x0:1920x1088\/984x0\/smart\/filters:strip_icc()\/i.s3.glbimg.com\/v1\/AUTH_59edd422c0c84a879bd37670ae4f538a\/internal_photos\/bs\/2020\/x\/G\/1kQng8R1WiyaRIbJx7EQ\/penit.-venceslau-2-.png\" sizes=\"(max-width: 1242px) 648px, 100vw\" srcset=\"https:\/\/s2.glbimg.com\/lrIJ0T-QaHmSXs207Td2IE8ZydQ=\/0x0:1920x1088\/1000x0\/smart\/filters:strip_icc()\/i.s3.glbimg.com\/v1\/AUTH_59edd422c0c84a879bd37670ae4f538a\/internal_photos\/bs\/2020\/x\/G\/1kQng8R1WiyaRIbJx7EQ\/penit.-venceslau-2-.png 1000w, https:\/\/s2.glbimg.com\/Xs514eIsgguCJfvIOYVK4ogZ1k8=\/0x0:1920x1088\/984x0\/smart\/filters:strip_icc()\/i.s3.glbimg.com\/v1\/AUTH_59edd422c0c84a879bd37670ae4f538a\/internal_photos\/bs\/2020\/x\/G\/1kQng8R1WiyaRIbJx7EQ\/penit.-venceslau-2-.png 984w, https:\/\/s2.glbimg.com\/KD1dlYTpXNyKiaaDeEwrLm5rK2c=\/0x0:1920x1088\/640x0\/smart\/filters:strip_icc()\/i.s3.glbimg.com\/v1\/AUTH_59edd422c0c84a879bd37670ae4f538a\/internal_photos\/bs\/2020\/x\/G\/1kQng8R1WiyaRIbJx7EQ\/penit.-venceslau-2-.png 640w, https:\/\/s2.glbimg.com\/NZbqpFhLU8zpL-cleFDm3VZdOl4=\/0x0:1920x1088\/600x0\/smart\/filters:strip_icc()\/i.s3.glbimg.com\/v1\/AUTH_59edd422c0c84a879bd37670ae4f538a\/internal_photos\/bs\/2020\/x\/G\/1kQng8R1WiyaRIbJx7EQ\/penit.-venceslau-2-.png 600w\" alt=\"Penitenci\u00e1ria 2 de Presidente Venceslau \u2014 Foto: Reprodu\u00e7\u00e3o\/TV Fronteira\" \/><\/figure>\n<p class=\"content-media__description \" style=\"text-align: justify;\">Penitenci\u00e1ria 2 de Presidente Venceslau \u2014 Foto: Reprodu\u00e7\u00e3o\/TV Fronteira<\/p>\n<p style=\"text-align: justify;\">Fonte: G1<\/p>\n<\/div>\n<\/div>\n<\/div>\n","protected":false},"excerpt":{"rendered":"<p>Levantamento exclusivo do G1 revela que, no per\u00edodo de uma d\u00e9cada, foram registradas 16 evas\u00f5es, sete das quais no Oeste Paulista, conforme informa\u00e7\u00f5es da SAP. O Estado de S\u00e3o Paulo, por meio da Secretaria da Administra\u00e7\u00e3o Penitenci\u00e1ria (SAP), registrou, em um per\u00edodo de 10 anos, 16 fugas de presos\/sentenciados e duas fugas em massa (com [&hellip;]<\/p>\n","protected":false},"author":1,"featured_media":33395,"comment_status":"closed","ping_status":"open","sticky":false,"template":"","format":"standard","meta":{"footnotes":""},"categories":[114,110],"tags":[],"class_list":["post-33394","post","type-post","status-publish","format-standard","has-post-thumbnail","hentry","category-geralecomercio","category-noticiasdestaque"],"_links":{"self":[{"href":"https:\/\/jorgezanoni.com.br\/2019\/wp-json\/wp\/v2\/posts\/33394","targetHints":{"allow":["GET"]}}],"collection":[{"href":"https:\/\/jorgezanoni.com.br\/2019\/wp-json\/wp\/v2\/posts"}],"about":[{"href":"https:\/\/jorgezanoni.com.br\/2019\/wp-json\/wp\/v2\/types\/post"}],"author":[{"embeddable":true,"href":"https:\/\/jorgezanoni.com.br\/2019\/wp-json\/wp\/v2\/users\/1"}],"replies":[{"embeddable":true,"href":"https:\/\/jorgezanoni.com.br\/2019\/wp-json\/wp\/v2\/comments?post=33394"}],"version-history":[{"count":0,"href":"https:\/\/jorgezanoni.com.br\/2019\/wp-json\/wp\/v2\/posts\/33394\/revisions"}],"wp:featuredmedia":[{"embeddable":true,"href":"https:\/\/jorgezanoni.com.br\/2019\/wp-json\/wp\/v2\/media\/33395"}],"wp:attachment":[{"href":"https:\/\/jorgezanoni.com.br\/2019\/wp-json\/wp\/v2\/media?parent=33394"}],"wp:term":[{"taxonomy":"category","embeddable":true,"href":"https:\/\/jorgezanoni.com.br\/2019\/wp-json\/wp\/v2\/categories?post=33394"},{"taxonomy":"post_tag","embeddable":true,"href":"https:\/\/jorgezanoni.com.br\/2019\/wp-json\/wp\/v2\/tags?post=33394"}],"curies":[{"name":"wp","href":"https:\/\/api.w.org\/{rel}","templated":true}]}}