{"id":33391,"date":"2020-08-24T12:39:48","date_gmt":"2020-08-24T12:39:48","guid":{"rendered":"https:\/\/jorgezanoni.com.br\/2019\/?p=33391"},"modified":"2020-08-24T12:39:48","modified_gmt":"2020-08-24T12:39:48","slug":"motorista-morre-atropelado-por-motocicleta-durante-apoio-a-colega-com-problemas-no-caminhao-na-sp-270","status":"publish","type":"post","link":"https:\/\/jorgezanoni.com.br\/2019\/motorista-morre-atropelado-por-motocicleta-durante-apoio-a-colega-com-problemas-no-caminhao-na-sp-270\/","title":{"rendered":"Motorista morre atropelado por motocicleta durante apoio a colega com problemas no caminh\u00e3o na SP-270"},"content":{"rendered":"<h2 class=\"content-head__subtitle\" style=\"text-align: justify;\"><strong>Outro caminhoneiro e o motociclista sofreram ferimentos de natureza grave, conforme a Pol\u00edcia Rodovi\u00e1ria. Acidente foi em Santo Anast\u00e1cio.<\/strong><\/h2>\n<div class=\"mc-column content-text active-extra-styles \" data-block-type=\"unstyled\" data-block-weight=\"56\" data-block-id=\"2\">\n<p class=\"content-text__container \" style=\"text-align: justify;\" data-track-category=\"Link no Texto\" data-track-links=\"\">Um caminhoneiro de 41 anos morreu e outras duas pessoas ficaram feridas ap\u00f3s um acidente na Rodovia Raposo Tavares (SP-270), em<a href=\"http:\/\/g1.globo.com\/sp\/presidente-prudente-regiao\/cidade\/santo-anastacio.html\">\u00a0Santo Anast\u00e1cio<\/a>. O caso, atendido na noite deste domingo |(23) pela Pol\u00edcia Rodovi\u00e1ria, foi registrado como acidente de tr\u00e2nsito com v\u00edtima fatal do tipo choque contra cones de sinaliza\u00e7\u00e3o seguido de atropelamento de pedestres.<\/p>\n<\/div>\n<div class=\"wall protected-content\">\n<div class=\"mc-column content-text active-extra-styles \" style=\"text-align: justify;\" data-block-type=\"unstyled\" data-block-weight=\"39\" data-block-id=\"3\">\n<p class=\"content-text__container \" data-track-category=\"Link no Texto\" data-track-links=\"\">De acordo com a pol\u00edcia, o caminh\u00e3o trator, tracionando dois semirreboques, todos com placas de Botuver\u00e1 (SC), transitava na SP-270, quando no km 602,500 metros apresentou problemas mec\u00e2nicos. O fato fez com que o condutor a parar no acostamento.<\/p>\n<\/div>\n<div class=\"mc-column content-text active-extra-styles \" style=\"text-align: justify;\" data-block-type=\"unstyled\" data-block-weight=\"54\" data-block-id=\"4\">\n<p class=\"content-text__container \" data-track-category=\"Link no Texto\" data-track-links=\"\">Como viajava acompanhado de outros dois caminh\u00f5es, seus respectivos motoristas tamb\u00e9m pararam no acostamento, mas um pouco mais adiante, para ajudarem. Logo em seguida chegaram equipes de inspe\u00e7\u00e3o de tr\u00e1fego da Concession\u00e1ria Auto Raposo Tavares (Cart) e sinalizaram o local com cones, impedindo que ve\u00edculos transitassem na faixa de tr\u00e2nsito \u201c2\u201d e acostamento.<\/p>\n<\/div>\n<div class=\"mc-column content-text active-extra-styles \" style=\"text-align: justify;\" data-block-type=\"unstyled\" data-block-weight=\"74\" data-block-id=\"5\">\n<p class=\"content-text__container \" data-track-category=\"Link no Texto\" data-track-links=\"\">Por\u00e9m, o tr\u00e2nsito flu\u00eda normalmente na faixa de tr\u00e2nsito \u201c1\u201d e o guincho pesado da mesma concession\u00e1ria realizava a remo\u00e7\u00e3o do ve\u00edculo, quando foi necess\u00e1rio a retirada do cardan que fica embaixo do ve\u00edculo, o que foi feito pelo colega caminhoneiro. Quando ele sa\u00eda debaixo do caminh\u00e3o avariado, uma motocicleta do munic\u00edpio de Piquerobi transp\u00f4s a sinaliza\u00e7\u00e3o, bateu contra um dos cones e atropelou o motorista do caminh\u00e3o trator avariado e o outro motorista.<\/p>\n<\/div>\n<div class=\"row medium-uncollapsed content-media content-photo\" style=\"text-align: justify;\" data-block-type=\"backstage-photo\" data-block-id=\"7\">\n<div class=\"mc-column content-media__container\">\n<figure><img decoding=\"async\" class=\"i-amphtml-fill-content i-amphtml-replaced-content\" src=\"https:\/\/s2.glbimg.com\/Vs6AllkSS6wlVkkfCCuOGtGgm34=\/0x0:1280x718\/984x0\/smart\/filters:strip_icc()\/i.s3.glbimg.com\/v1\/AUTH_59edd422c0c84a879bd37670ae4f538a\/internal_photos\/bs\/2020\/Q\/6\/Nstu5oQKmCbyvRN21X6A\/whatsapp-image-2020-08-24-at-04.52.01.jpeg\" sizes=\"(max-width: 1242px) 648px, 100vw\" srcset=\"https:\/\/s2.glbimg.com\/AzIUnhu2lX5dJHWzIxOx97iaytU=\/0x0:1280x718\/1000x0\/smart\/filters:strip_icc()\/i.s3.glbimg.com\/v1\/AUTH_59edd422c0c84a879bd37670ae4f538a\/internal_photos\/bs\/2020\/Q\/6\/Nstu5oQKmCbyvRN21X6A\/whatsapp-image-2020-08-24-at-04.52.01.jpeg 1000w, https:\/\/s2.glbimg.com\/Vs6AllkSS6wlVkkfCCuOGtGgm34=\/0x0:1280x718\/984x0\/smart\/filters:strip_icc()\/i.s3.glbimg.com\/v1\/AUTH_59edd422c0c84a879bd37670ae4f538a\/internal_photos\/bs\/2020\/Q\/6\/Nstu5oQKmCbyvRN21X6A\/whatsapp-image-2020-08-24-at-04.52.01.jpeg 984w, https:\/\/s2.glbimg.com\/kgYBSBA-8nwc-QaJ451oyX0-Bfo=\/0x0:1280x718\/640x0\/smart\/filters:strip_icc()\/i.s3.glbimg.com\/v1\/AUTH_59edd422c0c84a879bd37670ae4f538a\/internal_photos\/bs\/2020\/Q\/6\/Nstu5oQKmCbyvRN21X6A\/whatsapp-image-2020-08-24-at-04.52.01.jpeg 640w, https:\/\/s2.glbimg.com\/DxBR3cGL_JeyGjuMittGkHMHsUA=\/0x0:1280x718\/600x0\/smart\/filters:strip_icc()\/i.s3.glbimg.com\/v1\/AUTH_59edd422c0c84a879bd37670ae4f538a\/internal_photos\/bs\/2020\/Q\/6\/Nstu5oQKmCbyvRN21X6A\/whatsapp-image-2020-08-24-at-04.52.01.jpeg 600w\" alt=\"Acidente de tr\u00e2nsito foi na Rodovia Raposo Tavares, em Santo Anast\u00e1cio \u2014 Foto: Pol\u00edcia Rodovi\u00e1ria\" \/><\/figure>\n<p class=\"content-media__description \">Acidente de tr\u00e2nsito foi na Rodovia Raposo Tavares, em Santo Anast\u00e1cio \u2014 Foto: Pol\u00edcia Rodovi\u00e1ria<\/p>\n<\/div>\n<\/div>\n<div class=\"mc-column content-text active-extra-styles \" style=\"text-align: justify;\" data-block-type=\"unstyled\" data-block-weight=\"11\" data-block-id=\"8\">\n<p class=\"content-text__container \" data-track-category=\"Link no Texto\" data-track-links=\"\">Ambos os caminhoneiros e o motociclista sofreram ferimentos de natureza grave.<\/p>\n<\/div>\n<div class=\"mc-column content-text active-extra-styles \" style=\"text-align: justify;\" data-block-type=\"unstyled\" data-block-weight=\"33\" data-block-id=\"9\">\n<p class=\"content-text__container \" data-track-category=\"Link no Texto\" data-track-links=\"\">Conduto, o pedestre, condutor que havia parado para ajudar, de 41 anos, natural de Brusque (SC), foi socorrido para o hospital de Santo Anast\u00e1cio, onde faleceu, ainda de acordo com a Pol\u00edcia Rodovi\u00e1ria.<\/p>\n<\/div>\n<div class=\"mc-column content-text active-extra-styles \" style=\"text-align: justify;\" data-block-type=\"unstyled\" data-block-weight=\"29\" data-block-id=\"10\">\n<p class=\"content-text__container \" data-track-category=\"Link no Texto\" data-track-links=\"\">O motociclista, de 21 anos, natural de Presidente Venceslau e morador em Piquerobi, segundo a pol\u00edcia, segue internado no Hospital Regional de Presidente Prudente em estado considerado grave.<\/p>\n<\/div>\n<div class=\"mc-column content-text active-extra-styles \" style=\"text-align: justify;\" data-block-type=\"unstyled\" data-block-weight=\"28\" data-block-id=\"11\">\n<p class=\"content-text__container \" data-track-category=\"Link no Texto\" data-track-links=\"\">O pedestre, que era o condutor do ve\u00edculo caminh\u00e3o trator avariado, de 38 anos, natural de Botuver\u00e1, segue internado no hospital de Santo Anast\u00e1cio em estado considerado grave.<\/p>\n<\/div>\n<div class=\"row medium-uncollapsed content-media content-photo\" data-block-type=\"backstage-photo\" data-block-id=\"12\">\n<div class=\"mc-column content-media__container\">\n<figure style=\"text-align: justify;\"><img decoding=\"async\" class=\"i-amphtml-fill-content i-amphtml-replaced-content\" src=\"https:\/\/s2.glbimg.com\/Vvs-IpXgxavzmb0jGpCUoq3BXEA=\/0x0:1280x721\/984x0\/smart\/filters:strip_icc()\/i.s3.glbimg.com\/v1\/AUTH_59edd422c0c84a879bd37670ae4f538a\/internal_photos\/bs\/2020\/m\/x\/NP89IiS7CCrzncOAaLlA\/whatsapp-image-2020-08-24-at-04.57.40.jpeg\" sizes=\"(max-width: 1242px) 648px, 100vw\" srcset=\"https:\/\/s2.glbimg.com\/DURUxdAl4O7WYzth1RZKp8d5kkk=\/0x0:1280x721\/1000x0\/smart\/filters:strip_icc()\/i.s3.glbimg.com\/v1\/AUTH_59edd422c0c84a879bd37670ae4f538a\/internal_photos\/bs\/2020\/m\/x\/NP89IiS7CCrzncOAaLlA\/whatsapp-image-2020-08-24-at-04.57.40.jpeg 1000w, https:\/\/s2.glbimg.com\/Vvs-IpXgxavzmb0jGpCUoq3BXEA=\/0x0:1280x721\/984x0\/smart\/filters:strip_icc()\/i.s3.glbimg.com\/v1\/AUTH_59edd422c0c84a879bd37670ae4f538a\/internal_photos\/bs\/2020\/m\/x\/NP89IiS7CCrzncOAaLlA\/whatsapp-image-2020-08-24-at-04.57.40.jpeg 984w, https:\/\/s2.glbimg.com\/8v2r8001VOLY2yOWkSTGdqcu8DA=\/0x0:1280x721\/640x0\/smart\/filters:strip_icc()\/i.s3.glbimg.com\/v1\/AUTH_59edd422c0c84a879bd37670ae4f538a\/internal_photos\/bs\/2020\/m\/x\/NP89IiS7CCrzncOAaLlA\/whatsapp-image-2020-08-24-at-04.57.40.jpeg 640w, https:\/\/s2.glbimg.com\/nIvaSB-VfvsiqBysKlI17illn-s=\/0x0:1280x721\/600x0\/smart\/filters:strip_icc()\/i.s3.glbimg.com\/v1\/AUTH_59edd422c0c84a879bd37670ae4f538a\/internal_photos\/bs\/2020\/m\/x\/NP89IiS7CCrzncOAaLlA\/whatsapp-image-2020-08-24-at-04.57.40.jpeg 600w\" alt=\"Dois caminhoneiros foram atingidos pela motocicleta \u2014 Foto: Pol\u00edcia Rodovi\u00e1ria\" \/><\/figure>\n<p class=\"content-media__description \" style=\"text-align: justify;\">Dois caminhoneiros foram atingidos pela motocicleta \u2014 Foto: Pol\u00edcia Rodovi\u00e1ria<\/p>\n<p style=\"text-align: justify;\">Fonte: G1<\/p>\n<\/div>\n<\/div>\n<\/div>\n","protected":false},"excerpt":{"rendered":"<p>Outro caminhoneiro e o motociclista sofreram ferimentos de natureza grave, conforme a Pol\u00edcia Rodovi\u00e1ria. Acidente foi em Santo Anast\u00e1cio. Um caminhoneiro de 41 anos morreu e outras duas pessoas ficaram feridas ap\u00f3s um acidente na Rodovia Raposo Tavares (SP-270), em\u00a0Santo Anast\u00e1cio. O caso, atendido na noite deste domingo |(23) pela Pol\u00edcia Rodovi\u00e1ria, foi registrado como [&hellip;]<\/p>\n","protected":false},"author":1,"featured_media":33392,"comment_status":"closed","ping_status":"open","sticky":false,"template":"","format":"standard","meta":{"footnotes":""},"categories":[170,110],"tags":[],"class_list":["post-33391","post","type-post","status-publish","format-standard","has-post-thumbnail","hentry","category-acidentes","category-noticiasdestaque"],"_links":{"self":[{"href":"https:\/\/jorgezanoni.com.br\/2019\/wp-json\/wp\/v2\/posts\/33391","targetHints":{"allow":["GET"]}}],"collection":[{"href":"https:\/\/jorgezanoni.com.br\/2019\/wp-json\/wp\/v2\/posts"}],"about":[{"href":"https:\/\/jorgezanoni.com.br\/2019\/wp-json\/wp\/v2\/types\/post"}],"author":[{"embeddable":true,"href":"https:\/\/jorgezanoni.com.br\/2019\/wp-json\/wp\/v2\/users\/1"}],"replies":[{"embeddable":true,"href":"https:\/\/jorgezanoni.com.br\/2019\/wp-json\/wp\/v2\/comments?post=33391"}],"version-history":[{"count":0,"href":"https:\/\/jorgezanoni.com.br\/2019\/wp-json\/wp\/v2\/posts\/33391\/revisions"}],"wp:featuredmedia":[{"embeddable":true,"href":"https:\/\/jorgezanoni.com.br\/2019\/wp-json\/wp\/v2\/media\/33392"}],"wp:attachment":[{"href":"https:\/\/jorgezanoni.com.br\/2019\/wp-json\/wp\/v2\/media?parent=33391"}],"wp:term":[{"taxonomy":"category","embeddable":true,"href":"https:\/\/jorgezanoni.com.br\/2019\/wp-json\/wp\/v2\/categories?post=33391"},{"taxonomy":"post_tag","embeddable":true,"href":"https:\/\/jorgezanoni.com.br\/2019\/wp-json\/wp\/v2\/tags?post=33391"}],"curies":[{"name":"wp","href":"https:\/\/api.w.org\/{rel}","templated":true}]}}