{"id":33364,"date":"2020-08-23T15:01:13","date_gmt":"2020-08-23T15:01:13","guid":{"rendered":"https:\/\/jorgezanoni.com.br\/2019\/?p=33364"},"modified":"2020-08-23T15:01:13","modified_gmt":"2020-08-23T15:01:13","slug":"padre-robson-diz-que-se-afastou-da-afipe-para-colaborar-com-mp-e-provar-que-nao-desviou-doacoes-sempre-carreguei-cruzes","status":"publish","type":"post","link":"https:\/\/jorgezanoni.com.br\/2019\/padre-robson-diz-que-se-afastou-da-afipe-para-colaborar-com-mp-e-provar-que-nao-desviou-doacoes-sempre-carreguei-cruzes\/","title":{"rendered":"Padre Robson diz que se afastou da Afipe para colaborar com MP e provar que n\u00e3o desviou doa\u00e7\u00f5es: \u2018Sempre carreguei cruzes\u2019"},"content":{"rendered":"<h2 class=\"content-head__subtitle\"><strong>Investiga\u00e7\u00e3o apura se dinheiro doado foi usado na compra de fazendas e at\u00e9 casa na praia. Afipe movimentou R$ 2 bilh\u00f5es em dez anos<\/strong>.<\/h2>\n<p style=\"text-align: justify;\">O padre Robson de Oliveira Pereira, de 46 anos, investigado por suspeita de usar dinheiro de doa\u00e7\u00f5es de fi\u00e9is para\u00a0<a href=\"https:\/\/g1.globo.com\/go\/goias\/noticia\/2020\/08\/21\/mp-investiga-se-afipe-desviou-r-120-milhoes-de-doacoes-de-fieis-para-comprar-fazendas-casa-de-praia-e-outros-bens-de-luxo.ghtml\">comprar uma casa na praia, fazendas<\/a>\u00a0e outros itens de luxo, gravou um v\u00eddeo em sua rede social negando qualquer crime. Ele afirmou que\u00a0<a href=\"https:\/\/g1.globo.com\/go\/goias\/noticia\/2020\/08\/21\/padre-robson-pede-afastamento-apos-operacao-que-apura-desvio-de-doacoes-de-fieis-na-afipe.ghtml\">se afastou da Associa\u00e7\u00e3o Filhos do Pai Eterno<\/a>\u00a0(Afipe), que cuida do Santu\u00e1rio Bas\u00edlica de\u00a0<a href=\"https:\/\/g1.globo.com\/go\/goias\/cidade\/trindade-go\/\">Trindade<\/a>, para colaborar com as investiga\u00e7\u00f5es do Minist\u00e9rio P\u00fablico.<\/p>\n<div class=\"mc-column content-text active-extra-styles\" style=\"text-align: justify;\" data-block-type=\"raw\" data-block-weight=\"21\" data-block-id=\"3\">\n<blockquote class=\"content-blockquote theme-border-color-primary-before\"><p>\u201cO meu caminho nessa miss\u00e3o evangelizadora nunca foi f\u00e1cil. Desde o in\u00edcio, como voc\u00ea bem sabe, sempre carreguei muitas cruzes\u201d, disse.<\/p><\/blockquote>\n<\/div>\n<div class=\"mc-column content-text active-extra-styles \" style=\"text-align: justify;\" data-block-type=\"unstyled\" data-block-weight=\"51\" data-block-id=\"4\">\n<p class=\"content-text__container \" data-track-category=\"Link no Texto\" data-track-links=\"\">Na sexta-feira (21), o Minist\u00e9rio P\u00fablico realizou a\u00a0<a href=\"https:\/\/g1.globo.com\/go\/goias\/noticia\/2020\/08\/21\/mp-go-deflagra-operacao-que-apura-suspeita-de-irregularidades-na-afipe-responsavel-pela-basilica-de-trindade.ghtml\">Opera\u00e7\u00e3o Vendilh\u00f5es<\/a>, que investiga o uso de R$ 120 milh\u00f5es da associa\u00e7\u00e3o para comprar diversos im\u00f3veis milion\u00e1rios e o uso das doa\u00e7\u00f5es fora das atividades ligadas \u00e0 religi\u00e3o. O padre Robson era o reitor da Afipe e pediu o afastamento no mesmo dia.<\/p>\n<\/div>\n<div class=\"mc-column content-text active-extra-styles \" data-block-type=\"unstyled\" data-block-weight=\"71\" data-block-id=\"5\">\n<p class=\"content-text__container \" style=\"text-align: justify;\" data-track-category=\"Link no Texto\" data-track-links=\"\">\u201cSempre estive e continuo \u00e0 disposi\u00e7\u00e3o do Minist\u00e9rio P\u00fablico. Por isso, esse meu pedido de afastamento vai me permitir colaborar com as apura\u00e7\u00f5es da melhor forma e com total transpar\u00eancia para que seja confirmado que toda doa\u00e7\u00e3o que fazemos ao Pai Eterno &#8211; ter\u00e7os rezados, o dinheiro doado, tempo, carinho, trabalho empregado na evangeliza\u00e7\u00e3o &#8211; foi toda, repito, toda empregada na pr\u00f3pria associa\u00e7\u00e3o Afipe em favor da evangeliza\u00e7\u00e3o\u201d, disse no v\u00eddeo.<\/p>\n<div class=\"row medium-uncollapsed content-media content-photo\" style=\"text-align: justify;\" data-block-type=\"backstage-photo\" data-block-id=\"7\">\n<div class=\"mc-column content-media__container\">\n<figure><img decoding=\"async\" class=\"i-amphtml-fill-content i-amphtml-replaced-content\" src=\"https:\/\/s2.glbimg.com\/eBrWFmp2-2O93ObNnUhVx77Xlrg=\/0x0:1700x1065\/984x0\/smart\/filters:strip_icc()\/i.s3.glbimg.com\/v1\/AUTH_59edd422c0c84a879bd37670ae4f538a\/internal_photos\/bs\/2020\/E\/o\/36WL4mRmiBkyJbVwSbkQ\/padre-robson.jpg\" sizes=\"(max-width: 1242px) 648px, 100vw\" srcset=\"https:\/\/s2.glbimg.com\/MwEe8bFop-L8XJeeRj3SOF5GR_w=\/0x0:1700x1065\/1000x0\/smart\/filters:strip_icc()\/i.s3.glbimg.com\/v1\/AUTH_59edd422c0c84a879bd37670ae4f538a\/internal_photos\/bs\/2020\/E\/o\/36WL4mRmiBkyJbVwSbkQ\/padre-robson.jpg 1000w, https:\/\/s2.glbimg.com\/eBrWFmp2-2O93ObNnUhVx77Xlrg=\/0x0:1700x1065\/984x0\/smart\/filters:strip_icc()\/i.s3.glbimg.com\/v1\/AUTH_59edd422c0c84a879bd37670ae4f538a\/internal_photos\/bs\/2020\/E\/o\/36WL4mRmiBkyJbVwSbkQ\/padre-robson.jpg 984w, https:\/\/s2.glbimg.com\/XfR19rdRWNlBHBCjE746OcyC-PY=\/0x0:1700x1065\/640x0\/smart\/filters:strip_icc()\/i.s3.glbimg.com\/v1\/AUTH_59edd422c0c84a879bd37670ae4f538a\/internal_photos\/bs\/2020\/E\/o\/36WL4mRmiBkyJbVwSbkQ\/padre-robson.jpg 640w, https:\/\/s2.glbimg.com\/UHb1iEOSuHOgDtOR8MegKVSBim4=\/0x0:1700x1065\/600x0\/smart\/filters:strip_icc()\/i.s3.glbimg.com\/v1\/AUTH_59edd422c0c84a879bd37670ae4f538a\/internal_photos\/bs\/2020\/E\/o\/36WL4mRmiBkyJbVwSbkQ\/padre-robson.jpg 600w\" alt=\"Padre Robson Oliveira se afastou da Afipe ap\u00f3s opera\u00e7\u00e3o do MP \u2014 Foto: Reprodu\u00e7\u00e3o\/Instagram\" \/><\/figure>\n<p class=\"content-media__description \">Padre Robson Oliveira se afastou da Afipe ap\u00f3s opera\u00e7\u00e3o do MP \u2014 Foto: Reprodu\u00e7\u00e3o\/Instagram<\/p>\n<\/div>\n<\/div>\n<div class=\"mc-column content-text active-extra-styles \" style=\"text-align: justify;\" data-block-type=\"unstyled\" data-block-weight=\"67\" data-block-id=\"8\">\n<p class=\"content-text__container \" data-track-category=\"Link no Texto\" data-track-links=\"\">Segundo o Minist\u00e9rio P\u00fablico, a entidade presidida pelo padre\u00a0<a href=\"https:\/\/g1.globo.com\/go\/goias\/noticia\/2020\/08\/22\/afastado-da-afipe-padre-robson-gerenciava-mais-de-r-20-milhoes-por-mes-de-doacoes-e-comandava-uma-das-maiores-romarias-do-pais.ghtml\">recebia cerca de R$ 20 milh\u00f5es em doa\u00e7\u00f5es<\/a>\u00a0mensalmente e, em dez anos, chegou a movimentar R$ 2 bilh\u00f5es. O dinheiro seria usado, entre outras finalidades, para a\u00a0<a href=\"https:\/\/g1.globo.com\/go\/goias\/noticia\/2020\/08\/22\/orcada-em-r-100-mi-nova-basilica-de-trindade-comecou-a-ser-construida-ha-8-anos-e-preve-maior-sino-suspenso-do-mundo.ghtml\">constru\u00e7\u00e3o da nova Bas\u00edlica<\/a>, or\u00e7ada, inicialmente, em R$ 100 milh\u00f5es. A constru\u00e7\u00e3o, que tinha previs\u00e3o de entrega para 2022 e foi adiada para 2026, ainda est\u00e1 na fase de funda\u00e7\u00e3o.<\/p>\n<\/div>\n<div class=\"mc-column content-text active-extra-styles \" style=\"text-align: justify;\" data-block-type=\"unstyled\" data-block-weight=\"45\" data-block-id=\"9\">\n<p class=\"content-text__container \" data-track-category=\"Link no Texto\" data-track-links=\"\">\u201cMeu cora\u00e7\u00e3o est\u00e1 sereno e confiante de que tudo ser\u00e1 esclarecido o mais breve poss\u00edvel. Nesse momento de prova\u00e7\u00e3o, eu tenho certeza de que essa obra n\u00e3o vai ser abalada, porque Deus \u00e9 nosso pai e nunca desampara seus filhos\u201d, completou o padre na grava\u00e7\u00e3o.<\/p>\n<\/div>\n<div class=\"row medium-uncollapsed content-media content-photo\" style=\"text-align: justify;\" data-block-type=\"backstage-photo\" data-block-id=\"10\">\n<div class=\"mc-column content-media__container\">\n<figure><img decoding=\"async\" class=\"i-amphtml-fill-content i-amphtml-replaced-content\" src=\"https:\/\/s2.glbimg.com\/8_-oKLnQJVUfm54eJLRRNi3Zs78=\/0x0:1700x1065\/984x0\/smart\/filters:strip_icc()\/i.s3.glbimg.com\/v1\/AUTH_59edd422c0c84a879bd37670ae4f538a\/internal_photos\/bs\/2020\/n\/8\/QkEjMIR8qXJ36WoUU9XQ\/obra-.jpg\" sizes=\"(max-width: 1242px) 648px, 100vw\" srcset=\"https:\/\/s2.glbimg.com\/fwWQROWqg9Rc6vqIZXsojyFET94=\/0x0:1700x1065\/1000x0\/smart\/filters:strip_icc()\/i.s3.glbimg.com\/v1\/AUTH_59edd422c0c84a879bd37670ae4f538a\/internal_photos\/bs\/2020\/n\/8\/QkEjMIR8qXJ36WoUU9XQ\/obra-.jpg 1000w, https:\/\/s2.glbimg.com\/8_-oKLnQJVUfm54eJLRRNi3Zs78=\/0x0:1700x1065\/984x0\/smart\/filters:strip_icc()\/i.s3.glbimg.com\/v1\/AUTH_59edd422c0c84a879bd37670ae4f538a\/internal_photos\/bs\/2020\/n\/8\/QkEjMIR8qXJ36WoUU9XQ\/obra-.jpg 984w, https:\/\/s2.glbimg.com\/QNZuwI-s5yy484126t5XhC-0dHY=\/0x0:1700x1065\/640x0\/smart\/filters:strip_icc()\/i.s3.glbimg.com\/v1\/AUTH_59edd422c0c84a879bd37670ae4f538a\/internal_photos\/bs\/2020\/n\/8\/QkEjMIR8qXJ36WoUU9XQ\/obra-.jpg 640w, https:\/\/s2.glbimg.com\/4Oc6xaaAkStoc-F48zVpNxVDKG8=\/0x0:1700x1065\/600x0\/smart\/filters:strip_icc()\/i.s3.glbimg.com\/v1\/AUTH_59edd422c0c84a879bd37670ae4f538a\/internal_photos\/bs\/2020\/n\/8\/QkEjMIR8qXJ36WoUU9XQ\/obra-.jpg 600w\" alt=\"Obra da nova Bas\u00edlica de Trindade, administrada pela Afipe, ainda est\u00e1 em fase inicial \u2014 Foto: Guilherme Rodrigues\/TV Anhanguera\" \/><\/figure>\n<p class=\"content-media__description \">Obra da nova Bas\u00edlica de Trindade, administrada pela Afipe, ainda est\u00e1 em fase inicial \u2014 Foto: Guilherme Rodrigues\/TV Anhanguera<\/p>\n<\/div>\n<\/div>\n<div class=\"mc-column content-text active-extra-styles\" style=\"text-align: justify;\" data-block-type=\"raw\" data-block-weight=\"3\" data-block-id=\"12\">\n<div class=\"content-intertitle\">\n<h2>Doa\u00e7\u00f5es de fi\u00e9is<\/h2>\n<\/div>\n<\/div>\n<div class=\"mc-column content-text active-extra-styles \" style=\"text-align: justify;\" data-block-type=\"unstyled\" data-block-weight=\"71\" data-block-id=\"13\">\n<p class=\"content-text__container \" data-track-category=\"Link no Texto\" data-track-links=\"\">Os promotores apontam que Robson criou &#8220;v\u00e1rias associa\u00e7\u00f5es com nome de fantasia Afipe ou similar, com a mesma finalidade, endere\u00e7o e nome\u201d. Conforme apurado pelo MP, as filiadas da Afipe tamb\u00e9m s\u00e3o voltadas para a \u201cevangeliza\u00e7\u00e3o por meio da TV, para obras sociais e para a constru\u00e7\u00e3o da Nova e Definitiva Casa do Pai Eterno, em Trindade\u201d e que, para esse fim, recebem doa\u00e7\u00f5es de fi\u00e9is de todo o Brasil.<\/p>\n<\/div>\n<div class=\"mc-column content-text active-extra-styles \" style=\"text-align: justify;\" data-block-type=\"unstyled\" data-block-weight=\"41\" data-block-id=\"14\">\n<p class=\"content-text__container \" data-track-category=\"Link no Texto\" data-track-links=\"\">Entre anos de 2016 e 2018, os donativos atingiram um montante de mais de R$ 746 milh\u00f5es, de acordo com o \u00f3rg\u00e3o, que investiga se parte do valor, aproximadamente R$ 120 milh\u00f5es, foi desviado para empresas e pessoas investigadas no processo.<\/p>\n<\/div>\n<div class=\"row medium-uncollapsed content-media content-photo\" style=\"text-align: justify;\" data-block-type=\"backstage-photo\" data-block-id=\"15\">\n<div class=\"mc-column content-media__container\">\n<figure><img decoding=\"async\" class=\"i-amphtml-fill-content i-amphtml-replaced-content\" src=\"https:\/\/s2.glbimg.com\/7Jon0VJAbp-mZBwxIfYRoFA9jUU=\/0x0:1698x1063\/984x0\/smart\/filters:strip_icc()\/i.s3.glbimg.com\/v1\/AUTH_59edd422c0c84a879bd37670ae4f538a\/internal_photos\/bs\/2020\/x\/w\/MTN1tbQay1m3mrFIzVmQ\/montagem-basilica.jpg\" sizes=\"(max-width: 1242px) 648px, 100vw\" srcset=\"https:\/\/s2.glbimg.com\/LVqSstkeaO83UJ3t5tyJ6X89T58=\/0x0:1698x1063\/1000x0\/smart\/filters:strip_icc()\/i.s3.glbimg.com\/v1\/AUTH_59edd422c0c84a879bd37670ae4f538a\/internal_photos\/bs\/2020\/x\/w\/MTN1tbQay1m3mrFIzVmQ\/montagem-basilica.jpg 1000w, https:\/\/s2.glbimg.com\/7Jon0VJAbp-mZBwxIfYRoFA9jUU=\/0x0:1698x1063\/984x0\/smart\/filters:strip_icc()\/i.s3.glbimg.com\/v1\/AUTH_59edd422c0c84a879bd37670ae4f538a\/internal_photos\/bs\/2020\/x\/w\/MTN1tbQay1m3mrFIzVmQ\/montagem-basilica.jpg 984w, https:\/\/s2.glbimg.com\/3NgoAMosI719u2S9v9r6_0xSpVU=\/0x0:1698x1063\/640x0\/smart\/filters:strip_icc()\/i.s3.glbimg.com\/v1\/AUTH_59edd422c0c84a879bd37670ae4f538a\/internal_photos\/bs\/2020\/x\/w\/MTN1tbQay1m3mrFIzVmQ\/montagem-basilica.jpg 640w, https:\/\/s2.glbimg.com\/B7X-86DPT5dpuLO7Ou8VIlgCb20=\/0x0:1698x1063\/600x0\/smart\/filters:strip_icc()\/i.s3.glbimg.com\/v1\/AUTH_59edd422c0c84a879bd37670ae4f538a\/internal_photos\/bs\/2020\/x\/w\/MTN1tbQay1m3mrFIzVmQ\/montagem-basilica.jpg 600w\" alt=\"Opera\u00e7\u00e3o do MP investiga desvio de dinheiro na Afipe, que era presidida por padre Robson \u2014 Foto: Montagem\/G1\" \/><\/figure>\n<p class=\"content-media__description \">Opera\u00e7\u00e3o do MP investiga desvio de dinheiro na Afipe, que era presidida por padre Robson \u2014 Foto: Montagem\/G1<\/p>\n<\/div>\n<\/div>\n<div class=\"mc-column content-text active-extra-styles\" style=\"text-align: justify;\" data-block-type=\"raw\" data-block-weight=\"3\" data-block-id=\"16\">\n<div class=\"content-intertitle\">\n<h2>Investiga\u00e7\u00e3o no Vaticano<\/h2>\n<\/div>\n<\/div>\n<div class=\"mc-column content-text active-extra-styles \" style=\"text-align: justify;\" data-block-type=\"unstyled\" data-block-weight=\"36\" data-block-id=\"17\">\n<p class=\"content-text__container \" data-track-category=\"Link no Texto\" data-track-links=\"\">Segundo o secret\u00e1rio de Seguran\u00e7a P\u00fablica de Goi\u00e1s (SSP-GO), Rodney Miranda, dois representantes do Vaticano vieram ao Brasil no ano passado para investigar o alto valor arrecadado pela Afipe e pelo Santu\u00e1rio Bas\u00edlica de Trindade.<\/p>\n<\/div>\n<div class=\"mc-column content-text active-extra-styles \" style=\"text-align: justify;\" data-block-type=\"unstyled\" data-block-weight=\"63\" data-block-id=\"18\">\n<p class=\"content-text__container \" data-track-category=\"Link no Texto\" data-track-links=\"\">&#8220;Dois delegados da Pol\u00edcia Civil de Goi\u00e1s foram conversar com eles. No encontro, foi nos passado a preocupa\u00e7\u00e3o do Vaticano com o volume de recursos circulando na igreja de Trindade, para a suposta constru\u00e7\u00e3o de uma Bas\u00edlica, que at\u00e9 hoje n\u00e3o saiu do ch\u00e3o. As suspeitas eram sobre a origem de tais recursos e o desvio de finalidade dos mesmos&#8221;, explicou Rodney.<\/p>\n<\/div>\n<div class=\"mc-column content-text active-extra-styles \" style=\"text-align: justify;\" data-block-type=\"unstyled\" data-block-weight=\"47\" data-block-id=\"20\">\n<p class=\"content-text__container \" data-track-category=\"Link no Texto\" data-track-links=\"\">Em entrevista \u00e0 TV Anhanguera neste s\u00e1bado (22), o secret\u00e1rio mencionou, ainda, que a investiga\u00e7\u00e3o do MP aponta uma movimenta\u00e7\u00e3o de R$ 2 bilh\u00f5es na Afipe. &#8220;A Bas\u00edlica foi or\u00e7ada em R$ 100 milh\u00f5es. Com esse valor movimentado, j\u00e1 daria para ter constru\u00eddo 20 bas\u00edlicas&#8221;, afirmou.<\/p>\n<\/div>\n<div class=\"mc-column content-text active-extra-styles \" style=\"text-align: justify;\" data-block-type=\"unstyled\" data-block-weight=\"46\" data-block-id=\"21\">\n<p class=\"content-text__container \" data-track-category=\"Link no Texto\" data-track-links=\"\">Em nota, a Arquidiciose de Goi\u00e2nia informou que &#8220;nunca houve qualquer questionamento por parte do Vaticano em face da Afipe ou da pessoa do padre Robson de Oliveira, e se houve algum contato com o secret\u00e1rio de Seguran\u00e7a P\u00fablica, n\u00e3o foi com representantes do Vaticano&#8221;.<\/p>\n<\/div>\n<div class=\"mc-column content-text active-extra-styles\" style=\"text-align: justify;\" data-block-type=\"raw\" data-block-weight=\"5\" data-block-id=\"22\">\n<div class=\"content-intertitle\">\n<h2>Caso de extors\u00e3o originou a\u00e7\u00e3o<\/h2>\n<\/div>\n<\/div>\n<div class=\"mc-column content-text active-extra-styles \" style=\"text-align: justify;\" data-block-type=\"unstyled\" data-block-weight=\"50\" data-block-id=\"23\">\n<p class=\"content-text__container \" data-track-category=\"Link no Texto\" data-track-links=\"\">De acordo com o MP, a investiga\u00e7\u00e3o come\u00e7ou h\u00e1 dois anos, por conta de outra investiga\u00e7\u00e3o vinculada ao padre Robson. Conforme o apurado, na ocasi\u00e3o, o religioso foi extorquido durante dois meses, em mar\u00e7o e abril de 2017, e &#8220;utilizou indevidamente recursos provenientes de contas das associa\u00e7\u00f5es que preside&#8221;.<\/p>\n<\/div>\n<div class=\"mc-column content-text active-extra-styles \" style=\"text-align: justify;\" data-block-type=\"unstyled\" data-block-weight=\"36\" data-block-id=\"24\">\n<p class=\"content-text__container \" data-track-category=\"Link no Texto\" data-track-links=\"\">Um hacker chegou a ser condenado por\u00a0<a href=\"https:\/\/g1.globo.com\/go\/goias\/noticia\/2019\/03\/15\/hacker-condenado-por-extorquir-r-2-milhoes-do-padre-robson-ameacou-revelar-suposto-caso-amoroso-da-vitima.ghtml\">extorquir R$ 2 milh\u00f5es do padre<\/a>, amea\u00e7ando revelar um suposto caso amoroso do religioso. Por\u00e9m, a pol\u00edcia apontou que as mensagens usadas para extorquir o padre eram falsas.<\/p>\n<\/div>\n<div class=\"mc-column content-text active-extra-styles \" data-block-type=\"unstyled\" data-block-weight=\"71\" data-block-id=\"25\">\n<p class=\"content-text__container \" style=\"text-align: justify;\" data-track-category=\"Link no Texto\" data-track-links=\"\">De acordo com as investiga\u00e7\u00f5es, o dinheiro foi repassado por transfer\u00eancias banc\u00e1rias e entregue em esp\u00e9cie. Os pagamentos eram feitos em quantias de R$ 50 mil a R$ 700 mil. Em alguns casos, o valor era deixado dentro de um carro na porta de um condom\u00ednio ou no estacionamento de um shopping da capital. Uma das entregas foi supervisionada pela Pol\u00edcia Civil a fim de identificar e localizar todos os criminosos.<\/p>\n<p style=\"text-align: justify;\" data-track-category=\"Link no Texto\" data-track-links=\"\">Fonte: https:\/\/g1.globo.com\/go\/goias\/noticia\/2020\/08\/22\/padre-robson-diz-que-se-afastou-da-afipe-para-colaborar-com-mp-e-provar-que-nao-desviou-doacoes-sempre-carreguei-cruzes.ghtml<\/p>\n<\/div>\n<\/div>\n","protected":false},"excerpt":{"rendered":"<p>Investiga\u00e7\u00e3o apura se dinheiro doado foi usado na compra de fazendas e at\u00e9 casa na praia. Afipe movimentou R$ 2 bilh\u00f5es em dez anos. O padre Robson de Oliveira Pereira, de 46 anos, investigado por suspeita de usar dinheiro de doa\u00e7\u00f5es de fi\u00e9is para\u00a0comprar uma casa na praia, fazendas\u00a0e outros itens de luxo, gravou um [&hellip;]<\/p>\n","protected":false},"author":1,"featured_media":33365,"comment_status":"closed","ping_status":"open","sticky":false,"template":"","format":"standard","meta":{"footnotes":""},"categories":[110,2,118],"tags":[],"class_list":["post-33364","post","type-post","status-publish","format-standard","has-post-thumbnail","hentry","category-noticiasdestaque","category-policial","category-religiaoesolidariedade"],"_links":{"self":[{"href":"https:\/\/jorgezanoni.com.br\/2019\/wp-json\/wp\/v2\/posts\/33364","targetHints":{"allow":["GET"]}}],"collection":[{"href":"https:\/\/jorgezanoni.com.br\/2019\/wp-json\/wp\/v2\/posts"}],"about":[{"href":"https:\/\/jorgezanoni.com.br\/2019\/wp-json\/wp\/v2\/types\/post"}],"author":[{"embeddable":true,"href":"https:\/\/jorgezanoni.com.br\/2019\/wp-json\/wp\/v2\/users\/1"}],"replies":[{"embeddable":true,"href":"https:\/\/jorgezanoni.com.br\/2019\/wp-json\/wp\/v2\/comments?post=33364"}],"version-history":[{"count":0,"href":"https:\/\/jorgezanoni.com.br\/2019\/wp-json\/wp\/v2\/posts\/33364\/revisions"}],"wp:featuredmedia":[{"embeddable":true,"href":"https:\/\/jorgezanoni.com.br\/2019\/wp-json\/wp\/v2\/media\/33365"}],"wp:attachment":[{"href":"https:\/\/jorgezanoni.com.br\/2019\/wp-json\/wp\/v2\/media?parent=33364"}],"wp:term":[{"taxonomy":"category","embeddable":true,"href":"https:\/\/jorgezanoni.com.br\/2019\/wp-json\/wp\/v2\/categories?post=33364"},{"taxonomy":"post_tag","embeddable":true,"href":"https:\/\/jorgezanoni.com.br\/2019\/wp-json\/wp\/v2\/tags?post=33364"}],"curies":[{"name":"wp","href":"https:\/\/api.w.org\/{rel}","templated":true}]}}