{"id":33327,"date":"2020-08-23T01:49:58","date_gmt":"2020-08-23T01:49:58","guid":{"rendered":"https:\/\/jorgezanoni.com.br\/2019\/?p=33327"},"modified":"2020-08-23T01:57:14","modified_gmt":"2020-08-23T01:57:14","slug":"filhotes-de-cachorro-do-mato-sao-resgatados-em-canavial-apos-desgarrarem-se-da-mae-em-fuga-de-incendio-e-estao-em-dracena","status":"publish","type":"post","link":"https:\/\/jorgezanoni.com.br\/2019\/filhotes-de-cachorro-do-mato-sao-resgatados-em-canavial-apos-desgarrarem-se-da-mae-em-fuga-de-incendio-e-estao-em-dracena\/","title":{"rendered":"Filhotes de cachorro-do-mato s\u00e3o resgatados em canavial ap\u00f3s desgarrarem-se da m\u00e3e em fuga de inc\u00eandio e est\u00e3o em Dracena"},"content":{"rendered":"<h2 class=\"content-head__subtitle\" style=\"text-align: justify;\"><strong>Animais silvestres t\u00eam apenas cerca de um m\u00eas de vida e recebem tratamento, com mamadeira \u00e0 base de leite de vaca e gema de ovo, em uma cl\u00ednica m\u00e9dica veterin\u00e1ria em Dracena (SP).<\/strong><\/h2>\n<div class=\"mc-column content-text active-extra-styles \" data-block-type=\"unstyled\" data-block-weight=\"44\" data-block-id=\"2\">\n<p class=\"content-text__container \" style=\"text-align: justify;\" data-track-category=\"Link no Texto\" data-track-links=\"\">Dois filhotes de cachorro-do-mato foram resgatados em uma \u00e1rea de plantio de cana-de-a\u00e7\u00facar localizada no munic\u00edpio de\u00a0<a href=\"https:\/\/g1.globo.com\/sp\/presidente-prudente-regiao\/cidade\/monte-castelo-sp\/\">Monte Castelo (SP)<\/a>. A suspeita \u00e9 de que eles tenham se desgarrado da m\u00e3e ao tentarem fugir de um inc\u00eandio nas proximidades do local onde foram encontrados.<\/p>\n<\/div>\n<div class=\"wall protected-content\">\n<div class=\"mc-column content-text active-extra-styles \" style=\"text-align: justify;\" data-block-type=\"unstyled\" data-block-weight=\"25\" data-block-id=\"3\">\n<p class=\"content-text__container \" data-track-category=\"Link no Texto\" data-track-links=\"\">Segundo o sargento Robson Dinardi, da Pol\u00edcia Militar Ambiental, o casal foi salvo por populares e levado para uma cl\u00ednica m\u00e9dica veterin\u00e1ria de Monte Castelo.<\/p>\n<\/div>\n<div class=\"mc-column content-text active-extra-styles \" style=\"text-align: justify;\" data-block-type=\"unstyled\" data-block-weight=\"27\" data-block-id=\"4\">\n<p class=\"content-text__container \" data-track-category=\"Link no Texto\" data-track-links=\"\">&#8220;A Pol\u00edcia Militar Ambiental foi solicitada para buscar os animais e de l\u00e1 os levamos at\u00e9 a casa de um m\u00e9dico veterin\u00e1rio em\u00a0<a href=\"https:\/\/g1.globo.com\/sp\/presidente-prudente-regiao\/cidade\/dracena\/\">Dracena [SP]<\/a>&#8220;, conta Dinardi.<\/p>\n<\/div>\n<div class=\"mc-column content-text active-extra-styles \" style=\"text-align: justify;\" data-block-type=\"unstyled\" data-block-weight=\"26\" data-block-id=\"5\">\n<p class=\"content-text__container \" data-track-category=\"Link no Texto\" data-track-links=\"\">Ainda conforme o sargento, os filhotes foram levados em uma caixa e embrulhados com panos para mant\u00ea-los aquecidos em raz\u00e3o do frio que atinge a regi\u00e3o.<\/p>\n<\/div>\n<div class=\"row medium-uncollapsed content-media content-photo\" style=\"text-align: justify;\" data-block-type=\"backstage-photo\" data-block-id=\"6\">\n<div class=\"mc-column content-media__container\">\n<figure><img decoding=\"async\" class=\"i-amphtml-fill-content i-amphtml-replaced-content\" src=\"https:\/\/s2.glbimg.com\/lHv0mJVGS4Yf6qurw-ngfmt45VI=\/0x0:1280x960\/984x0\/smart\/filters:strip_icc()\/i.s3.glbimg.com\/v1\/AUTH_59edd422c0c84a879bd37670ae4f538a\/internal_photos\/bs\/2020\/H\/J\/ZVHgFsQdGMiAnYFrMRdg\/dog-1.jpg\" sizes=\"(max-width: 1242px) 648px, 100vw\" srcset=\"https:\/\/s2.glbimg.com\/PRmELALIRrNrQJdlb_J56m16IRQ=\/0x0:1280x960\/1000x0\/smart\/filters:strip_icc()\/i.s3.glbimg.com\/v1\/AUTH_59edd422c0c84a879bd37670ae4f538a\/internal_photos\/bs\/2020\/H\/J\/ZVHgFsQdGMiAnYFrMRdg\/dog-1.jpg 1000w, https:\/\/s2.glbimg.com\/lHv0mJVGS4Yf6qurw-ngfmt45VI=\/0x0:1280x960\/984x0\/smart\/filters:strip_icc()\/i.s3.glbimg.com\/v1\/AUTH_59edd422c0c84a879bd37670ae4f538a\/internal_photos\/bs\/2020\/H\/J\/ZVHgFsQdGMiAnYFrMRdg\/dog-1.jpg 984w, https:\/\/s2.glbimg.com\/BRBBq2mjm0dlMrT_l0TuBujeXh4=\/0x0:1280x960\/640x0\/smart\/filters:strip_icc()\/i.s3.glbimg.com\/v1\/AUTH_59edd422c0c84a879bd37670ae4f538a\/internal_photos\/bs\/2020\/H\/J\/ZVHgFsQdGMiAnYFrMRdg\/dog-1.jpg 640w, https:\/\/s2.glbimg.com\/9ZpkXvH5oHe7h90oNhlbeS1uwZQ=\/0x0:1280x960\/600x0\/smart\/filters:strip_icc()\/i.s3.glbimg.com\/v1\/AUTH_59edd422c0c84a879bd37670ae4f538a\/internal_photos\/bs\/2020\/H\/J\/ZVHgFsQdGMiAnYFrMRdg\/dog-1.jpg 600w\" alt=\"Filhotes de cachorro-do-mato recebem tratamento em cl\u00ednica veterin\u00e1ria \u2014 Foto: Carlos Volpi\/TV Fronteira\" \/><\/figure>\n<p class=\"content-media__description \">Filhotes de cachorro-do-mato recebem tratamento em cl\u00ednica veterin\u00e1ria \u2014 Foto: Carlos Volpi\/TV Fronteira<\/p>\n<\/div>\n<\/div>\n<div class=\"mc-column content-text active-extra-styles\" style=\"text-align: justify;\" data-block-type=\"raw\" data-block-weight=\"37\" data-block-id=\"8\">\n<blockquote class=\"content-blockquote theme-border-color-primary-before\"><p>&#8220;Eles n\u00e3o apresentavam sinais de hipotermia e les\u00f5es graves, no entanto, o machinho tinha machucados em uma das perninhas e patinhas&#8221;, conta o m\u00e9dico veterin\u00e1rio Colombo Guerra Carvalho J\u00fanior, que recebeu os cachorrinhos-do-mato em sua pr\u00f3pria casa.<\/p><\/blockquote>\n<\/div>\n<div class=\"mc-column content-text active-extra-styles \" style=\"text-align: justify;\" data-block-type=\"unstyled\" data-block-weight=\"22\" data-block-id=\"9\">\n<p class=\"content-text__container \" data-track-category=\"Link no Texto\" data-track-links=\"\">Ele diz que, no per\u00edodo noturno, os filhotinhos s\u00e3o levados para a sua casa, enquanto, durante o dia, ficam na cl\u00ednica veterin\u00e1ria.<\/p>\n<\/div>\n<div class=\"mc-column content-text active-extra-styles\" style=\"text-align: justify;\" data-block-type=\"raw\" data-block-weight=\"44\" data-block-id=\"10\">\n<blockquote class=\"content-blockquote theme-border-color-primary-before\"><p>&#8220;Os filhotinhos est\u00e3o bem e acreditamos que a m\u00e3e possa t\u00ea-los abandonado durante um inc\u00eandio pr\u00f3ximo \u00e0 \u00e1rea onde foram encontrados. Eles est\u00e3o recebendo uma mamadeira de duas em duas horas, que \u00e9 \u00e0 base de leite de vaca e gema de ovo\u201d, salienta.<\/p><\/blockquote>\n<\/div>\n<div class=\"row medium-uncollapsed content-media content-photo\" style=\"text-align: justify;\" data-block-type=\"backstage-photo\" data-block-id=\"11\">\n<div class=\"mc-column content-media__container\">\n<figure><img decoding=\"async\" class=\"i-amphtml-fill-content i-amphtml-replaced-content\" src=\"https:\/\/s2.glbimg.com\/si561zL2hDDy6q6iVLRrcypZPqQ=\/0x0:1280x960\/984x0\/smart\/filters:strip_icc()\/i.s3.glbimg.com\/v1\/AUTH_59edd422c0c84a879bd37670ae4f538a\/internal_photos\/bs\/2020\/e\/N\/V9xhrWQk6M6KYZIiH9Kg\/dog-2.jpg\" sizes=\"(max-width: 1242px) 648px, 100vw\" srcset=\"https:\/\/s2.glbimg.com\/WA0ugA5BMMnTSJffTvRI2iyaxYA=\/0x0:1280x960\/1000x0\/smart\/filters:strip_icc()\/i.s3.glbimg.com\/v1\/AUTH_59edd422c0c84a879bd37670ae4f538a\/internal_photos\/bs\/2020\/e\/N\/V9xhrWQk6M6KYZIiH9Kg\/dog-2.jpg 1000w, https:\/\/s2.glbimg.com\/si561zL2hDDy6q6iVLRrcypZPqQ=\/0x0:1280x960\/984x0\/smart\/filters:strip_icc()\/i.s3.glbimg.com\/v1\/AUTH_59edd422c0c84a879bd37670ae4f538a\/internal_photos\/bs\/2020\/e\/N\/V9xhrWQk6M6KYZIiH9Kg\/dog-2.jpg 984w, https:\/\/s2.glbimg.com\/gcvKr4a37pf2xXsj_2zBLHX-BaE=\/0x0:1280x960\/640x0\/smart\/filters:strip_icc()\/i.s3.glbimg.com\/v1\/AUTH_59edd422c0c84a879bd37670ae4f538a\/internal_photos\/bs\/2020\/e\/N\/V9xhrWQk6M6KYZIiH9Kg\/dog-2.jpg 640w, https:\/\/s2.glbimg.com\/SfXDJ287Ch6EzPfOCWVaoeDZpVU=\/0x0:1280x960\/600x0\/smart\/filters:strip_icc()\/i.s3.glbimg.com\/v1\/AUTH_59edd422c0c84a879bd37670ae4f538a\/internal_photos\/bs\/2020\/e\/N\/V9xhrWQk6M6KYZIiH9Kg\/dog-2.jpg 600w\" alt=\"Filhotes de cachorro-do-mato recebem tratamento em cl\u00ednica veterin\u00e1ria \u2014 Foto: Carlos Volpi\/TV Fronteira\" \/><\/figure>\n<p class=\"content-media__description \">Filhotes de cachorro-do-mato recebem tratamento em cl\u00ednica veterin\u00e1ria \u2014 Foto: Carlos Volpi\/TV Fronteira<\/p>\n<\/div>\n<\/div>\n<div class=\"mc-column content-text active-extra-styles \" style=\"text-align: justify;\" data-block-type=\"unstyled\" data-block-weight=\"22\" data-block-id=\"12\">\n<p class=\"content-text__container \" data-track-category=\"Link no Texto\" data-track-links=\"\">Carvalho J\u00fanior diz que os cachorrinhos-do-mato pesam em torno de 400 gramas, cada um, e t\u00eam cerca de um m\u00eas de vida.<\/p>\n<\/div>\n<div class=\"mc-column content-text active-extra-styles \" style=\"text-align: justify;\" data-block-type=\"unstyled\" data-block-weight=\"33\" data-block-id=\"13\">\n<p class=\"content-text__container \" data-track-category=\"Link no Texto\" data-track-links=\"\">&#8220;J\u00e1 demos at\u00e9 nomes para eles, que se chamam Jo\u00e3o e Maria&#8221;, diz o veterin\u00e1rio, em alus\u00e3o ao conto infantil em que uma menina e um menino se perdem e posteriormente s\u00e3o encontrados.<\/p>\n<\/div>\n<div class=\"mc-column content-text active-extra-styles \" style=\"text-align: justify;\" data-block-type=\"unstyled\" data-block-weight=\"41\" data-block-id=\"14\">\n<p class=\"content-text__container \" data-track-category=\"Link no Texto\" data-track-links=\"\">Carvalho J\u00fanior explica que os filhotinhos ir\u00e3o permanecer sob os cuidados da cl\u00ednica veterin\u00e1ria at\u00e9 a reabilita\u00e7\u00e3o do seu quadro de sa\u00fade e possivelmente ser\u00e3o encaminhados na pr\u00f3xima semana pela Pol\u00edcia Militar Ambiental a uma associa\u00e7\u00e3o que cuida de animais silvestres.<\/p>\n<\/div>\n<div class=\"mc-column content-text active-extra-styles \" style=\"text-align: justify;\" data-block-type=\"unstyled\" data-block-weight=\"29\" data-block-id=\"15\">\n<p class=\"content-text__container \" data-track-category=\"Link no Texto\" data-track-links=\"\">&#8220;Provavelmente iremos lev\u00e1-los para a Apass [Associa\u00e7\u00e3o Protetora de Animais Silvestres], em Assis [SP], ainda sem um dia previsto da pr\u00f3xima semana&#8221;, adianta o sargento da Pol\u00edcia Militar Ambiental.<\/p>\n<\/div>\n<div class=\"mc-column content-text active-extra-styles\" style=\"text-align: justify;\" data-block-type=\"raw\" data-block-weight=\"43\" data-block-id=\"17\">\n<blockquote class=\"content-blockquote theme-border-color-primary-before\"><p>&#8220;Realmente, pela pr\u00f3pria caracter\u00edstica morfofisiol\u00f3gica da cultura da cana-de-a\u00e7\u00facar, que \u00e9 uma cultura de ciclo anual, plantada em grandes talh\u00f5es e que n\u00e3o permite manejos ap\u00f3s o terceiro m\u00eas de rebrota, os animais silvestres acabam por fazer dela um ref\u00fagio natural&#8221;, ressalta Dinardi.<\/p><\/blockquote>\n<\/div>\n<div class=\"mc-column content-text active-extra-styles \" style=\"text-align: justify;\" data-block-type=\"unstyled\" data-block-weight=\"28\" data-block-id=\"18\">\n<p class=\"content-text__container \" data-track-category=\"Link no Texto\" data-track-links=\"\">&#8220;\u00c9 natural, portanto, encontrarmos diversas esp\u00e9cies cumprindo parte de seu ciclo de vida nesta cultura. Por\u00e9m, acidentes deste tipo podem vir a ocorrer no momento da colheita&#8221;, observa.<\/p>\n<\/div>\n<div class=\"row medium-uncollapsed content-media content-photo\" style=\"text-align: justify;\" data-block-type=\"backstage-photo\" data-block-id=\"19\">\n<div class=\"mc-column content-media__container\">\n<figure><img decoding=\"async\" class=\"i-amphtml-fill-content i-amphtml-replaced-content\" src=\"https:\/\/s2.glbimg.com\/53jSAlbyty1jxl6fEcJcXhTVhCc=\/0x0:1280x960\/984x0\/smart\/filters:strip_icc()\/i.s3.glbimg.com\/v1\/AUTH_59edd422c0c84a879bd37670ae4f538a\/internal_photos\/bs\/2020\/v\/c\/wnK3pUSca1bLPir2aAOA\/dog-3.jpg\" sizes=\"(max-width: 1242px) 648px, 100vw\" srcset=\"https:\/\/s2.glbimg.com\/6GzBxhUEsZOVYTu2dI65w0MyZVY=\/0x0:1280x960\/1000x0\/smart\/filters:strip_icc()\/i.s3.glbimg.com\/v1\/AUTH_59edd422c0c84a879bd37670ae4f538a\/internal_photos\/bs\/2020\/v\/c\/wnK3pUSca1bLPir2aAOA\/dog-3.jpg 1000w, https:\/\/s2.glbimg.com\/53jSAlbyty1jxl6fEcJcXhTVhCc=\/0x0:1280x960\/984x0\/smart\/filters:strip_icc()\/i.s3.glbimg.com\/v1\/AUTH_59edd422c0c84a879bd37670ae4f538a\/internal_photos\/bs\/2020\/v\/c\/wnK3pUSca1bLPir2aAOA\/dog-3.jpg 984w, https:\/\/s2.glbimg.com\/V2HRzKndSUa4HQVghGAGHFZbKDY=\/0x0:1280x960\/640x0\/smart\/filters:strip_icc()\/i.s3.glbimg.com\/v1\/AUTH_59edd422c0c84a879bd37670ae4f538a\/internal_photos\/bs\/2020\/v\/c\/wnK3pUSca1bLPir2aAOA\/dog-3.jpg 640w, https:\/\/s2.glbimg.com\/AQg6f2-FtIl5wgDRbfqIodoTqc8=\/0x0:1280x960\/600x0\/smart\/filters:strip_icc()\/i.s3.glbimg.com\/v1\/AUTH_59edd422c0c84a879bd37670ae4f538a\/internal_photos\/bs\/2020\/v\/c\/wnK3pUSca1bLPir2aAOA\/dog-3.jpg 600w\" alt=\"Filhotes de cachorro-do-mato recebem tratamento em cl\u00ednica veterin\u00e1ria \u2014 Foto: Carlos Volpi\/TV Fronteira\" \/><\/figure>\n<p class=\"content-media__description \">Filhotes de cachorro-do-mato recebem tratamento em cl\u00ednica veterin\u00e1ria \u2014 Foto: Carlos Volpi\/TV Fronteira<\/p>\n<\/div>\n<\/div>\n<div class=\"mc-column content-text active-extra-styles\" style=\"text-align: justify;\" data-block-type=\"raw\" data-block-weight=\"3\" data-block-id=\"20\">\n<div class=\"content-intertitle\">\n<h2>Dispersor de sementes<\/h2>\n<\/div>\n<\/div>\n<div class=\"mc-column content-text active-extra-styles \" style=\"text-align: justify;\" data-block-type=\"unstyled\" data-block-weight=\"29\" data-block-id=\"21\">\n<p class=\"content-text__container \" data-track-category=\"Link no Texto\" data-track-links=\"\">O cachorro-do-mato (<em>Cerdocyon thous<\/em>)\u00a0<a href=\"http:\/\/g1.globo.com\/sp\/campinas-regiao\/terra-da-gente\/fauna\/noticia\/2014\/12\/cachorro-do-mato.html\">\u00e9 uma esp\u00e9cie distribu\u00edda desde a Venezuela e a Col\u00f4mbia at\u00e9 o sul do Uruguai e o Paraguai, excluindo as \u00e1reas baixas da Bacia Amaz\u00f4nica<\/a>.<\/p>\n<\/div>\n<div class=\"mc-column content-text active-extra-styles \" style=\"text-align: justify;\" data-block-type=\"unstyled\" data-block-weight=\"12\" data-block-id=\"22\">\n<p class=\"content-text__container \" data-track-category=\"Link no Texto\" data-track-links=\"\">Alimenta-se de frutos, pequenos mam\u00edferos, aves, r\u00e9pteis, anf\u00edbios, peixes, insetos e carni\u00e7a.<\/p>\n<\/div>\n<div class=\"mc-column content-text active-extra-styles \" style=\"text-align: justify;\" data-block-type=\"unstyled\" data-block-weight=\"28\" data-block-id=\"23\">\n<p class=\"content-text__container \" data-track-category=\"Link no Texto\" data-track-links=\"\">O per\u00edodo de gesta\u00e7\u00e3o \u00e9, em m\u00e9dia, de 56 dias. As f\u00eameas produzem de tr\u00eas a seis filhotes por ninhada. Os filhotes s\u00e3o desmamados perto de 90 dias.<\/p>\n<\/div>\n<div class=\"row medium-uncollapsed content-media content-photo\" style=\"text-align: justify;\" data-block-type=\"backstage-photo\" data-block-id=\"24\">\n<div class=\"mc-column content-media__container\">\n<figure><img decoding=\"async\" class=\"i-amphtml-fill-content i-amphtml-replaced-content\" src=\"https:\/\/s2.glbimg.com\/GI872SGzdTQin-4osVox9B_hT_w=\/0x0:1280x960\/984x0\/smart\/filters:strip_icc()\/i.s3.glbimg.com\/v1\/AUTH_59edd422c0c84a879bd37670ae4f538a\/internal_photos\/bs\/2020\/o\/p\/CoiF4SQfKXlRU2tIwcBg\/dog-4.jpg\" sizes=\"(max-width: 1242px) 648px, 100vw\" srcset=\"https:\/\/s2.glbimg.com\/svlZwbze9DUlyO4wzU2aui2LSKk=\/0x0:1280x960\/1000x0\/smart\/filters:strip_icc()\/i.s3.glbimg.com\/v1\/AUTH_59edd422c0c84a879bd37670ae4f538a\/internal_photos\/bs\/2020\/o\/p\/CoiF4SQfKXlRU2tIwcBg\/dog-4.jpg 1000w, https:\/\/s2.glbimg.com\/GI872SGzdTQin-4osVox9B_hT_w=\/0x0:1280x960\/984x0\/smart\/filters:strip_icc()\/i.s3.glbimg.com\/v1\/AUTH_59edd422c0c84a879bd37670ae4f538a\/internal_photos\/bs\/2020\/o\/p\/CoiF4SQfKXlRU2tIwcBg\/dog-4.jpg 984w, https:\/\/s2.glbimg.com\/9ZwQ_QuszfHCuIQstMrnwibzCO0=\/0x0:1280x960\/640x0\/smart\/filters:strip_icc()\/i.s3.glbimg.com\/v1\/AUTH_59edd422c0c84a879bd37670ae4f538a\/internal_photos\/bs\/2020\/o\/p\/CoiF4SQfKXlRU2tIwcBg\/dog-4.jpg 640w, https:\/\/s2.glbimg.com\/YqCS--Pj16KINFXrAo0dbCDH4ZY=\/0x0:1280x960\/600x0\/smart\/filters:strip_icc()\/i.s3.glbimg.com\/v1\/AUTH_59edd422c0c84a879bd37670ae4f538a\/internal_photos\/bs\/2020\/o\/p\/CoiF4SQfKXlRU2tIwcBg\/dog-4.jpg 600w\" alt=\"Filhotes de cachorro-do-mato recebem tratamento em cl\u00ednica veterin\u00e1ria \u2014 Foto: Carlos Volpi\/TV Fronteira\" \/><\/figure>\n<p class=\"content-media__description \">Filhotes de cachorro-do-mato recebem tratamento em cl\u00ednica veterin\u00e1ria \u2014 Foto: Carlos Volpi\/TV Fronteira<\/p>\n<\/div>\n<\/div>\n<div class=\"mc-column content-text active-extra-styles \" style=\"text-align: justify;\" data-block-type=\"unstyled\" data-block-weight=\"19\" data-block-id=\"26\">\n<p class=\"content-text__container \" data-track-category=\"Link no Texto\" data-track-links=\"\">O cachorro-do-mato circula ao anoitecer. Pode ser observado andando em duplas e ca\u00e7a individualmente, mas tamb\u00e9m, comumentemente, aos pares.<\/p>\n<\/div>\n<div class=\"mc-column content-text active-extra-styles \" style=\"text-align: justify;\" data-block-type=\"unstyled\" data-block-weight=\"36\" data-block-id=\"27\">\n<p class=\"content-text__container \" data-track-category=\"Link no Texto\" data-track-links=\"\">Quando jovens, as ca\u00e7adas podem acontecer at\u00e9 em grupos (de tr\u00eas a quatro indiv\u00edduos). Um adulto mede at\u00e9 64 cent\u00edmetros de comprimento, sem contar a cauda (com 31 cent\u00edmetros). Seu peso pode chegar a 8,5 quilos.<\/p>\n<\/div>\n<div class=\"mc-column content-text active-extra-styles \" style=\"text-align: justify;\" data-block-type=\"unstyled\" data-block-weight=\"36\" data-block-id=\"28\">\n<p class=\"content-text__container \" data-track-category=\"Link no Texto\" data-track-links=\"\">A pelagem \u00e9 cinza com preto, \u00e0s vezes tamb\u00e9m com marrom-claro. O cachorro-do-mato tem patas pretas ou escuras. Outras caracter\u00edsticas s\u00e3o a cauda peluda com ponta preta e orelhas m\u00e9dias, ligeiramente arredondadas e escuras nas pontas.<\/p>\n<\/div>\n<div class=\"mc-column content-text active-extra-styles \" style=\"text-align: justify;\" data-block-type=\"unstyled\" data-block-weight=\"12\" data-block-id=\"29\">\n<p class=\"content-text__container \" data-track-category=\"Link no Texto\" data-track-links=\"\">Devido ao alto consumo de frutos, pode agir como dispersor de sementes.<\/p>\n<\/div>\n<div class=\"row medium-uncollapsed content-media content-photo\" style=\"text-align: justify;\" data-block-type=\"backstage-photo\" data-block-id=\"30\">\n<div class=\"mc-column content-media__container\">\n<figure><img decoding=\"async\" class=\"i-amphtml-fill-content i-amphtml-replaced-content\" src=\"https:\/\/s2.glbimg.com\/_zPVqm-eCSB-OzdZaSWOkrQp_bY=\/0x0:1280x960\/984x0\/smart\/filters:strip_icc()\/i.s3.glbimg.com\/v1\/AUTH_59edd422c0c84a879bd37670ae4f538a\/internal_photos\/bs\/2020\/x\/h\/HFnf2WQTK2AJsFvdY8ww\/dog-6.jpg\" sizes=\"(max-width: 1242px) 648px, 100vw\" srcset=\"https:\/\/s2.glbimg.com\/gSieXorVrwiGXK-Nj2BZVwsLPz0=\/0x0:1280x960\/1000x0\/smart\/filters:strip_icc()\/i.s3.glbimg.com\/v1\/AUTH_59edd422c0c84a879bd37670ae4f538a\/internal_photos\/bs\/2020\/x\/h\/HFnf2WQTK2AJsFvdY8ww\/dog-6.jpg 1000w, https:\/\/s2.glbimg.com\/_zPVqm-eCSB-OzdZaSWOkrQp_bY=\/0x0:1280x960\/984x0\/smart\/filters:strip_icc()\/i.s3.glbimg.com\/v1\/AUTH_59edd422c0c84a879bd37670ae4f538a\/internal_photos\/bs\/2020\/x\/h\/HFnf2WQTK2AJsFvdY8ww\/dog-6.jpg 984w, https:\/\/s2.glbimg.com\/PUXWpywSbcNNV50YNHy8km2gRuE=\/0x0:1280x960\/640x0\/smart\/filters:strip_icc()\/i.s3.glbimg.com\/v1\/AUTH_59edd422c0c84a879bd37670ae4f538a\/internal_photos\/bs\/2020\/x\/h\/HFnf2WQTK2AJsFvdY8ww\/dog-6.jpg 640w, https:\/\/s2.glbimg.com\/sftG-c9k7OWZpTljetdvhtCy6QU=\/0x0:1280x960\/600x0\/smart\/filters:strip_icc()\/i.s3.glbimg.com\/v1\/AUTH_59edd422c0c84a879bd37670ae4f538a\/internal_photos\/bs\/2020\/x\/h\/HFnf2WQTK2AJsFvdY8ww\/dog-6.jpg 600w\" alt=\"Filhotes de cachorro-do-mato recebem tratamento em cl\u00ednica veterin\u00e1ria \u2014 Foto: Carlos Volpi\/TV Fronteira\" \/><\/figure>\n<p class=\"content-media__description \">Filhotes de cachorro-do-mato recebem tratamento em cl\u00ednica veterin\u00e1ria \u2014 Foto: Carlos Volpi\/TV Fronteira<\/p>\n<\/div>\n<\/div>\n<div class=\"row medium-uncollapsed content-media content-photo\" style=\"text-align: justify;\" data-block-type=\"backstage-photo\" data-block-id=\"31\">\n<div class=\"mc-column content-media__container\">\n<figure><img decoding=\"async\" class=\"i-amphtml-fill-content i-amphtml-replaced-content\" src=\"https:\/\/s2.glbimg.com\/PlSSZajdYWH1pvkM8jURYgVS3Ao=\/0x0:1280x960\/984x0\/smart\/filters:strip_icc()\/i.s3.glbimg.com\/v1\/AUTH_59edd422c0c84a879bd37670ae4f538a\/internal_photos\/bs\/2020\/r\/o\/MMoVhHRJ6Kk0b4GBQLzw\/dog-7.jpg\" sizes=\"(max-width: 1242px) 648px, 100vw\" srcset=\"https:\/\/s2.glbimg.com\/SwBIjA1pWKgaAZKQ_G0zTedBCr0=\/0x0:1280x960\/1000x0\/smart\/filters:strip_icc()\/i.s3.glbimg.com\/v1\/AUTH_59edd422c0c84a879bd37670ae4f538a\/internal_photos\/bs\/2020\/r\/o\/MMoVhHRJ6Kk0b4GBQLzw\/dog-7.jpg 1000w, https:\/\/s2.glbimg.com\/PlSSZajdYWH1pvkM8jURYgVS3Ao=\/0x0:1280x960\/984x0\/smart\/filters:strip_icc()\/i.s3.glbimg.com\/v1\/AUTH_59edd422c0c84a879bd37670ae4f538a\/internal_photos\/bs\/2020\/r\/o\/MMoVhHRJ6Kk0b4GBQLzw\/dog-7.jpg 984w, https:\/\/s2.glbimg.com\/tspCVmDFTUIlsvDbX_McZTNiH34=\/0x0:1280x960\/640x0\/smart\/filters:strip_icc()\/i.s3.glbimg.com\/v1\/AUTH_59edd422c0c84a879bd37670ae4f538a\/internal_photos\/bs\/2020\/r\/o\/MMoVhHRJ6Kk0b4GBQLzw\/dog-7.jpg 640w, https:\/\/s2.glbimg.com\/wBQpmvYrOwf7s6U1Kkk8GlqSzc4=\/0x0:1280x960\/600x0\/smart\/filters:strip_icc()\/i.s3.glbimg.com\/v1\/AUTH_59edd422c0c84a879bd37670ae4f538a\/internal_photos\/bs\/2020\/r\/o\/MMoVhHRJ6Kk0b4GBQLzw\/dog-7.jpg 600w\" alt=\"Filhotes de cachorro-do-mato recebem tratamento em cl\u00ednica veterin\u00e1ria \u2014 Foto: Carlos Volpi\/TV Fronteira\" \/><\/figure>\n<p class=\"content-media__description \">Filhotes de cachorro-do-mato recebem tratamento em cl\u00ednica veterin\u00e1ria \u2014 Foto: Carlos Volpi\/TV Fronteira<\/p>\n<\/div>\n<\/div>\n<div class=\"row medium-uncollapsed content-media content-photo\" style=\"text-align: justify;\" data-block-type=\"backstage-photo\" data-block-id=\"33\">\n<div class=\"mc-column content-media__container\">\n<figure><img decoding=\"async\" class=\"i-amphtml-fill-content i-amphtml-replaced-content\" src=\"https:\/\/s2.glbimg.com\/dsKmcgOWA6tX2hkpMuJvdn5AalY=\/0x0:1280x960\/984x0\/smart\/filters:strip_icc()\/i.s3.glbimg.com\/v1\/AUTH_59edd422c0c84a879bd37670ae4f538a\/internal_photos\/bs\/2020\/8\/d\/WhKcAGQB6IZECdrGtCyQ\/dog-8.jpg\" sizes=\"(max-width: 1242px) 648px, 100vw\" srcset=\"https:\/\/s2.glbimg.com\/7cJKVC_BJVPUBPgARW2Z57xsBpI=\/0x0:1280x960\/1000x0\/smart\/filters:strip_icc()\/i.s3.glbimg.com\/v1\/AUTH_59edd422c0c84a879bd37670ae4f538a\/internal_photos\/bs\/2020\/8\/d\/WhKcAGQB6IZECdrGtCyQ\/dog-8.jpg 1000w, https:\/\/s2.glbimg.com\/dsKmcgOWA6tX2hkpMuJvdn5AalY=\/0x0:1280x960\/984x0\/smart\/filters:strip_icc()\/i.s3.glbimg.com\/v1\/AUTH_59edd422c0c84a879bd37670ae4f538a\/internal_photos\/bs\/2020\/8\/d\/WhKcAGQB6IZECdrGtCyQ\/dog-8.jpg 984w, https:\/\/s2.glbimg.com\/IFe-vaiytAJn_uVtWJLAIXy5U9k=\/0x0:1280x960\/640x0\/smart\/filters:strip_icc()\/i.s3.glbimg.com\/v1\/AUTH_59edd422c0c84a879bd37670ae4f538a\/internal_photos\/bs\/2020\/8\/d\/WhKcAGQB6IZECdrGtCyQ\/dog-8.jpg 640w, https:\/\/s2.glbimg.com\/hNZ55FDC0qfaHMfb9a7lFRUgmHs=\/0x0:1280x960\/600x0\/smart\/filters:strip_icc()\/i.s3.glbimg.com\/v1\/AUTH_59edd422c0c84a879bd37670ae4f538a\/internal_photos\/bs\/2020\/8\/d\/WhKcAGQB6IZECdrGtCyQ\/dog-8.jpg 600w\" alt=\"Filhotes de cachorro-do-mato recebem tratamento em cl\u00ednica veterin\u00e1ria \u2014 Foto: Carlos Volpi\/TV Fronteira\" \/><\/figure>\n<p class=\"content-media__description \">Filhotes de cachorro-do-mato recebem tratamento em cl\u00ednica veterin\u00e1ria \u2014 Foto: Carlos Volpi\/TV Fronteira<\/p>\n<\/div>\n<\/div>\n<div class=\"row medium-uncollapsed content-media content-photo\" style=\"text-align: justify;\" data-block-type=\"backstage-photo\" data-block-id=\"34\">\n<div class=\"mc-column content-media__container\">\n<figure><img decoding=\"async\" class=\"i-amphtml-fill-content i-amphtml-replaced-content\" src=\"https:\/\/s2.glbimg.com\/bt8SbIkqRcGBb4BzN2lJK-3J2eE=\/0x0:1280x960\/984x0\/smart\/filters:strip_icc()\/i.s3.glbimg.com\/v1\/AUTH_59edd422c0c84a879bd37670ae4f538a\/internal_photos\/bs\/2020\/g\/8\/9FeP0lRK6I8mZDR6hUKg\/dog-9.jpg\" sizes=\"(max-width: 1242px) 648px, 100vw\" srcset=\"https:\/\/s2.glbimg.com\/n9i126yz_SuCLZgDCtuXNNpTggc=\/0x0:1280x960\/1000x0\/smart\/filters:strip_icc()\/i.s3.glbimg.com\/v1\/AUTH_59edd422c0c84a879bd37670ae4f538a\/internal_photos\/bs\/2020\/g\/8\/9FeP0lRK6I8mZDR6hUKg\/dog-9.jpg 1000w, https:\/\/s2.glbimg.com\/bt8SbIkqRcGBb4BzN2lJK-3J2eE=\/0x0:1280x960\/984x0\/smart\/filters:strip_icc()\/i.s3.glbimg.com\/v1\/AUTH_59edd422c0c84a879bd37670ae4f538a\/internal_photos\/bs\/2020\/g\/8\/9FeP0lRK6I8mZDR6hUKg\/dog-9.jpg 984w, https:\/\/s2.glbimg.com\/VEZhJaUdQ6wy0xDBsLpFHPH3mKQ=\/0x0:1280x960\/640x0\/smart\/filters:strip_icc()\/i.s3.glbimg.com\/v1\/AUTH_59edd422c0c84a879bd37670ae4f538a\/internal_photos\/bs\/2020\/g\/8\/9FeP0lRK6I8mZDR6hUKg\/dog-9.jpg 640w, https:\/\/s2.glbimg.com\/cAN1EFwCJfMlWJxUEJ5947RtNOE=\/0x0:1280x960\/600x0\/smart\/filters:strip_icc()\/i.s3.glbimg.com\/v1\/AUTH_59edd422c0c84a879bd37670ae4f538a\/internal_photos\/bs\/2020\/g\/8\/9FeP0lRK6I8mZDR6hUKg\/dog-9.jpg 600w\" alt=\"Filhotes de cachorro-do-mato recebem tratamento em cl\u00ednica veterin\u00e1ria \u2014 Foto: Carlos Volpi\/TV Fronteira\" \/><\/figure>\n<p class=\"content-media__description \">Filhotes de cachorro-do-mato recebem tratamento em cl\u00ednica veterin\u00e1ria \u2014 Foto: Carlos Volpi\/TV Fronteira<\/p>\n<\/div>\n<\/div>\n<div class=\"row medium-uncollapsed content-media content-photo\" style=\"text-align: justify;\" data-block-type=\"backstage-photo\" data-block-id=\"35\">\n<div class=\"mc-column content-media__container\">\n<figure><img decoding=\"async\" class=\"i-amphtml-fill-content i-amphtml-replaced-content\" src=\"https:\/\/s2.glbimg.com\/oPxrWSvAJQD5msKspnBnHxFNm28=\/0x0:1280x960\/984x0\/smart\/filters:strip_icc()\/i.s3.glbimg.com\/v1\/AUTH_59edd422c0c84a879bd37670ae4f538a\/internal_photos\/bs\/2020\/F\/5\/PcuROBQzedGl4ubTIJmQ\/dog-10.jpg\" sizes=\"(max-width: 1242px) 648px, 100vw\" srcset=\"https:\/\/s2.glbimg.com\/XWvr6amMG1Ns2A4S-5IywMYvEhQ=\/0x0:1280x960\/1000x0\/smart\/filters:strip_icc()\/i.s3.glbimg.com\/v1\/AUTH_59edd422c0c84a879bd37670ae4f538a\/internal_photos\/bs\/2020\/F\/5\/PcuROBQzedGl4ubTIJmQ\/dog-10.jpg 1000w, https:\/\/s2.glbimg.com\/oPxrWSvAJQD5msKspnBnHxFNm28=\/0x0:1280x960\/984x0\/smart\/filters:strip_icc()\/i.s3.glbimg.com\/v1\/AUTH_59edd422c0c84a879bd37670ae4f538a\/internal_photos\/bs\/2020\/F\/5\/PcuROBQzedGl4ubTIJmQ\/dog-10.jpg 984w, https:\/\/s2.glbimg.com\/gXs_yKDLReXwTy-3YlqCZyKqrNo=\/0x0:1280x960\/640x0\/smart\/filters:strip_icc()\/i.s3.glbimg.com\/v1\/AUTH_59edd422c0c84a879bd37670ae4f538a\/internal_photos\/bs\/2020\/F\/5\/PcuROBQzedGl4ubTIJmQ\/dog-10.jpg 640w, https:\/\/s2.glbimg.com\/Tm-CCXF8BWTdq7DJsbToC9s50aE=\/0x0:1280x960\/600x0\/smart\/filters:strip_icc()\/i.s3.glbimg.com\/v1\/AUTH_59edd422c0c84a879bd37670ae4f538a\/internal_photos\/bs\/2020\/F\/5\/PcuROBQzedGl4ubTIJmQ\/dog-10.jpg 600w\" alt=\"Filhotes de cachorro-do-mato recebem tratamento em cl\u00ednica veterin\u00e1ria \u2014 Foto: Carlos Volpi\/TV Fronteira\" \/><\/figure>\n<p class=\"content-media__description \">Filhotes de cachorro-do-mato recebem tratamento em cl\u00ednica veterin\u00e1ria \u2014 Foto: Carlos Volpi\/TV Fronteira<\/p>\n<\/div>\n<\/div>\n<div class=\"row medium-uncollapsed content-media content-photo\" data-block-type=\"backstage-photo\" data-block-id=\"37\">\n<div class=\"mc-column content-media__container\">\n<figure style=\"text-align: justify;\"><img decoding=\"async\" class=\"i-amphtml-fill-content i-amphtml-replaced-content\" src=\"https:\/\/s2.glbimg.com\/Rj6Wo3cAwoKm3UOsinvN719-g-c=\/0x0:1280x960\/984x0\/smart\/filters:strip_icc()\/i.s3.glbimg.com\/v1\/AUTH_59edd422c0c84a879bd37670ae4f538a\/internal_photos\/bs\/2020\/Y\/T\/k1AMXUSq2F3ccc6LTtfQ\/dog-11.jpg\" sizes=\"(max-width: 1242px) 648px, 100vw\" srcset=\"https:\/\/s2.glbimg.com\/lFQqRBVblCLWR5LXaq0vHorEpzo=\/0x0:1280x960\/1000x0\/smart\/filters:strip_icc()\/i.s3.glbimg.com\/v1\/AUTH_59edd422c0c84a879bd37670ae4f538a\/internal_photos\/bs\/2020\/Y\/T\/k1AMXUSq2F3ccc6LTtfQ\/dog-11.jpg 1000w, https:\/\/s2.glbimg.com\/Rj6Wo3cAwoKm3UOsinvN719-g-c=\/0x0:1280x960\/984x0\/smart\/filters:strip_icc()\/i.s3.glbimg.com\/v1\/AUTH_59edd422c0c84a879bd37670ae4f538a\/internal_photos\/bs\/2020\/Y\/T\/k1AMXUSq2F3ccc6LTtfQ\/dog-11.jpg 984w, https:\/\/s2.glbimg.com\/fN1BpYjP_ib9Zq7gX10zuDPJckk=\/0x0:1280x960\/640x0\/smart\/filters:strip_icc()\/i.s3.glbimg.com\/v1\/AUTH_59edd422c0c84a879bd37670ae4f538a\/internal_photos\/bs\/2020\/Y\/T\/k1AMXUSq2F3ccc6LTtfQ\/dog-11.jpg 640w, https:\/\/s2.glbimg.com\/Z39c4qAQgArNpb386UgyMoSow2I=\/0x0:1280x960\/600x0\/smart\/filters:strip_icc()\/i.s3.glbimg.com\/v1\/AUTH_59edd422c0c84a879bd37670ae4f538a\/internal_photos\/bs\/2020\/Y\/T\/k1AMXUSq2F3ccc6LTtfQ\/dog-11.jpg 600w\" alt=\"Filhotes de cachorro-do-mato recebem tratamento em cl\u00ednica veterin\u00e1ria \u2014 Foto: Carlos Volpi\/TV Fronteira\" \/><\/figure>\n<p class=\"content-media__description \" style=\"text-align: justify;\">Filhotes de cachorro-do-mato recebem tratamento em cl\u00ednica veterin\u00e1ria \u2014 Foto: Carlos Volpi\/TV Fronteira<\/p>\n<p style=\"text-align: justify;\">Fonte: G1<\/p>\n<\/div>\n<\/div>\n<\/div>\n","protected":false},"excerpt":{"rendered":"<p>Animais silvestres t\u00eam apenas cerca de um m\u00eas de vida e recebem tratamento, com mamadeira \u00e0 base de leite de vaca e gema de ovo, em uma cl\u00ednica m\u00e9dica veterin\u00e1ria em Dracena (SP). Dois filhotes de cachorro-do-mato foram resgatados em uma \u00e1rea de plantio de cana-de-a\u00e7\u00facar localizada no munic\u00edpio de\u00a0Monte Castelo (SP). A suspeita \u00e9 [&hellip;]<\/p>\n","protected":false},"author":1,"featured_media":33328,"comment_status":"closed","ping_status":"open","sticky":false,"template":"","format":"standard","meta":{"footnotes":""},"categories":[176,110],"tags":[],"class_list":["post-33327","post","type-post","status-publish","format-standard","has-post-thumbnail","hentry","category-meioambienteeagricultura","category-noticiasdestaque"],"_links":{"self":[{"href":"https:\/\/jorgezanoni.com.br\/2019\/wp-json\/wp\/v2\/posts\/33327","targetHints":{"allow":["GET"]}}],"collection":[{"href":"https:\/\/jorgezanoni.com.br\/2019\/wp-json\/wp\/v2\/posts"}],"about":[{"href":"https:\/\/jorgezanoni.com.br\/2019\/wp-json\/wp\/v2\/types\/post"}],"author":[{"embeddable":true,"href":"https:\/\/jorgezanoni.com.br\/2019\/wp-json\/wp\/v2\/users\/1"}],"replies":[{"embeddable":true,"href":"https:\/\/jorgezanoni.com.br\/2019\/wp-json\/wp\/v2\/comments?post=33327"}],"version-history":[{"count":0,"href":"https:\/\/jorgezanoni.com.br\/2019\/wp-json\/wp\/v2\/posts\/33327\/revisions"}],"wp:featuredmedia":[{"embeddable":true,"href":"https:\/\/jorgezanoni.com.br\/2019\/wp-json\/wp\/v2\/media\/33328"}],"wp:attachment":[{"href":"https:\/\/jorgezanoni.com.br\/2019\/wp-json\/wp\/v2\/media?parent=33327"}],"wp:term":[{"taxonomy":"category","embeddable":true,"href":"https:\/\/jorgezanoni.com.br\/2019\/wp-json\/wp\/v2\/categories?post=33327"},{"taxonomy":"post_tag","embeddable":true,"href":"https:\/\/jorgezanoni.com.br\/2019\/wp-json\/wp\/v2\/tags?post=33327"}],"curies":[{"name":"wp","href":"https:\/\/api.w.org\/{rel}","templated":true}]}}