{"id":33324,"date":"2020-08-23T01:32:18","date_gmt":"2020-08-23T01:32:18","guid":{"rendered":"https:\/\/jorgezanoni.com.br\/2019\/?p=33324"},"modified":"2020-08-23T01:32:18","modified_gmt":"2020-08-23T01:32:18","slug":"presidente-prudente-ultrapassa-a-marca-de-3-mil-casos-positivos-de-covid-19-e-chega-a-78-obitos-causados-pelo-novo-coronavirus","status":"publish","type":"post","link":"https:\/\/jorgezanoni.com.br\/2019\/presidente-prudente-ultrapassa-a-marca-de-3-mil-casos-positivos-de-covid-19-e-chega-a-78-obitos-causados-pelo-novo-coronavirus\/","title":{"rendered":"Presidente Prudente ultrapassa a marca de 3 mil casos positivos de Covid-19 e chega a 78 \u00f3bitos causados pelo novo coronav\u00edrus"},"content":{"rendered":"<h2 class=\"content-head__subtitle\" style=\"text-align: justify;\"><strong>Doen\u00e7a vitimou neste s\u00e1bado (22) uma paciente de 94 anos, que havia confirmado o diagn\u00f3stico no \u00faltimo dia 12.<\/strong><\/h2>\n<div class=\"mc-column content-text active-extra-styles \" data-block-type=\"unstyled\" data-block-weight=\"24\" data-block-id=\"2\">\n<p class=\"content-text__container \" style=\"text-align: justify;\" data-track-category=\"Link no Texto\" data-track-links=\"\">A Vigil\u00e2ncia Epidemiol\u00f3gica Municipal (VEM) registrou neste s\u00e1bado (22) mais uma morte causada pela Covid-19 em\u00a0<a href=\"https:\/\/g1.globo.com\/sp\/presidente-prudente-regiao\/cidade\/presidente-prudente\/\">Presidente Prudente<\/a>, vitimando uma paciente de 94 anos.<\/p>\n<\/div>\n<div class=\"wall protected-content\">\n<div class=\"mc-column content-text active-extra-styles \" style=\"text-align: justify;\" data-block-type=\"unstyled\" data-block-weight=\"26\" data-block-id=\"3\">\n<p class=\"content-text__container \" data-track-category=\"Link no Texto\" data-track-links=\"\">De acordo com o boletim oficial, atualizado \u00e0s 16h58, a idosa testou positivamente para o novo coronav\u00edrus no \u00faltimo dia 12 e morreu neste s\u00e1bado (22).<\/p>\n<\/div>\n<div class=\"mc-column content-text active-extra-styles \" style=\"text-align: justify;\" data-block-type=\"unstyled\" data-block-weight=\"79\" data-block-id=\"4\">\n<p class=\"content-text__container \" data-track-category=\"Link no Texto\" data-track-links=\"\">Ainda conforme os dados divulgados pela VEM, a cidade confirmou mais 61 casos positivos de Covid-10, em 27 homens e 34 mulheres, com os pacientes distribu\u00eddos nas seguintes faixas et\u00e1rias: um entre 11 e 19 anos; 11 entre 20 e 29 anos; nove entre 30 e 39 anos; 12 entre 40 e 49 anos; outros 12 entre 50 e 59 anos; seis entre 60 e 69 anos; nove entre 70 e 79; e um com mais de 90 anos.<\/p>\n<\/div>\n<div class=\"mc-column content-text active-extra-styles \" style=\"text-align: justify;\" data-block-type=\"unstyled\" data-block-weight=\"14\" data-block-id=\"5\">\n<p class=\"content-text__container \" data-track-category=\"Link no Texto\" data-track-links=\"\">Os exames tamb\u00e9m indicaram 143 casos descartados, com diagn\u00f3sticos negativos para o novo coronav\u00edrus.<\/p>\n<\/div>\n<div class=\"mc-column content-text active-extra-styles \" style=\"text-align: justify;\" data-block-type=\"unstyled\" data-block-weight=\"22\" data-block-id=\"6\">\n<p class=\"content-text__container \" data-track-category=\"Link no Texto\" data-track-links=\"\">A cidade possui 51 pacientes hospitalizados com a Covid-19, dos quais 22 est\u00e3o internados em leitos de Unidade de Terapia Intensiva (UTI).<\/p>\n<\/div>\n<div class=\"mc-column content-text active-extra-styles \" style=\"text-align: justify;\" data-block-type=\"unstyled\" data-block-weight=\"22\" data-block-id=\"7\">\n<p class=\"content-text__container \" data-track-category=\"Link no Texto\" data-track-links=\"\">No total, Presidente Prudente passou neste s\u00e1bado (22) a contabilizar 3.042 casos positivos confirmados de Covid-19 e 78 \u00f3bitos causados pela doen\u00e7a.<\/p>\n<\/div>\n<div class=\"row medium-uncollapsed content-media content-photo\" data-block-type=\"backstage-photo\" data-block-id=\"8\">\n<div class=\"column medium-22 large-20 medium-centered content-media__container\">\n<figure style=\"text-align: justify;\"><img decoding=\"async\" class=\"i-amphtml-fill-content i-amphtml-replaced-content\" src=\"https:\/\/s2.glbimg.com\/wpFJcizq0cayoJQKPNxBy1kUVTg=\/0x0:3000x1515\/1008x0\/smart\/filters:strip_icc()\/i.s3.glbimg.com\/v1\/AUTH_59edd422c0c84a879bd37670ae4f538a\/internal_photos\/bs\/2020\/9\/M\/M8RAdDTO2N1slZ7G10GQ\/covid-2.jpg\" srcset=\"\" alt=\"Boletim oficial mostra evolu\u00e7\u00e3o de casos da Covid-19 em Presidente Prudente, em 22 de agosto \u2014 Foto: Reprodu\u00e7\u00e3o\" \/><\/figure>\n<p class=\"content-media__description \" style=\"text-align: justify;\">Boletim oficial mostra evolu\u00e7\u00e3o de casos da Covid-19 em Presidente Prudente, em 22 de agosto \u2014 Foto: Reprodu\u00e7\u00e3o<\/p>\n<p>Fonte: G1<\/p>\n<\/div>\n<\/div>\n<\/div>\n","protected":false},"excerpt":{"rendered":"<p>Doen\u00e7a vitimou neste s\u00e1bado (22) uma paciente de 94 anos, que havia confirmado o diagn\u00f3stico no \u00faltimo dia 12. A Vigil\u00e2ncia Epidemiol\u00f3gica Municipal (VEM) registrou neste s\u00e1bado (22) mais uma morte causada pela Covid-19 em\u00a0Presidente Prudente, vitimando uma paciente de 94 anos. De acordo com o boletim oficial, atualizado \u00e0s 16h58, a idosa testou positivamente [&hellip;]<\/p>\n","protected":false},"author":1,"featured_media":33325,"comment_status":"closed","ping_status":"open","sticky":false,"template":"","format":"standard","meta":{"footnotes":""},"categories":[110,122],"tags":[],"class_list":["post-33324","post","type-post","status-publish","format-standard","has-post-thumbnail","hentry","category-noticiasdestaque","category-saudeeducacaoeconcurso"],"_links":{"self":[{"href":"https:\/\/jorgezanoni.com.br\/2019\/wp-json\/wp\/v2\/posts\/33324","targetHints":{"allow":["GET"]}}],"collection":[{"href":"https:\/\/jorgezanoni.com.br\/2019\/wp-json\/wp\/v2\/posts"}],"about":[{"href":"https:\/\/jorgezanoni.com.br\/2019\/wp-json\/wp\/v2\/types\/post"}],"author":[{"embeddable":true,"href":"https:\/\/jorgezanoni.com.br\/2019\/wp-json\/wp\/v2\/users\/1"}],"replies":[{"embeddable":true,"href":"https:\/\/jorgezanoni.com.br\/2019\/wp-json\/wp\/v2\/comments?post=33324"}],"version-history":[{"count":0,"href":"https:\/\/jorgezanoni.com.br\/2019\/wp-json\/wp\/v2\/posts\/33324\/revisions"}],"wp:featuredmedia":[{"embeddable":true,"href":"https:\/\/jorgezanoni.com.br\/2019\/wp-json\/wp\/v2\/media\/33325"}],"wp:attachment":[{"href":"https:\/\/jorgezanoni.com.br\/2019\/wp-json\/wp\/v2\/media?parent=33324"}],"wp:term":[{"taxonomy":"category","embeddable":true,"href":"https:\/\/jorgezanoni.com.br\/2019\/wp-json\/wp\/v2\/categories?post=33324"},{"taxonomy":"post_tag","embeddable":true,"href":"https:\/\/jorgezanoni.com.br\/2019\/wp-json\/wp\/v2\/tags?post=33324"}],"curies":[{"name":"wp","href":"https:\/\/api.w.org\/{rel}","templated":true}]}}