{"id":33320,"date":"2020-08-23T01:15:52","date_gmt":"2020-08-23T01:15:52","guid":{"rendered":"https:\/\/jorgezanoni.com.br\/2019\/?p=33320"},"modified":"2020-08-23T01:15:52","modified_gmt":"2020-08-23T01:15:52","slug":"audio-mostra-comandante-enquadrando-policial-militar-em-marilia","status":"publish","type":"post","link":"https:\/\/jorgezanoni.com.br\/2019\/audio-mostra-comandante-enquadrando-policial-militar-em-marilia\/","title":{"rendered":"\u00c1udio mostra comandante \u2018enquadrando\u2019 policial militar em Marilia"},"content":{"rendered":"<p style=\"text-align: justify;\">Vazou a grava\u00e7\u00e3o de uma conversa em que a tenente-coronel M\u00e1rcia Cristina Cristal Gomes, comandante do 9\u00ba Batalh\u00e3o da Pol\u00edcia Militar do Interior (BPM\/I), localizado em Mar\u00edlia, repreende um policial militar por apreender o carro da vereadora Professora Daniela (PL).<\/p>\n<p style=\"text-align: justify;\">O policial foi transferido da Companhia de Tr\u00e2nsito, onde atuava, para outras fun\u00e7\u00f5es de policiamento, ap\u00f3s a apreens\u00e3o. O\u00a0<a href=\"https:\/\/marilianoticia.com.br\/comandante-da-pm-afasta-policial-apos-ele-apreender-carro-de-vereadora\/\" target=\"_blank\" rel=\"noopener noreferrer\"><strong>Mar\u00edlia Not\u00edcia<\/strong>\u00a0revelou o caso<\/a>, ocorrido na madrugada do \u00faltimo domingo (16), com exclusividade.<\/p>\n<p style=\"text-align: justify;\">O ve\u00edculo, que era conduzido pela filha da vereadora, foi abordado por volta da 0h30 do dia 16 de agosto, durante uma blitz de tr\u00e2nsito na rua Carlos Botelho, no bairro Maria Izabel.<\/p>\n<p style=\"text-align: justify;\">A reportagem j\u00e1 tinha acesso ao \u00e1udio, que inclusive embasou a primeira mat\u00e9ria publicada. A grava\u00e7\u00e3o, por\u00e9m, n\u00e3o havia sido divulgada para n\u00e3o expor poss\u00edveis fontes, em respeito a um dos princ\u00edpios basilares do jornalismo.<\/p>\n<p style=\"text-align: justify;\">O \u00e1udio, por\u00e9m, vazou por outros meios e j\u00e1 circula nas redes sociais. Por isso, o\u00a0<strong>Mar\u00edlia Not\u00edcia\u00a0<\/strong>tomou a decis\u00e3o editorial de veicular a liga\u00e7\u00e3o gravada, que pode ser considerada de interesse p\u00fablico.<\/p>\n<p style=\"text-align: justify;\">\u201cEla \u00e9 vereadora, quem voc\u00ea pensa que \u00e9?\u201d, diz Cristal ao policial. A comandante tamb\u00e9m cobrou \u201cjogo de cintura\u201d e avisou que o militar seria afastado de sua fun\u00e7\u00e3o na Companhia de Tr\u00e2nsito.<\/p>\n<p style=\"text-align: justify;\">Entre outras coisas, Cristal afirma que o policial desrespeitou suas ordens e faltou com lealdade.<\/p>\n<p style=\"text-align: justify;\">A comandante do 9\u00ba BPM\/I afirma que poderia ter sido feita apenas a apreens\u00e3o do documento do ve\u00edculo, que segundo o militar estaria com licenciamento vencido e pneus \u2018carecas\u2019.<\/p>\n<p style=\"text-align: justify;\">\u201cNessas quest\u00f5es, n\u00f3s n\u00e3o vamos ficar fazendo e tumultuando, porque isso da\u00ed \u00e9 falta de bom senso. Ela \u00e9 vereadora\u201d, afirma Cristal.<\/p>\n<p style=\"text-align: justify;\">\u201cVou adotar as provid\u00eancias. Voc\u00ea pura e simplesmente est\u00e1 fazendo algo que era desnecess\u00e1rio. (\u2026) Quem trabalha no tr\u00e2nsito tem que ter jogo de cintura e bom senso. N\u00e3o \u00e9 isso que n\u00f3s estamos orientando. Voc\u00ea vai sim ser retirado e quero que seja anotado tudo isso da\u00ed. Olha o que voc\u00ea est\u00e1 causando, porque, politicamente, ela \u00e9 vereadora. N\u00e3o teve nenhuma conversa. Quem voc\u00ea est\u00e1 achando que \u00e9? Voc\u00ea vai pagar o guincho? Voc\u00ea n\u00e3o tem condi\u00e7\u00f5es de trabalhar no tr\u00e2nsito\u201d, afirma a comandante.<\/p>\n<p style=\"text-align: justify;\"><strong>Entenda<\/strong><\/p>\n<p style=\"text-align: justify;\">Ap\u00f3s constata\u00e7\u00e3o de suposta irregularidade durante a blitz, o policial teria orientado a motorista de que seria poss\u00edvel efetuar o pagamento do licenciamento por aplicativo para evitar a apreens\u00e3o.<\/p>\n<p style=\"text-align: justify;\">Para tentar resolver o problema, a jovem teria ligado para familiares e provocado a interven\u00e7\u00e3o da m\u00e3e vereadora.<\/p>\n<p style=\"text-align: justify;\">A reclama\u00e7\u00e3o contra o procedimento do policial foi parar \u2013 ainda durante a madrugada \u2013 no alto escal\u00e3o do 9\u00ba Batalh\u00e3o da Pol\u00edcia Militar do Interior.<\/p>\n<div id=\"attachment_277098\" class=\"wp-caption aligncenter\" style=\"text-align: justify;\"><img loading=\"lazy\" decoding=\"async\" class=\"wp-image-277098 size-full\" src=\"https:\/\/marilianoticia.com.br\/wp-content\/uploads\/2020\/08\/WhatsApp-Image-2020-08-20-at-12.22.13.jpeg\" sizes=\"auto, (max-width: 768px) 100vw, 768px\" srcset=\"https:\/\/marilianoticia.com.br\/wp-content\/uploads\/2020\/08\/WhatsApp-Image-2020-08-20-at-12.22.13.jpeg 768w, https:\/\/marilianoticia.com.br\/wp-content\/uploads\/2020\/08\/WhatsApp-Image-2020-08-20-at-12.22.13-400x266.jpeg 400w, https:\/\/marilianoticia.com.br\/wp-content\/uploads\/2020\/08\/WhatsApp-Image-2020-08-20-at-12.22.13-601x400.jpeg 601w\" alt=\"\" width=\"768\" height=\"511\" aria-describedby=\"caption-attachment-277098\" \/><\/p>\n<p id=\"caption-attachment-277098\" class=\"wp-caption-text\">Vereadora Daniela (Foto: Divulga\u00e7\u00e3o)<\/p>\n<\/div>\n<p style=\"text-align: justify;\">A tenente-coronel M\u00e1rcia Cristina Cristal Gomes teria ligado para a equipe respons\u00e1vel pela apreens\u00e3o, para tentar intervir. Ao saber que o carro j\u00e1 havido sido recolhido, repreendeu o policial militar respons\u00e1vel pela patrulha de tr\u00e2nsito.<\/p>\n<p style=\"text-align: justify;\">Apesar de agir em conformidade com o C\u00f3digo de Tr\u00e2nsito \u2013 que prev\u00ea a remo\u00e7\u00e3o, quando h\u00e1 \u201cimpossibilidade da irregularidade ser sanada no local\u201d, o policial acabou sendo afastado do patrulhamento.<\/p>\n<p style=\"text-align: justify;\"><strong>Pol\u00edcia Militar<\/strong><\/p>\n<p style=\"text-align: justify;\">Em nota enviada ao\u00a0<strong>Mar\u00edlia Not\u00edcia<\/strong>, a Pol\u00edcia Militar afirmou \u201cque o comando do 9\u00ba Batalh\u00e3o de Pol\u00edcia Militar do Interior instaurou procedimento apurat\u00f3rio para averiguar a regularidade da apreens\u00e3o do ve\u00edculo, considerando que h\u00e1 ind\u00edcios de inconformidades administrativas\u201d.<\/p>\n<p style=\"text-align: justify;\">\u201cO policial militar foi afastado do policiamento de tr\u00e2nsito durante a apura\u00e7\u00e3o\u201d, finaliza o breve comunicado da PM.<\/p>\n<p style=\"text-align: justify;\"><strong>Vereadora<\/strong><\/p>\n<p style=\"text-align: justify;\">A reportagem procurou tamb\u00e9m a vereadora professora Daniela, que admitiu ter ligado para a comandante do batalh\u00e3o ap\u00f3s o ocorrido. \u201cO pedido foi como mun\u00edcipe normal, que pediria qualquer outra coisa, n\u00e3o foi utilizando nada\u2026 normal\u201d, disse a parlamentar.<\/p>\n<p style=\"text-align: justify;\">Ela negou de forma veemente que tenha influenciado para que o policial sofresse qualquer tipo de puni\u00e7\u00e3o.<\/p>\n<p style=\"text-align: justify;\">Daniela afirmou que, seu telefonema teve o objetivo de uma solicita\u00e7\u00e3o de esclarecimento, a respeito da possibilidade de apreens\u00e3o apenas do documento e n\u00e3o do ve\u00edculo.<\/p>\n<p style=\"text-align: justify;\">A vereadora disse ainda que n\u00e3o houve nenhuma \u201cindaga\u00e7\u00e3o\u201d que levasse o policial militar respons\u00e1vel pela fiscaliza\u00e7\u00e3o a ser punido. O PM apenas exerceu suas fun\u00e7\u00f5es, disse a vereadora.<\/p>\n<p style=\"text-align: justify;\">Daniela declarou ainda que \u201cficou muito preocupada com a filha, uma vez que n\u00e3o se encontrava no local do acontecido\u201d. Disse ainda que os pneus do carro n\u00e3o estavam \u2018carecas\u2019, conforme comprovado\u00a0<a href=\"https:\/\/marilianoticia.com.br\/vereadora-nega-trafico-de-influencia-junto-ao-comando-da-pm\/\" target=\"_blank\" rel=\"noopener noreferrer\">em laudo que teria sido feito posteriormente<\/a>, j\u00e1 no p\u00e1tio de apreens\u00e3o.<\/p>\n<p style=\"text-align: justify;\">A parlamentar afirmou ainda que \u201cconcorda com os procedimentos determinados pela legisla\u00e7\u00e3o de tr\u00e2nsito\u201d e comentou o remanejamento do policial.<\/p>\n<p style=\"text-align: justify;\">Confira a nota na \u00edntegra.<\/p>\n<p style=\"text-align: justify;\"><em>\u201cCom rela\u00e7\u00e3o ao remanejamento de um setor para o outro, realizado pelo 9\u00ba Batalh\u00e3o de Pol\u00edcia Militar do Interior (BPMI) de um policial militar que exercia atividades na fiscaliza\u00e7\u00e3o do tr\u00e2nsito urbano, a vereadora Professora Daniela (PL) esclarece que: em nenhum momento seu telefonema para a comandante tenente-coronel M\u00e1rcia Crystal teve o objetivo de praticar tr\u00e1fico de influ\u00eancia, apenas se tratou de uma solicita\u00e7\u00e3o de esclarecimento a respeito da possibilidade de apreens\u00e3o apenas do documento e n\u00e3o do ve\u00edculo, tamb\u00e9m n\u00e3o houve nenhuma indaga\u00e7\u00e3o para que o referido militar fosse punido ao exercer suas fun\u00e7\u00f5es; comunica que ficou muito preocupada com a filha, uma vez que n\u00e3o se encontrava no local do acontecido e que os pneus n\u00e3o estavam \u2018carecas\u2019, conforme comprovado em laudo (anexo). Afirma que concorda com os procedimentos determinados pela legisla\u00e7\u00e3o de tr\u00e2nsito e que a decis\u00e3o pelo remanejamento acredita que trata-se de uma medida administrativa interna e exclusiva do Comando da Pol\u00edcia Militar, alheia ao exerc\u00edcio do mandato de vereadora da C\u00e2mara Municipal de Mar\u00edlia.\u201d<\/em><\/p>\n<p style=\"text-align: justify;\">Fonte: https:\/\/marilianoticia.com.br\/audio-vazado-mostra-comandante-da-pm-enquadrando-policial\/<\/p>\n","protected":false},"excerpt":{"rendered":"<p>Vazou a grava\u00e7\u00e3o de uma conversa em que a tenente-coronel M\u00e1rcia Cristina Cristal Gomes, comandante do 9\u00ba Batalh\u00e3o da Pol\u00edcia Militar do Interior (BPM\/I), localizado em Mar\u00edlia, repreende um policial militar por apreender o carro da vereadora Professora Daniela (PL). O policial foi transferido da Companhia de Tr\u00e2nsito, onde atuava, para outras fun\u00e7\u00f5es de policiamento, [&hellip;]<\/p>\n","protected":false},"author":1,"featured_media":33322,"comment_status":"closed","ping_status":"open","sticky":false,"template":"","format":"standard","meta":{"footnotes":""},"categories":[110,2],"tags":[],"class_list":["post-33320","post","type-post","status-publish","format-standard","has-post-thumbnail","hentry","category-noticiasdestaque","category-policial"],"_links":{"self":[{"href":"https:\/\/jorgezanoni.com.br\/2019\/wp-json\/wp\/v2\/posts\/33320","targetHints":{"allow":["GET"]}}],"collection":[{"href":"https:\/\/jorgezanoni.com.br\/2019\/wp-json\/wp\/v2\/posts"}],"about":[{"href":"https:\/\/jorgezanoni.com.br\/2019\/wp-json\/wp\/v2\/types\/post"}],"author":[{"embeddable":true,"href":"https:\/\/jorgezanoni.com.br\/2019\/wp-json\/wp\/v2\/users\/1"}],"replies":[{"embeddable":true,"href":"https:\/\/jorgezanoni.com.br\/2019\/wp-json\/wp\/v2\/comments?post=33320"}],"version-history":[{"count":0,"href":"https:\/\/jorgezanoni.com.br\/2019\/wp-json\/wp\/v2\/posts\/33320\/revisions"}],"wp:featuredmedia":[{"embeddable":true,"href":"https:\/\/jorgezanoni.com.br\/2019\/wp-json\/wp\/v2\/media\/33322"}],"wp:attachment":[{"href":"https:\/\/jorgezanoni.com.br\/2019\/wp-json\/wp\/v2\/media?parent=33320"}],"wp:term":[{"taxonomy":"category","embeddable":true,"href":"https:\/\/jorgezanoni.com.br\/2019\/wp-json\/wp\/v2\/categories?post=33320"},{"taxonomy":"post_tag","embeddable":true,"href":"https:\/\/jorgezanoni.com.br\/2019\/wp-json\/wp\/v2\/tags?post=33320"}],"curies":[{"name":"wp","href":"https:\/\/api.w.org\/{rel}","templated":true}]}}