{"id":33315,"date":"2020-08-23T01:01:58","date_gmt":"2020-08-23T01:01:58","guid":{"rendered":"https:\/\/jorgezanoni.com.br\/2019\/?p=33315"},"modified":"2020-08-23T01:01:58","modified_gmt":"2020-08-23T01:01:58","slug":"veiculo-placas-de-osvaldo-cruz-capota-na-sp-294-em-iacri-e-fere-uma-pessoa","status":"publish","type":"post","link":"https:\/\/jorgezanoni.com.br\/2019\/veiculo-placas-de-osvaldo-cruz-capota-na-sp-294-em-iacri-e-fere-uma-pessoa\/","title":{"rendered":"Ve\u00edculo placas de Osvaldo Cruz capota na SP-294 em Iacri e fere uma pessoa"},"content":{"rendered":"<p style=\"text-align: justify;\">\nUma pessoa sofreu ferimentos, considerados de natureza leve, durante acidente ocorrido na Rodovia Comandante Jo\u00e3o Ribeiro de Barros (SP-294), altura do munic\u00edpio de Iacri, na manh\u00e3 deste s\u00e1bado, dia 22. O carro envolvido no capotamento, ocorrido por volta das 05h30 da manh\u00e3 de hoje, \u00e9 um Fiesta placas de Osvaldo Cruz.<\/p>\n<p>Segundo informa\u00e7\u00f5es, o ve\u00edculo transitava no sentido Iacri a Osvaldo Cruz e no quil\u00f4metro 550, proximidades do trevo secund\u00e1rio de acesso aos munic\u00edpio de Iacri e Bastos, por motivos a serem apurados, capotou parando no acostamento. Uma pessoa que seria passageiro foi conduzido com ferimentos leves pela ambul\u00e2ncia da Concession\u00e1ria Eixo para a Santa Casa de Tup\u00e3.<\/p>\n<p><img loading=\"lazy\" decoding=\"async\" class=\"alignnone size-full wp-image-33317\" src=\"https:\/\/jorgezanoni.com.br\/2019\/wp-content\/uploads\/2020\/08\/iacri1.jpg\" alt=\"\" width=\"582\" height=\"800\" srcset=\"https:\/\/jorgezanoni.com.br\/2019\/wp-content\/uploads\/2020\/08\/iacri1.jpg 582w, https:\/\/jorgezanoni.com.br\/2019\/wp-content\/uploads\/2020\/08\/iacri1-218x300.jpg 218w, https:\/\/jorgezanoni.com.br\/2019\/wp-content\/uploads\/2020\/08\/iacri1-306x420.jpg 306w\" sizes=\"auto, (max-width: 582px) 100vw, 582px\" \/> <img loading=\"lazy\" decoding=\"async\" class=\"alignnone size-full wp-image-33318\" src=\"https:\/\/jorgezanoni.com.br\/2019\/wp-content\/uploads\/2020\/08\/iacri2.jpg\" alt=\"\" width=\"800\" height=\"542\" srcset=\"https:\/\/jorgezanoni.com.br\/2019\/wp-content\/uploads\/2020\/08\/iacri2.jpg 800w, https:\/\/jorgezanoni.com.br\/2019\/wp-content\/uploads\/2020\/08\/iacri2-300x203.jpg 300w, https:\/\/jorgezanoni.com.br\/2019\/wp-content\/uploads\/2020\/08\/iacri2-768x520.jpg 768w, https:\/\/jorgezanoni.com.br\/2019\/wp-content\/uploads\/2020\/08\/iacri2-696x472.jpg 696w, https:\/\/jorgezanoni.com.br\/2019\/wp-content\/uploads\/2020\/08\/iacri2-620x420.jpg 620w\" sizes=\"auto, (max-width: 800px) 100vw, 800px\" \/><\/p>\n<p style=\"text-align: justify;\">Fonte: Bastos J\u00e1<\/p>\n","protected":false},"excerpt":{"rendered":"<p>Uma pessoa sofreu ferimentos, considerados de natureza leve, durante acidente ocorrido na Rodovia Comandante Jo\u00e3o Ribeiro de Barros (SP-294), altura do munic\u00edpio de Iacri, na manh\u00e3 deste s\u00e1bado, dia 22. O carro envolvido no capotamento, ocorrido por volta das 05h30 da manh\u00e3 de hoje, \u00e9 um Fiesta placas de Osvaldo Cruz. Segundo informa\u00e7\u00f5es, o ve\u00edculo [&hellip;]<\/p>\n","protected":false},"author":1,"featured_media":33316,"comment_status":"closed","ping_status":"open","sticky":false,"template":"","format":"standard","meta":{"footnotes":""},"categories":[170,110],"tags":[],"class_list":["post-33315","post","type-post","status-publish","format-standard","has-post-thumbnail","hentry","category-acidentes","category-noticiasdestaque"],"_links":{"self":[{"href":"https:\/\/jorgezanoni.com.br\/2019\/wp-json\/wp\/v2\/posts\/33315","targetHints":{"allow":["GET"]}}],"collection":[{"href":"https:\/\/jorgezanoni.com.br\/2019\/wp-json\/wp\/v2\/posts"}],"about":[{"href":"https:\/\/jorgezanoni.com.br\/2019\/wp-json\/wp\/v2\/types\/post"}],"author":[{"embeddable":true,"href":"https:\/\/jorgezanoni.com.br\/2019\/wp-json\/wp\/v2\/users\/1"}],"replies":[{"embeddable":true,"href":"https:\/\/jorgezanoni.com.br\/2019\/wp-json\/wp\/v2\/comments?post=33315"}],"version-history":[{"count":0,"href":"https:\/\/jorgezanoni.com.br\/2019\/wp-json\/wp\/v2\/posts\/33315\/revisions"}],"wp:featuredmedia":[{"embeddable":true,"href":"https:\/\/jorgezanoni.com.br\/2019\/wp-json\/wp\/v2\/media\/33316"}],"wp:attachment":[{"href":"https:\/\/jorgezanoni.com.br\/2019\/wp-json\/wp\/v2\/media?parent=33315"}],"wp:term":[{"taxonomy":"category","embeddable":true,"href":"https:\/\/jorgezanoni.com.br\/2019\/wp-json\/wp\/v2\/categories?post=33315"},{"taxonomy":"post_tag","embeddable":true,"href":"https:\/\/jorgezanoni.com.br\/2019\/wp-json\/wp\/v2\/tags?post=33315"}],"curies":[{"name":"wp","href":"https:\/\/api.w.org\/{rel}","templated":true}]}}