{"id":33312,"date":"2020-08-22T22:06:39","date_gmt":"2020-08-22T22:06:39","guid":{"rendered":"https:\/\/jorgezanoni.com.br\/2019\/?p=33312"},"modified":"2020-08-22T22:06:39","modified_gmt":"2020-08-22T22:06:39","slug":"comunicado-da-igreja-matriz-nossa-senhora-da-aparecida-de-dracena","status":"publish","type":"post","link":"https:\/\/jorgezanoni.com.br\/2019\/comunicado-da-igreja-matriz-nossa-senhora-da-aparecida-de-dracena\/","title":{"rendered":"Comunicado da Igreja Matriz Nossa Senhora da Aparecida de Dracena"},"content":{"rendered":"<div class=\"kvgmc6g5 cxmmr5t8 oygrvhab hcukyx3x c1et5uql ii04i59q\">\n<div dir=\"auto\" style=\"text-align: justify;\">COMUNICADO DA MATRIZ NOSSA SENHORA DA APARECIDA DE DRACENA PARA A VOLTA DAS MISSAS PRESENCIAIS<\/div>\n<div dir=\"auto\" style=\"text-align: justify;\"><\/div>\n<\/div>\n<div class=\"o9v6fnle cxmmr5t8 oygrvhab hcukyx3x c1et5uql ii04i59q\" style=\"text-align: justify;\">\n<div dir=\"auto\">Segue os hor\u00e1rios e locais desse primeiro final de semana para o retorno da participa\u00e7\u00e3o do povo de Deus. Se organize para bem participar, seguindo todas as orienta\u00e7\u00f5es necess\u00e1rias.<\/div>\n<\/div>\n<div class=\"o9v6fnle cxmmr5t8 oygrvhab hcukyx3x c1et5uql ii04i59q\">\n<div dir=\"auto\" style=\"text-align: justify;\">** A \u00fanica mudan\u00e7a de hor\u00e1rio foi a Missa das 18h, que agora ser\u00e1 \u00e0s 17h **<\/div>\n<\/div>\n","protected":false},"excerpt":{"rendered":"<p>COMUNICADO DA MATRIZ NOSSA SENHORA DA APARECIDA DE DRACENA PARA A VOLTA DAS MISSAS PRESENCIAIS Segue os hor\u00e1rios e locais desse primeiro final de semana para o retorno da participa\u00e7\u00e3o do povo de Deus. Se organize para bem participar, seguindo todas as orienta\u00e7\u00f5es necess\u00e1rias. ** A \u00fanica mudan\u00e7a de hor\u00e1rio foi a Missa das 18h, [&hellip;]<\/p>\n","protected":false},"author":1,"featured_media":33313,"comment_status":"closed","ping_status":"open","sticky":false,"template":"","format":"standard","meta":{"footnotes":""},"categories":[110,118],"tags":[],"class_list":["post-33312","post","type-post","status-publish","format-standard","has-post-thumbnail","hentry","category-noticiasdestaque","category-religiaoesolidariedade"],"_links":{"self":[{"href":"https:\/\/jorgezanoni.com.br\/2019\/wp-json\/wp\/v2\/posts\/33312","targetHints":{"allow":["GET"]}}],"collection":[{"href":"https:\/\/jorgezanoni.com.br\/2019\/wp-json\/wp\/v2\/posts"}],"about":[{"href":"https:\/\/jorgezanoni.com.br\/2019\/wp-json\/wp\/v2\/types\/post"}],"author":[{"embeddable":true,"href":"https:\/\/jorgezanoni.com.br\/2019\/wp-json\/wp\/v2\/users\/1"}],"replies":[{"embeddable":true,"href":"https:\/\/jorgezanoni.com.br\/2019\/wp-json\/wp\/v2\/comments?post=33312"}],"version-history":[{"count":0,"href":"https:\/\/jorgezanoni.com.br\/2019\/wp-json\/wp\/v2\/posts\/33312\/revisions"}],"wp:featuredmedia":[{"embeddable":true,"href":"https:\/\/jorgezanoni.com.br\/2019\/wp-json\/wp\/v2\/media\/33313"}],"wp:attachment":[{"href":"https:\/\/jorgezanoni.com.br\/2019\/wp-json\/wp\/v2\/media?parent=33312"}],"wp:term":[{"taxonomy":"category","embeddable":true,"href":"https:\/\/jorgezanoni.com.br\/2019\/wp-json\/wp\/v2\/categories?post=33312"},{"taxonomy":"post_tag","embeddable":true,"href":"https:\/\/jorgezanoni.com.br\/2019\/wp-json\/wp\/v2\/tags?post=33312"}],"curies":[{"name":"wp","href":"https:\/\/api.w.org\/{rel}","templated":true}]}}