{"id":3327,"date":"2019-08-09T16:36:36","date_gmt":"2019-08-09T16:36:36","guid":{"rendered":"https:\/\/jorgezanoni.com.br\/2019\/?p=3327"},"modified":"2019-08-09T16:36:36","modified_gmt":"2019-08-09T16:36:36","slug":"comercio-de-dracena-fica-aberto-hoje-ate-as-22-hs-e-amanha-ate-as-15-hs","status":"publish","type":"post","link":"https:\/\/jorgezanoni.com.br\/2019\/comercio-de-dracena-fica-aberto-hoje-ate-as-22-hs-e-amanha-ate-as-15-hs\/","title":{"rendered":"Com\u00e9rcio de Dracena fica aberto hoje at\u00e9 as 22 Hs. e amanh\u00e3 at\u00e9 as 15 Hs."},"content":{"rendered":"<p style=\"text-align: justify;\">HOR\u00c1RIO ESPECIAL AGOSTO 2019<\/p>\n<p style=\"text-align: justify;\">DIA DOS PAIS<strong>\u00a0<\/strong><\/p>\n<p style=\"text-align: justify;\"><strong>Dia: 09\/08\/2019 (SEXTA) Das: 09:00h \u00e0s 22:00h<\/strong><\/p>\n<p style=\"text-align: justify;\"><strong>Dia: 10\/08\/2019 (S\u00c1BADO) &#8211; Das: 09:00h \u00e0s 15:00h<\/strong><\/p>\n<p style=\"text-align: justify;\"><strong>COMPENSA\u00c7\u00c3O: DIAS 12, 13, 14 e 15\/08\/2019<\/strong><\/p>\n<p style=\"text-align: justify;\"><strong>ABRE \u00c0S 09:00H.<\/strong><strong>\u00a0<\/strong><\/p>\n<p style=\"text-align: justify;\"><strong>O intervalo de 02 (duas) horas de almo\u00e7o e 01 (uma) hora de jantar na SEXTA &#8211; FEIRA e 15 (quinze) minutos para um lanche no S\u00c1BADO dever\u00e3o ser respeitados.<\/strong><\/p>\n<p style=\"text-align: justify;\">Acordo firmado entre Sindicato do Com\u00e9rcio Varejista da Nova Alta Paulista, Sindicato dos Funcion\u00e1rios do Com\u00e9rcio de Dracena e Associa\u00e7\u00e3o Comercial e Empresarial de Dracena.<\/p>\n<p>Fonte: ACE<\/p>\n<p>Foto Arquivo<\/p>\n<p>&nbsp;<\/p>\n","protected":false},"excerpt":{"rendered":"<p>HOR\u00c1RIO ESPECIAL AGOSTO 2019 DIA DOS PAIS\u00a0 Dia: 09\/08\/2019 (SEXTA) Das: 09:00h \u00e0s 22:00h Dia: 10\/08\/2019 (S\u00c1BADO) &#8211; Das: 09:00h \u00e0s 15:00h COMPENSA\u00c7\u00c3O: DIAS 12, 13, 14 e 15\/08\/2019 ABRE \u00c0S 09:00H.\u00a0 O intervalo de 02 (duas) horas de almo\u00e7o e 01 (uma) hora de jantar na SEXTA &#8211; FEIRA e 15 (quinze) minutos para [&hellip;]<\/p>\n","protected":false},"author":1,"featured_media":3328,"comment_status":"closed","ping_status":"open","sticky":false,"template":"","format":"standard","meta":{"footnotes":""},"categories":[110],"tags":[],"class_list":["post-3327","post","type-post","status-publish","format-standard","has-post-thumbnail","hentry","category-noticiasdestaque"],"_links":{"self":[{"href":"https:\/\/jorgezanoni.com.br\/2019\/wp-json\/wp\/v2\/posts\/3327","targetHints":{"allow":["GET"]}}],"collection":[{"href":"https:\/\/jorgezanoni.com.br\/2019\/wp-json\/wp\/v2\/posts"}],"about":[{"href":"https:\/\/jorgezanoni.com.br\/2019\/wp-json\/wp\/v2\/types\/post"}],"author":[{"embeddable":true,"href":"https:\/\/jorgezanoni.com.br\/2019\/wp-json\/wp\/v2\/users\/1"}],"replies":[{"embeddable":true,"href":"https:\/\/jorgezanoni.com.br\/2019\/wp-json\/wp\/v2\/comments?post=3327"}],"version-history":[{"count":0,"href":"https:\/\/jorgezanoni.com.br\/2019\/wp-json\/wp\/v2\/posts\/3327\/revisions"}],"wp:featuredmedia":[{"embeddable":true,"href":"https:\/\/jorgezanoni.com.br\/2019\/wp-json\/wp\/v2\/media\/3328"}],"wp:attachment":[{"href":"https:\/\/jorgezanoni.com.br\/2019\/wp-json\/wp\/v2\/media?parent=3327"}],"wp:term":[{"taxonomy":"category","embeddable":true,"href":"https:\/\/jorgezanoni.com.br\/2019\/wp-json\/wp\/v2\/categories?post=3327"},{"taxonomy":"post_tag","embeddable":true,"href":"https:\/\/jorgezanoni.com.br\/2019\/wp-json\/wp\/v2\/tags?post=3327"}],"curies":[{"name":"wp","href":"https:\/\/api.w.org\/{rel}","templated":true}]}}