{"id":33268,"date":"2020-08-22T01:50:16","date_gmt":"2020-08-22T01:50:16","guid":{"rendered":"https:\/\/jorgezanoni.com.br\/2019\/?p=33268"},"modified":"2020-08-22T02:00:53","modified_gmt":"2020-08-22T02:00:53","slug":"ed-thomas-e-izaque-silva-se-unem-em-disputa-pela-prefeitura-de-pp-sao-pre-candidatos","status":"publish","type":"post","link":"https:\/\/jorgezanoni.com.br\/2019\/ed-thomas-e-izaque-silva-se-unem-em-disputa-pela-prefeitura-de-pp-sao-pre-candidatos\/","title":{"rendered":"Ed Thomas e Izaque Silva se unem em disputa pela Prefeitura de PP, s\u00e3o pr\u00e9-candidatos"},"content":{"rendered":"<p style=\"font-weight: 400; text-align: justify;\">O deputado\u00a0<a style=\"font-weight: 400;\" href=\"https:\/\/www.imparcial.com.br\/guia\/pessoa\/ed-thomas\" data-gid=\"1839\">Ed Thomas<\/a>\u00a0(PSB) confirmou agora a pouco \u00e0 reportagem de\u00a0<b><strong>O Imparcial<\/strong><\/b>, que ele e o vereador\u00a0<a style=\"font-weight: 400;\" href=\"https:\/\/www.imparcial.com.br\/guia\/pessoa\/izaque-silva\" data-gid=\"2704\">Izaque Silva<\/a> (Patriota) se uniram e v\u00e3o disputar as elei\u00e7\u00f5es majorit\u00e1rias. Ed tentar\u00e1 a vaga de prefeito e Izaque de vice em Presidente Prudente.<\/p>\n<p style=\"font-weight: 400; text-align: justify;\">Conforme Ed, em uma reuni\u00e3o que ocorreu na tarde de sexta-feira, os dois selaram acordo e seguir\u00e3o juntos na campanha.<\/p>\n<p style=\"font-weight: 400; text-align: justify;\">Assim, os dois s\u00e3o pr\u00e9-candidatos, j\u00e1 que precisam oficializar este desejo em conven\u00e7\u00e3o partid\u00e1ria, que deve ocorrer at\u00e9 o dia 16 de setembro.<\/p>\n<p style=\"font-weight: 400; text-align: justify;\">\u00c0 reportagem, o deputado adiantou que seguem em conversa com outros partidos para que tenham apoio durante a campanha. Adianta que convites foram feitos e as tratativas est\u00e3o em andamento,<\/p>\n<p style=\"font-weight: 400; text-align: justify;\">Vale ressaltar que as elei\u00e7\u00f5es ocorrem no dia 15 de novembro e, caso necess\u00e1rio, o segundo turno est\u00e1 agendado para 29 de novembro.<\/p>\n<p style=\"text-align: justify;\"><img loading=\"lazy\" decoding=\"async\" class=\"alignnone size-full wp-image-33269\" src=\"https:\/\/jorgezanoni.com.br\/2019\/wp-content\/uploads\/2020\/08\/isaque.jpg\" alt=\"\" width=\"463\" height=\"463\" srcset=\"https:\/\/jorgezanoni.com.br\/2019\/wp-content\/uploads\/2020\/08\/isaque.jpg 463w, https:\/\/jorgezanoni.com.br\/2019\/wp-content\/uploads\/2020\/08\/isaque-300x300.jpg 300w, https:\/\/jorgezanoni.com.br\/2019\/wp-content\/uploads\/2020\/08\/isaque-150x150.jpg 150w, https:\/\/jorgezanoni.com.br\/2019\/wp-content\/uploads\/2020\/08\/isaque-420x420.jpg 420w\" sizes=\"auto, (max-width: 463px) 100vw, 463px\" \/>Izaque Silva selou acordo com Ed Thomas<\/p>\n<p>Fonte:\u00a0https:\/\/www.imparcial.com.br\/<\/p>\n","protected":false},"excerpt":{"rendered":"<p>O deputado\u00a0Ed Thomas\u00a0(PSB) confirmou agora a pouco \u00e0 reportagem de\u00a0O Imparcial, que ele e o vereador\u00a0Izaque Silva (Patriota) se uniram e v\u00e3o disputar as elei\u00e7\u00f5es majorit\u00e1rias. Ed tentar\u00e1 a vaga de prefeito e Izaque de vice em Presidente Prudente. Conforme Ed, em uma reuni\u00e3o que ocorreu na tarde de sexta-feira, os dois selaram acordo e [&hellip;]<\/p>\n","protected":false},"author":1,"featured_media":33270,"comment_status":"closed","ping_status":"open","sticky":false,"template":"","format":"standard","meta":{"footnotes":""},"categories":[110,116],"tags":[],"class_list":["post-33268","post","type-post","status-publish","format-standard","has-post-thumbnail","hentry","category-noticiasdestaque","category-politicaeeconomia"],"_links":{"self":[{"href":"https:\/\/jorgezanoni.com.br\/2019\/wp-json\/wp\/v2\/posts\/33268","targetHints":{"allow":["GET"]}}],"collection":[{"href":"https:\/\/jorgezanoni.com.br\/2019\/wp-json\/wp\/v2\/posts"}],"about":[{"href":"https:\/\/jorgezanoni.com.br\/2019\/wp-json\/wp\/v2\/types\/post"}],"author":[{"embeddable":true,"href":"https:\/\/jorgezanoni.com.br\/2019\/wp-json\/wp\/v2\/users\/1"}],"replies":[{"embeddable":true,"href":"https:\/\/jorgezanoni.com.br\/2019\/wp-json\/wp\/v2\/comments?post=33268"}],"version-history":[{"count":0,"href":"https:\/\/jorgezanoni.com.br\/2019\/wp-json\/wp\/v2\/posts\/33268\/revisions"}],"wp:featuredmedia":[{"embeddable":true,"href":"https:\/\/jorgezanoni.com.br\/2019\/wp-json\/wp\/v2\/media\/33270"}],"wp:attachment":[{"href":"https:\/\/jorgezanoni.com.br\/2019\/wp-json\/wp\/v2\/media?parent=33268"}],"wp:term":[{"taxonomy":"category","embeddable":true,"href":"https:\/\/jorgezanoni.com.br\/2019\/wp-json\/wp\/v2\/categories?post=33268"},{"taxonomy":"post_tag","embeddable":true,"href":"https:\/\/jorgezanoni.com.br\/2019\/wp-json\/wp\/v2\/tags?post=33268"}],"curies":[{"name":"wp","href":"https:\/\/api.w.org\/{rel}","templated":true}]}}