{"id":33265,"date":"2020-08-22T01:34:37","date_gmt":"2020-08-22T01:34:37","guid":{"rendered":"https:\/\/jorgezanoni.com.br\/2019\/?p=33265"},"modified":"2020-08-22T01:34:37","modified_gmt":"2020-08-22T01:34:37","slug":"mp-pediu-prisao-de-padre-robson-por-suspeita-de-irregularidades-na-afipe-mas-justica-negou","status":"publish","type":"post","link":"https:\/\/jorgezanoni.com.br\/2019\/mp-pediu-prisao-de-padre-robson-por-suspeita-de-irregularidades-na-afipe-mas-justica-negou\/","title":{"rendered":"MP pediu pris\u00e3o de padre Robson por suspeita de irregularidades na Afipe, mas Justi\u00e7a negou"},"content":{"rendered":"<h2 class=\"content-head__subtitle\" style=\"text-align: justify;\"><strong>Segundo promotoria, &#8216;h\u00e1 v\u00e1rios anos&#8217;, ele estaria se apropriando de recursos da Associa\u00e7\u00e3o dos Filhos do Pai Eterno, a qual fundou em Trindade e movimenta R$ 20 milh\u00f5es por m\u00eas. Por\u00e9m, ju\u00edza indeferiu justificando que religioso \u00e9 &#8216;prim\u00e1rio e tem bons antecedentes&#8217;.<\/strong><\/h2>\n<div class=\"mc-column content-text active-extra-styles \" data-block-type=\"unstyled\" data-block-weight=\"50\" data-block-id=\"2\">\n<p class=\"content-text__container \" style=\"text-align: justify;\" data-track-category=\"Link no Texto\" data-track-links=\"\">O Minist\u00e9rio P\u00fablico do Estado de Goi\u00e1s (MP-GO)\u00a0<span class=\"highlight highlighted\">pediu a pris\u00e3o do padre Robson<\/span>\u00a0de Oliveira Pereira, reitor do Santu\u00e1rio Bas\u00edlica de\u00a0<a href=\"https:\/\/g1.globo.com\/go\/goias\/cidade\/trindade-go\/\">Trindade<\/a>, no \u00e2mbito do<a href=\"https:\/\/g1.globo.com\/go\/goias\/noticia\/2020\/08\/21\/mp-go-deflagra-operacao-que-apura-suspeita-de-irregularidades-na-afipe-responsavel-pela-basilica-de-trindade.ghtml\">\u00a0processo que apura irregularidades na Associa\u00e7\u00e3o Filhos do Pai Eterno (Afipe)<\/a>, da qual \u00e9 presidente. No entanto, a\u00a0<span class=\"highlight highlighted\">Justi\u00e7a negou a solicita\u00e7\u00e3o<\/span>.<\/p>\n<\/div>\n<div class=\"wall protected-content\">\n<div class=\"mc-column content-text active-extra-styles \" style=\"text-align: justify;\" data-block-type=\"unstyled\" data-block-weight=\"44\" data-block-id=\"3\">\n<p class=\"content-text__container \" data-track-category=\"Link no Texto\" data-track-links=\"\">O corpo jur\u00eddico da Afipe informou que &#8220;n\u00e3o foi pego de surpresa&#8221; com a opera\u00e7\u00e3o e que, no passado, &#8220;se colocou \u00e0 disposi\u00e7\u00e3o do Minist\u00e9rio P\u00fablico&#8221;. Salientou ainda que o padre Robson acompanhou toda a opera\u00e7\u00e3o e que tudo segue em &#8220;extremo sigilo&#8221;.<\/p>\n<\/div>\n<div class=\"mc-column content-text active-extra-styles \" style=\"text-align: justify;\" data-block-type=\"unstyled\" data-block-weight=\"35\" data-block-id=\"4\">\n<p class=\"content-text__container \" data-track-category=\"Link no Texto\" data-track-links=\"\">A Arquidiocese de Goi\u00e2nia, respons\u00e1vel por Trindade, informou que &#8220;est\u00e1 atenta ao trabalho do Minist\u00e9rio P\u00fablico, espera que tudo seja apurado o mais breve poss\u00edvel e se coloca \u00e0 disposi\u00e7\u00e3o para colaborar com a Justi\u00e7a&#8221;.<\/p>\n<\/div>\n<div class=\"mc-column content-text active-extra-styles \" data-block-type=\"unstyled\" data-block-weight=\"58\" data-block-id=\"5\">\n<p class=\"content-text__container \" style=\"text-align: justify;\" data-track-category=\"Link no Texto\" data-track-links=\"\">A opera\u00e7\u00e3o &#8220;Vendilh\u00f5es&#8221; foi deflagrada na manh\u00e3 desta sexta-feira (21) para investigar diversos crimes, inclusive lavagem de dinheiro que era doado \u00e0 entidade para arcar com os custos da constru\u00e7\u00e3o do novo Santu\u00e1rio Bas\u00edlica. Foram cumpridos 16 mandados de busca e apreens\u00e3o, em im\u00f3veis de Goi\u00e2nia e Trindade. Inclusive, em propriedades de luxo vinculadas ao padre Robson.<\/p>\n<div class=\"mc-column content-text active-extra-styles\" style=\"text-align: justify;\" data-block-type=\"raw\" data-block-weight=\"5\" data-block-id=\"8\">\n<div class=\"content-intertitle\">\n<h2>Motivo do pedido de pris\u00e3o<\/h2>\n<\/div>\n<\/div>\n<div class=\"mc-column content-text active-extra-styles \" style=\"text-align: justify;\" data-block-type=\"unstyled\" data-block-weight=\"62\" data-block-id=\"9\">\n<p class=\"content-text__container \" data-track-category=\"Link no Texto\" data-track-links=\"\">Em sua justificativa para pedir a deten\u00e7\u00e3o, o MP-GO afirmou que a pris\u00e3o era necess\u00e1ria porque o padre, &#8220;h\u00e1 v\u00e1rios anos&#8221;, estaria se apropriando de recurso da Afipe, bem como &#8220;promovendo a transfer\u00eancia de bens desta para terceiros&#8221;. Al\u00e9m da pris\u00e3o, pleiteou ainda que ele fosse afastado do cargo diretivo da associa\u00e7\u00e3o, bem como proibido de entrar nos im\u00f3veis da entidade.<\/p>\n<\/div>\n<div class=\"mc-column content-text active-extra-styles \" style=\"text-align: justify;\" data-block-type=\"unstyled\" data-block-weight=\"49\" data-block-id=\"10\">\n<p class=\"content-text__container \" data-track-category=\"Link no Texto\" data-track-links=\"\">A promotoria ressalta que o padre administra entidades que recebem mais de R$ 20 milh\u00f5es mensais em doa\u00e7\u00f5es de todo o Brasil e estaria usando os valores em benef\u00edcio de terceiros. Foi constatado que, nos \u00faltimos dez anos, a\u00a0<span class=\"highlight highlighted\">associa\u00e7\u00e3o movimentou em suas contas mais de R$ 2 bilh\u00f5es<\/span>.<\/p>\n<\/div>\n<div class=\"mc-column content-text active-extra-styles \" style=\"text-align: justify;\" data-block-type=\"unstyled\" data-block-weight=\"63\" data-block-id=\"11\">\n<p class=\"content-text__container \" data-track-category=\"Link no Texto\" data-track-links=\"\">De acordo com a den\u00fancia do MP, houve\u00a0<span class=\"highlight highlighted\">pagamentos indevidos de cerca de R$ 120 milh\u00f5es<\/span>, s\u00f3 n\u00f3s \u00faltimos tr\u00eas anos, por parte da Afipe para grupos de empresas e pessoas. Constatou-se que esses gastos n\u00e3o tinham v\u00ednculo com quest\u00f5es religiosas, mas com outros neg\u00f3cios, como a compra de im\u00f3veis, propriedades rurais, cabe\u00e7as de gado e emissoras de r\u00e1dio, diz o MP.<\/p>\n<\/div>\n<div class=\"row medium-uncollapsed content-media content-photo\" style=\"text-align: justify;\" data-block-type=\"backstage-photo\" data-block-id=\"12\">\n<div class=\"mc-column content-media__container\">\n<figure><img decoding=\"async\" class=\"i-amphtml-fill-content i-amphtml-replaced-content\" src=\"https:\/\/s2.glbimg.com\/1xANwzA75D28n2n1ajQSuLj_Pc0=\/0x0:1700x1065\/984x0\/smart\/filters:strip_icc()\/i.s3.glbimg.com\/v1\/AUTH_59edd422c0c84a879bd37670ae4f538a\/internal_photos\/bs\/2020\/n\/C\/t9X0GrRvACB01tT95YPg\/busca.jpg\" sizes=\"(max-width: 1242px) 648px, 100vw\" srcset=\"https:\/\/s2.glbimg.com\/c8ySYJZHmM3tmFkG_Jc4MyFDv_Q=\/0x0:1700x1065\/1000x0\/smart\/filters:strip_icc()\/i.s3.glbimg.com\/v1\/AUTH_59edd422c0c84a879bd37670ae4f538a\/internal_photos\/bs\/2020\/n\/C\/t9X0GrRvACB01tT95YPg\/busca.jpg 1000w, https:\/\/s2.glbimg.com\/1xANwzA75D28n2n1ajQSuLj_Pc0=\/0x0:1700x1065\/984x0\/smart\/filters:strip_icc()\/i.s3.glbimg.com\/v1\/AUTH_59edd422c0c84a879bd37670ae4f538a\/internal_photos\/bs\/2020\/n\/C\/t9X0GrRvACB01tT95YPg\/busca.jpg 984w, https:\/\/s2.glbimg.com\/0E0AYB1e7n8nmag8G_2SnudBmnc=\/0x0:1700x1065\/640x0\/smart\/filters:strip_icc()\/i.s3.glbimg.com\/v1\/AUTH_59edd422c0c84a879bd37670ae4f538a\/internal_photos\/bs\/2020\/n\/C\/t9X0GrRvACB01tT95YPg\/busca.jpg 640w, https:\/\/s2.glbimg.com\/MX0Lge5Ii3X3e0bG4rFo00n6Nx4=\/0x0:1700x1065\/600x0\/smart\/filters:strip_icc()\/i.s3.glbimg.com\/v1\/AUTH_59edd422c0c84a879bd37670ae4f538a\/internal_photos\/bs\/2020\/n\/C\/t9X0GrRvACB01tT95YPg\/busca.jpg 600w\" alt=\"Promotores cumprem mandado de busca e apreens\u00e3o na casa do padre Robson \u2014 Foto: MP-GO\/Divulga\u00e7\u00e3o\" \/><\/figure>\n<p class=\"content-media__description \">Promotores cumprem mandado de busca e apreens\u00e3o na casa do padre Robson \u2014 Foto: MP-GO\/Divulga\u00e7\u00e3o<\/p>\n<\/div>\n<\/div>\n<div class=\"mc-column content-text active-extra-styles\" style=\"text-align: justify;\" data-block-type=\"raw\" data-block-weight=\"3\" data-block-id=\"13\">\n<div class=\"content-intertitle\">\n<h2>Ju\u00edza indeferiu pedido<\/h2>\n<\/div>\n<\/div>\n<div class=\"mc-column content-text active-extra-styles \" style=\"text-align: justify;\" data-block-type=\"unstyled\" data-block-weight=\"25\" data-block-id=\"14\">\n<p class=\"content-text__container \" data-track-category=\"Link no Texto\" data-track-links=\"\">Por\u00e9m, em seu despacho indeferindo o pedido, a ju\u00edza Placidina Pires, disse que o\u00a0<span class=\"highlight highlighted\">padre \u00e9 &#8220;l\u00edder religioso, prim\u00e1rio e de bons antecedentes criminais<\/span>&#8220;.<\/p>\n<\/div>\n<div class=\"mc-column content-text active-extra-styles \" style=\"text-align: justify;\" data-block-type=\"unstyled\" data-block-weight=\"55\" data-block-id=\"16\">\n<p class=\"content-text__container \" data-track-category=\"Link no Texto\" data-track-links=\"\">Ela ressaltou ainda que &#8220;a simples exist\u00eancia de ind\u00edcios da pr\u00e1tica de crimes de natureza grave&#8221; n\u00e3o s\u00e3o suficientes para determinar a pris\u00e3o do religioso&#8221;. Destacou ainda que na den\u00fancia do MP, &#8220;n\u00e3o h\u00e1 informa\u00e7\u00f5es concretas de que, em liberdade, o padres investigado destruir\u00e1 provas ou intimidar\u00e1 testemunhas&#8221;, n\u00e3o sendo necess\u00e1ria sua pris\u00e3o.<\/p>\n<\/div>\n<div class=\"mc-column content-text active-extra-styles \" style=\"text-align: justify;\" data-block-type=\"unstyled\" data-block-weight=\"37\" data-block-id=\"17\">\n<p class=\"content-text__container \" data-track-category=\"Link no Texto\" data-track-links=\"\">Pelos mesmos motivos, a magistrada tamb\u00e9m negou os pedidos de afastamento do cargo diretivo e da proibi\u00e7\u00e3o de acesso do padre \u00e0 Afipe. Por\u00e9m, a ju\u00edza determinou o bloqueio de R$ 60 milh\u00f5es em bens da associa\u00e7\u00e3o.<\/p>\n<\/div>\n<div class=\"mc-column content-text active-extra-styles\" style=\"text-align: justify;\" data-block-type=\"raw\" data-block-weight=\"2\" data-block-id=\"18\">\n<div class=\"content-intertitle\">\n<h2>Crimes investigados:<\/h2>\n<\/div>\n<\/div>\n<div class=\"mc-column content-text active-extra-styles\" style=\"text-align: justify;\" data-block-type=\"raw\" data-block-weight=\"12\" data-block-id=\"19\">\n<ul class=\"content-unordered-list\">\n<li>Apropria\u00e7\u00e3o ind\u00e9bita<\/li>\n<li>Lavagem de dinheiro<\/li>\n<li>Falsifica\u00e7\u00e3o de documentos<\/li>\n<li>Sonega\u00e7\u00e3o fiscal<\/li>\n<li>Associa\u00e7\u00e3o criminosa<\/li>\n<\/ul>\n<\/div>\n<div class=\"row medium-uncollapsed content-media content-photo\" style=\"text-align: justify;\" data-block-type=\"backstage-photo\" data-block-id=\"20\">\n<div class=\"mc-column content-media__container\">\n<figure><img decoding=\"async\" class=\"i-amphtml-fill-content i-amphtml-replaced-content\" src=\"https:\/\/s2.glbimg.com\/vb7JPWUxSjhsqRsztT2_UNBrdRI=\/0x0:1700x1065\/984x0\/smart\/filters:strip_icc()\/i.s3.glbimg.com\/v1\/AUTH_59edd422c0c84a879bd37670ae4f538a\/internal_photos\/bs\/2020\/n\/k\/D9J8KvTnmPZLibBFLpUQ\/basilica.jpg\" sizes=\"(max-width: 1242px) 648px, 100vw\" srcset=\"https:\/\/s2.glbimg.com\/3GFYeS-7Ckpyjzf3dNwzTmo12ow=\/0x0:1700x1065\/1000x0\/smart\/filters:strip_icc()\/i.s3.glbimg.com\/v1\/AUTH_59edd422c0c84a879bd37670ae4f538a\/internal_photos\/bs\/2020\/n\/k\/D9J8KvTnmPZLibBFLpUQ\/basilica.jpg 1000w, https:\/\/s2.glbimg.com\/vb7JPWUxSjhsqRsztT2_UNBrdRI=\/0x0:1700x1065\/984x0\/smart\/filters:strip_icc()\/i.s3.glbimg.com\/v1\/AUTH_59edd422c0c84a879bd37670ae4f538a\/internal_photos\/bs\/2020\/n\/k\/D9J8KvTnmPZLibBFLpUQ\/basilica.jpg 984w, https:\/\/s2.glbimg.com\/5-Xt8ex3pQoZ9tqbaam9lCtySwE=\/0x0:1700x1065\/640x0\/smart\/filters:strip_icc()\/i.s3.glbimg.com\/v1\/AUTH_59edd422c0c84a879bd37670ae4f538a\/internal_photos\/bs\/2020\/n\/k\/D9J8KvTnmPZLibBFLpUQ\/basilica.jpg 640w, https:\/\/s2.glbimg.com\/oK1M89as8CexudB0-X6XQrqx4sE=\/0x0:1700x1065\/600x0\/smart\/filters:strip_icc()\/i.s3.glbimg.com\/v1\/AUTH_59edd422c0c84a879bd37670ae4f538a\/internal_photos\/bs\/2020\/n\/k\/D9J8KvTnmPZLibBFLpUQ\/basilica.jpg 600w\" alt=\"MP-GO deflagra opera\u00e7\u00e3o que apura suspeita de irregularidades na Afipe, respons\u00e1vel pela Bas\u00edlica de Trindade Goi\u00e1s \u2014 Foto: Gabriel Garcia\/TV Anhanguera\" \/><\/figure>\n<p class=\"content-media__description \">MP-GO deflagra opera\u00e7\u00e3o que apura suspeita de irregularidades na Afipe, respons\u00e1vel pela Bas\u00edlica de Trindade Goi\u00e1s \u2014 Foto: Gabriel Garcia\/TV Anhanguera<\/p>\n<\/div>\n<\/div>\n<div class=\"mc-column content-text active-extra-styles\" style=\"text-align: justify;\" data-block-type=\"raw\" data-block-weight=\"5\" data-block-id=\"21\">\n<div class=\"content-intertitle\">\n<h2>Caso de extors\u00e3o originou a\u00e7\u00e3o<\/h2>\n<\/div>\n<\/div>\n<div class=\"mc-column content-text active-extra-styles \" style=\"text-align: justify;\" data-block-type=\"unstyled\" data-block-weight=\"40\" data-block-id=\"22\">\n<p class=\"content-text__container \" data-track-category=\"Link no Texto\" data-track-links=\"\">De acordo com o MP, a opera\u00e7\u00e3o se originou por conta de outra investiga\u00e7\u00e3o vinculada ao padre Robson. Conforme o apurado, na ocasi\u00e3o, o religioso,\u00a0<a href=\"https:\/\/g1.globo.com\/go\/goias\/noticia\/2019\/03\/14\/juiz-condena-cinco-pessoas-por-extorquir-r-2-milhoes-de-padre-ameacando-divulgar-mensagens-pessoais-dele-em-goiania.ghtml\">ap\u00f3s ser v\u00edtima de extors\u00e3o<\/a>, &#8220;utilizou indevidamente recursos provenientes de contas das associa\u00e7\u00f5es que preside&#8221;.<\/p>\n<\/div>\n<div class=\"mc-column content-text active-extra-styles \" style=\"text-align: justify;\" data-block-type=\"unstyled\" data-block-weight=\"35\" data-block-id=\"23\">\n<p class=\"content-text__container \" data-track-category=\"Link no Texto\" data-track-links=\"\"><a href=\"https:\/\/g1.globo.com\/go\/goias\/noticia\/2019\/03\/15\/hacker-condenado-por-extorquir-r-2-milhoes-do-padre-robson-ameacou-revelar-suposto-caso-amoroso-da-vitima.ghtml\">Um hacker chegou a ser condenado por extorquir R$ 2 milh\u00f5es do padre<\/a>, amea\u00e7ando revelar um suposto caso amoroso do religioso. Por\u00e9m, a pol\u00edcia apontou que as mensagens usadas para extorquir o padre eram falsas.<\/p>\n<\/div>\n<div class=\"row medium-uncollapsed content-media content-photo\" style=\"text-align: justify;\" data-block-type=\"backstage-photo\" data-block-id=\"24\">\n<div class=\"mc-column content-media__container\">\n<figure><img decoding=\"async\" class=\"i-amphtml-fill-content i-amphtml-replaced-content\" src=\"https:\/\/s2.glbimg.com\/s_BvllxtfNBpGJmyvR3ZhEI6LGs=\/0x0:1700x1065\/984x0\/smart\/filters:strip_icc()\/i.s3.glbimg.com\/v1\/AUTH_59edd422c0c84a879bd37670ae4f538a\/internal_photos\/bs\/2020\/S\/5\/laAdcNQaWYclIfVSBkJQ\/padres.jpg\" sizes=\"(max-width: 1242px) 648px, 100vw\" srcset=\"https:\/\/s2.glbimg.com\/abA6FpYPJcnHi5XIn6lAQkpHisM=\/0x0:1700x1065\/1000x0\/smart\/filters:strip_icc()\/i.s3.glbimg.com\/v1\/AUTH_59edd422c0c84a879bd37670ae4f538a\/internal_photos\/bs\/2020\/S\/5\/laAdcNQaWYclIfVSBkJQ\/padres.jpg 1000w, https:\/\/s2.glbimg.com\/s_BvllxtfNBpGJmyvR3ZhEI6LGs=\/0x0:1700x1065\/984x0\/smart\/filters:strip_icc()\/i.s3.glbimg.com\/v1\/AUTH_59edd422c0c84a879bd37670ae4f538a\/internal_photos\/bs\/2020\/S\/5\/laAdcNQaWYclIfVSBkJQ\/padres.jpg 984w, https:\/\/s2.glbimg.com\/Ugkkjt2oiuRDsFANvQx533y5daw=\/0x0:1700x1065\/640x0\/smart\/filters:strip_icc()\/i.s3.glbimg.com\/v1\/AUTH_59edd422c0c84a879bd37670ae4f538a\/internal_photos\/bs\/2020\/S\/5\/laAdcNQaWYclIfVSBkJQ\/padres.jpg 640w, https:\/\/s2.glbimg.com\/-CArJYORSawK2RlxD4_6OOHUcQA=\/0x0:1700x1065\/600x0\/smart\/filters:strip_icc()\/i.s3.glbimg.com\/v1\/AUTH_59edd422c0c84a879bd37670ae4f538a\/internal_photos\/bs\/2020\/S\/5\/laAdcNQaWYclIfVSBkJQ\/padres.jpg 600w\" alt=\"Momento em que promotores cumprem mandados na casa do padre Robson \u2014 Foto: Guilherme Rodrigues\/TV Anhanguera\" \/><\/figure>\n<p class=\"content-media__description \">Momento em que promotores cumprem mandados na casa do padre Robson \u2014 Foto: Guilherme Rodrigues\/TV Anhanguera<\/p>\n<\/div>\n<\/div>\n<div class=\"mc-column content-text active-extra-styles \" style=\"text-align: justify;\" data-block-type=\"unstyled\" data-block-weight=\"59\" data-block-id=\"26\">\n<p class=\"content-text__container \" data-track-category=\"Link no Texto\" data-track-links=\"\">As investiga\u00e7\u00e3o sobre o caso de extors\u00e3o apontaram que o padre Robson foi extorquido durante cerca de dois meses, entre mar\u00e7o e abril de 2017, e que teria repassado parte do valor solicitado usando contas da Afipe. No entanto, na ocasi\u00e3o, a entidade disse que \u201cn\u00e3o teve nenhum preju\u00edzo financeiro e todo o valor j\u00e1 voltou para a institui\u00e7\u00e3o\u201d.<\/p>\n<\/div>\n<div class=\"mc-column content-text active-extra-styles \" style=\"text-align: justify;\" data-block-type=\"unstyled\" data-block-weight=\"71\" data-block-id=\"27\">\n<p class=\"content-text__container \" data-track-category=\"Link no Texto\" data-track-links=\"\">De acordo com as investiga\u00e7\u00f5es, o dinheiro foi repassado por transfer\u00eancias banc\u00e1rias e entregas em esp\u00e9cie. Os pagamentos eram feitos em quantias de R$ 50 mil a R$ 700 mil. Em alguns casos, o valor era deixado dentro de um carro na porta de um condom\u00ednio ou no estacionamento de um shopping da capital. Uma das entregas foi supervisionada pela Pol\u00edcia Civil a fim de identificar e localizar todos os criminosos.<\/p>\n<\/div>\n<div class=\"row medium-uncollapsed content-media content-photo\" style=\"text-align: justify;\" data-block-type=\"backstage-photo\" data-block-id=\"28\">\n<div class=\"mc-column content-media__container\">\n<figure><img decoding=\"async\" class=\"i-amphtml-fill-content i-amphtml-replaced-content\" src=\"https:\/\/s2.glbimg.com\/5duvv7bajRiuzp6Uh9umPvmputk=\/0x0:1700x1065\/984x0\/smart\/filters:strip_icc()\/i.s3.glbimg.com\/v1\/AUTH_59edd422c0c84a879bd37670ae4f538a\/internal_photos\/bs\/2020\/K\/5\/gCEBZFQZWRA6LOMmbVQg\/piscina.jpg\" sizes=\"(max-width: 1242px) 648px, 100vw\" srcset=\"https:\/\/s2.glbimg.com\/jkqeChaEyqx4YCRQyiDBxbn9-Ks=\/0x0:1700x1065\/1000x0\/smart\/filters:strip_icc()\/i.s3.glbimg.com\/v1\/AUTH_59edd422c0c84a879bd37670ae4f538a\/internal_photos\/bs\/2020\/K\/5\/gCEBZFQZWRA6LOMmbVQg\/piscina.jpg 1000w, https:\/\/s2.glbimg.com\/5duvv7bajRiuzp6Uh9umPvmputk=\/0x0:1700x1065\/984x0\/smart\/filters:strip_icc()\/i.s3.glbimg.com\/v1\/AUTH_59edd422c0c84a879bd37670ae4f538a\/internal_photos\/bs\/2020\/K\/5\/gCEBZFQZWRA6LOMmbVQg\/piscina.jpg 984w, https:\/\/s2.glbimg.com\/81Sb6ccjicI4DfAiuk3tG_wydEI=\/0x0:1700x1065\/640x0\/smart\/filters:strip_icc()\/i.s3.glbimg.com\/v1\/AUTH_59edd422c0c84a879bd37670ae4f538a\/internal_photos\/bs\/2020\/K\/5\/gCEBZFQZWRA6LOMmbVQg\/piscina.jpg 640w, https:\/\/s2.glbimg.com\/U-znEORflmjmdmKNXLX5urcF6YQ=\/0x0:1700x1065\/600x0\/smart\/filters:strip_icc()\/i.s3.glbimg.com\/v1\/AUTH_59edd422c0c84a879bd37670ae4f538a\/internal_photos\/bs\/2020\/K\/5\/gCEBZFQZWRA6LOMmbVQg\/piscina.jpg 600w\" alt=\"Opera\u00e7\u00e3o cumpre mandado em propriedades de luxo vinculadas a padre Robson \u2014 Foto: Reprodu\u00e7\u00e3o\" \/><\/figure>\n<p class=\"content-media__description \">Opera\u00e7\u00e3o cumpre mandado em propriedades de luxo vinculadas a padre Robson \u2014 Foto: Reprodu\u00e7\u00e3o<\/p>\n<\/div>\n<\/div>\n<div class=\"mc-column content-text active-extra-styles\" style=\"text-align: justify;\" data-block-type=\"raw\" data-block-weight=\"2\" data-block-id=\"29\">\n<div class=\"content-intertitle\">\n<h2>Padre Robson<\/h2>\n<\/div>\n<\/div>\n<div class=\"mc-column content-text active-extra-styles \" style=\"text-align: justify;\" data-block-type=\"unstyled\" data-block-weight=\"43\" data-block-id=\"30\">\n<p class=\"content-text__container \" data-track-category=\"Link no Texto\" data-track-links=\"\">Natural de Trindade, padre Robson, de 46 anos, \u00e9 uma figura presente na cena cat\u00f3lica. Ele tamb\u00e9m tem um\u00a0<a href=\"https:\/\/g1.globo.com\/go\/goias\/noticia\/2019\/06\/30\/padre-robson-lanca-palavras-do-pai-programa-que-promove-momentos-de-reflexao-durante-festa-do-divino-pai-eterno.ghtml\">programa em que promove momentos de reflex\u00e3o com base em trechos da B\u00edblia<\/a>\u00a0e experi\u00eancias pessoais, al\u00e9m de conselhos \u00e0queles que pedem orienta\u00e7\u00e3o religiosa.<\/p>\n<\/div>\n<div class=\"mc-column content-text active-extra-styles \" style=\"text-align: justify;\" data-block-type=\"unstyled\" data-block-weight=\"44\" data-block-id=\"31\">\n<p class=\"content-text__container \" data-track-category=\"Link no Texto\" data-track-links=\"\">O caminho dele para o sacerd\u00f3cio come\u00e7ou aos 14 anos, quando entrou para o semin\u00e1rio e, uma d\u00e9cada depois, se formou padre. Estudou por alguns anos na Irlanda e em Roma, na It\u00e1lia, onde se formou mestre em Teologia Moral pela Universidade do Vaticano.<\/p>\n<\/div>\n<div class=\"mc-column content-text active-extra-styles \" style=\"text-align: justify;\" data-block-type=\"unstyled\" data-block-weight=\"27\" data-block-id=\"33\">\n<p class=\"content-text__container \" data-track-category=\"Link no Texto\" data-track-links=\"\">O religioso voltou para Trindade em 2003, como reitor do Santu\u00e1rio do Divino Pai Eterno, cargo que ocupou por 11 anos. Em 2004, ele fundou a Afipe.<\/p>\n<\/div>\n<div class=\"mc-column content-text active-extra-styles \" style=\"text-align: justify;\" data-block-type=\"unstyled\" data-block-weight=\"25\" data-block-id=\"34\">\n<p class=\"content-text__container \" data-track-category=\"Link no Texto\" data-track-links=\"\">Entre 2015 e 2019, foi Superior Provincial dos Redentoristas de Goi\u00e1s. No entanto, depois disso, voltou \u00e0 reitoria da Bas\u00edlica, cargo que ocupa at\u00e9 ent\u00e3o.<\/p>\n<\/div>\n<div class=\"row medium-uncollapsed content-media content-photo\" data-block-type=\"backstage-photo\" data-block-id=\"35\">\n<div class=\"mc-column content-media__container\">\n<figure style=\"text-align: justify;\"><img decoding=\"async\" class=\"i-amphtml-fill-content i-amphtml-replaced-content\" src=\"https:\/\/s2.glbimg.com\/anEIqdPOcaNpc9wvpzo-BnSYtFc=\/0x0:1700x1065\/984x0\/smart\/filters:strip_icc()\/i.s3.glbimg.com\/v1\/AUTH_59edd422c0c84a879bd37670ae4f538a\/internal_photos\/bs\/2020\/r\/K\/caIlEGSXqbXoFF6UTSWg\/dinheiro.jpg\" sizes=\"(max-width: 1242px) 648px, 100vw\" srcset=\"https:\/\/s2.glbimg.com\/Cdte9iFOnh2TfBnB6GAJ05aiclM=\/0x0:1700x1065\/1000x0\/smart\/filters:strip_icc()\/i.s3.glbimg.com\/v1\/AUTH_59edd422c0c84a879bd37670ae4f538a\/internal_photos\/bs\/2020\/r\/K\/caIlEGSXqbXoFF6UTSWg\/dinheiro.jpg 1000w, https:\/\/s2.glbimg.com\/anEIqdPOcaNpc9wvpzo-BnSYtFc=\/0x0:1700x1065\/984x0\/smart\/filters:strip_icc()\/i.s3.glbimg.com\/v1\/AUTH_59edd422c0c84a879bd37670ae4f538a\/internal_photos\/bs\/2020\/r\/K\/caIlEGSXqbXoFF6UTSWg\/dinheiro.jpg 984w, https:\/\/s2.glbimg.com\/ZwKCnrwwSTkFBgv5WeTYA69hDlQ=\/0x0:1700x1065\/640x0\/smart\/filters:strip_icc()\/i.s3.glbimg.com\/v1\/AUTH_59edd422c0c84a879bd37670ae4f538a\/internal_photos\/bs\/2020\/r\/K\/caIlEGSXqbXoFF6UTSWg\/dinheiro.jpg 640w, https:\/\/s2.glbimg.com\/OYYxGARk_ezEa9glNML-PXF1Rko=\/0x0:1700x1065\/600x0\/smart\/filters:strip_icc()\/i.s3.glbimg.com\/v1\/AUTH_59edd422c0c84a879bd37670ae4f538a\/internal_photos\/bs\/2020\/r\/K\/caIlEGSXqbXoFF6UTSWg\/dinheiro.jpg 600w\" alt=\"Dinheiro apreendido na sala do padre Robson, na Afipe \u2014 Foto: MP-GO\/Divulga\u00e7\u00e3o\" \/><\/figure>\n<p class=\"content-media__description \" style=\"text-align: justify;\">Dinheiro apreendido na sala do padre Robson, na Afipe \u2014 Foto: MP-GO\/Divulga\u00e7\u00e3o<\/p>\n<p style=\"text-align: justify;\">Fonte: https:\/\/g1.globo.com\/go\/goias\/noticia\/2020\/08\/21\/mp-pediu-prisao-de-padre-robson-por-suspeita-de-irregularidades-na-afipe-mas-justica-negou.ghtml<\/p>\n<\/div>\n<\/div>\n<\/div>\n<\/div>\n","protected":false},"excerpt":{"rendered":"<p>Segundo promotoria, &#8216;h\u00e1 v\u00e1rios anos&#8217;, ele estaria se apropriando de recursos da Associa\u00e7\u00e3o dos Filhos do Pai Eterno, a qual fundou em Trindade e movimenta R$ 20 milh\u00f5es por m\u00eas. Por\u00e9m, ju\u00edza indeferiu justificando que religioso \u00e9 &#8216;prim\u00e1rio e tem bons antecedentes&#8217;. O Minist\u00e9rio P\u00fablico do Estado de Goi\u00e1s (MP-GO)\u00a0pediu a pris\u00e3o do padre Robson\u00a0de [&hellip;]<\/p>\n","protected":false},"author":1,"featured_media":33266,"comment_status":"closed","ping_status":"open","sticky":false,"template":"","format":"standard","meta":{"footnotes":""},"categories":[110,2,118],"tags":[],"class_list":["post-33265","post","type-post","status-publish","format-standard","has-post-thumbnail","hentry","category-noticiasdestaque","category-policial","category-religiaoesolidariedade"],"_links":{"self":[{"href":"https:\/\/jorgezanoni.com.br\/2019\/wp-json\/wp\/v2\/posts\/33265","targetHints":{"allow":["GET"]}}],"collection":[{"href":"https:\/\/jorgezanoni.com.br\/2019\/wp-json\/wp\/v2\/posts"}],"about":[{"href":"https:\/\/jorgezanoni.com.br\/2019\/wp-json\/wp\/v2\/types\/post"}],"author":[{"embeddable":true,"href":"https:\/\/jorgezanoni.com.br\/2019\/wp-json\/wp\/v2\/users\/1"}],"replies":[{"embeddable":true,"href":"https:\/\/jorgezanoni.com.br\/2019\/wp-json\/wp\/v2\/comments?post=33265"}],"version-history":[{"count":0,"href":"https:\/\/jorgezanoni.com.br\/2019\/wp-json\/wp\/v2\/posts\/33265\/revisions"}],"wp:featuredmedia":[{"embeddable":true,"href":"https:\/\/jorgezanoni.com.br\/2019\/wp-json\/wp\/v2\/media\/33266"}],"wp:attachment":[{"href":"https:\/\/jorgezanoni.com.br\/2019\/wp-json\/wp\/v2\/media?parent=33265"}],"wp:term":[{"taxonomy":"category","embeddable":true,"href":"https:\/\/jorgezanoni.com.br\/2019\/wp-json\/wp\/v2\/categories?post=33265"},{"taxonomy":"post_tag","embeddable":true,"href":"https:\/\/jorgezanoni.com.br\/2019\/wp-json\/wp\/v2\/tags?post=33265"}],"curies":[{"name":"wp","href":"https:\/\/api.w.org\/{rel}","templated":true}]}}