{"id":33262,"date":"2020-08-22T00:30:28","date_gmt":"2020-08-22T00:30:28","guid":{"rendered":"https:\/\/jorgezanoni.com.br\/2019\/?p=33262"},"modified":"2020-08-22T00:30:28","modified_gmt":"2020-08-22T00:30:28","slug":"diretora-regional-de-ensino-detalha-como-sera-a-retomada-das-aulas-presenciais-nas-escolas","status":"publish","type":"post","link":"https:\/\/jorgezanoni.com.br\/2019\/diretora-regional-de-ensino-detalha-como-sera-a-retomada-das-aulas-presenciais-nas-escolas\/","title":{"rendered":"Diretora regional de ensino detalha como ser\u00e1 a retomada das aulas presenciais nas escolas"},"content":{"rendered":"<p><strong>Irmes Mattara disse que para a retomada \u00e9 preciso que o munic\u00edpio esteja 28 dias consecutivos na fase amarela.<\/strong><\/p>\n<p style=\"text-align: justify;\">Ap\u00f3s an\u00fancio do Governo do Estado de S\u00e3o Paulo, de que a retomada das aulas presenciais nas escolas ficaria por conta dos munic\u00edpios, a reportagem entrou em contato com a Prefeitura local para saber o posicionamento do Executivo municipal. Em nota enviada pela assessoria de imprensa da Prefeitura, a reportagem recebeu a seguinte resposta: \u201cEm Dracena, a decis\u00e3o sair\u00e1 em conjunto com a Diretoria Regional de Educa\u00e7\u00e3o, que ser\u00e1 na semana que vem\u201d. Para detalhar como ser\u00e1 o processo de retomada da Diretoria Regional de Educa\u00e7\u00e3o, a reportagem entrou em contato com a diretora de ensino da regional, Irmes Mattara. Ela explicou alguns detalhes previstos no Plano SP para a retomada das atividades presenciais. \u201cOs munic\u00edpios receberam as primeiras orienta\u00e7\u00f5es que eles precisam se organizar para fazer a retomada. Nesse momento \u00e9 opcional e com autonomia do munic\u00edpio. Cada cidade estar\u00e1 se organizando para fazer o plano da retomada e ele precisa ser protocolado para a diretoria, para que possamos acompanhar e fazer a supervis\u00e3o. Cada supervisor da diretoria j\u00e1 est\u00e1 orientando os munic\u00edpios atendendo os decretos e o Plano SP. O mais importante \u00e9 a seguran\u00e7a dos alunos, professores e funcion\u00e1rios das escolas\u201d, explicou. Mattara ainda informou que o plano de retomada do Governo de S\u00e3o Paulo est\u00e1 diretamente vinculado ao plano de flexibiliza\u00e7\u00e3o\u00a0estadual. \u201cTodo plano de retomada est\u00e1 ligada \u00e0s regionais de acordo com cada DRS (Departamento Regional de Sa\u00fade). Ent\u00e3o para as aulas retornarem, \u00e9 preciso estar 28 dias consecutivos na fase amarela do Plano SP\u201d, disse ela. Dracena ainda segue na fase laranja, diferente de algumas outras cidades da regi\u00e3o. \u201cA Diretoria Regional de Ensino de Adamantina abrange munic\u00edpios de duas DRSs. Ou seja, cidades como Dracena, que seguem na fase laranja, ter\u00e3o retomada diferente das cidades que j\u00e1 est\u00e3o na amarela\u201d, conta Mattara. De acordo com ela, mesmo as cidades na fase laranja, j\u00e1 est\u00e3o se planejando. \u201cEst\u00e3o sendo feitos planejamentos para ver os recursos f\u00edsicos e humanos para essa retomada, porcentual de alunos que podem estar nas salas, mas s\u00f3 ir\u00e3o pensar em receber os alunos quando avan\u00e7ar de fase no Plano SP. A partir do momento em que o munic\u00edpio se enquadrar na fase amarela, haver\u00e1 comunica\u00e7\u00e3o para os alunos, pais e imprensa\u201d, ressaltou Mattara. Por fim, Mattara disse que \u00e9 preciso lembrar que Dracena n\u00e3o atingir\u00e1 os 28 dias consecutivos na fase amarela na data estipulada pelo governo estadual. \u201cTeremos que seguir acompanhando as cores do Plano SP para sabermos quando cada munic\u00edpio poder\u00e1 retomar as atividades\u201d, concluiu.<\/p>\n<p style=\"text-align: justify;\">Fonte: Portal Regional<\/p>\n<p><center><\/center><\/p>\n","protected":false},"excerpt":{"rendered":"<p>Irmes Mattara disse que para a retomada \u00e9 preciso que o munic\u00edpio esteja 28 dias consecutivos na fase amarela. Ap\u00f3s an\u00fancio do Governo do Estado de S\u00e3o Paulo, de que a retomada das aulas presenciais nas escolas ficaria por conta dos munic\u00edpios, a reportagem entrou em contato com a Prefeitura local para saber o posicionamento [&hellip;]<\/p>\n","protected":false},"author":1,"featured_media":33263,"comment_status":"closed","ping_status":"open","sticky":false,"template":"","format":"standard","meta":{"footnotes":""},"categories":[110,122],"tags":[],"class_list":["post-33262","post","type-post","status-publish","format-standard","has-post-thumbnail","hentry","category-noticiasdestaque","category-saudeeducacaoeconcurso"],"_links":{"self":[{"href":"https:\/\/jorgezanoni.com.br\/2019\/wp-json\/wp\/v2\/posts\/33262","targetHints":{"allow":["GET"]}}],"collection":[{"href":"https:\/\/jorgezanoni.com.br\/2019\/wp-json\/wp\/v2\/posts"}],"about":[{"href":"https:\/\/jorgezanoni.com.br\/2019\/wp-json\/wp\/v2\/types\/post"}],"author":[{"embeddable":true,"href":"https:\/\/jorgezanoni.com.br\/2019\/wp-json\/wp\/v2\/users\/1"}],"replies":[{"embeddable":true,"href":"https:\/\/jorgezanoni.com.br\/2019\/wp-json\/wp\/v2\/comments?post=33262"}],"version-history":[{"count":0,"href":"https:\/\/jorgezanoni.com.br\/2019\/wp-json\/wp\/v2\/posts\/33262\/revisions"}],"wp:featuredmedia":[{"embeddable":true,"href":"https:\/\/jorgezanoni.com.br\/2019\/wp-json\/wp\/v2\/media\/33263"}],"wp:attachment":[{"href":"https:\/\/jorgezanoni.com.br\/2019\/wp-json\/wp\/v2\/media?parent=33262"}],"wp:term":[{"taxonomy":"category","embeddable":true,"href":"https:\/\/jorgezanoni.com.br\/2019\/wp-json\/wp\/v2\/categories?post=33262"},{"taxonomy":"post_tag","embeddable":true,"href":"https:\/\/jorgezanoni.com.br\/2019\/wp-json\/wp\/v2\/tags?post=33262"}],"curies":[{"name":"wp","href":"https:\/\/api.w.org\/{rel}","templated":true}]}}