{"id":33259,"date":"2020-08-22T00:01:04","date_gmt":"2020-08-22T00:01:04","guid":{"rendered":"https:\/\/jorgezanoni.com.br\/2019\/?p=33259"},"modified":"2020-08-22T00:01:04","modified_gmt":"2020-08-22T00:01:04","slug":"incendio-atinge-garagem-de-empresa-de-onibus-e-deixa-parte-da-frota-destruida","status":"publish","type":"post","link":"https:\/\/jorgezanoni.com.br\/2019\/incendio-atinge-garagem-de-empresa-de-onibus-e-deixa-parte-da-frota-destruida\/","title":{"rendered":"Inc\u00eandio atinge garagem de empresa de \u00f4nibus e deixa parte da frota destru\u00edda"},"content":{"rendered":"<div class=\"mc-column content-text active-extra-styles \" data-block-type=\"unstyled\" data-block-weight=\"38\" data-block-id=\"2\">\n<p class=\"content-text__container \" style=\"text-align: justify;\" data-track-category=\"Link no Texto\" data-track-links=\"\">Um inc\u00eandio atingiu a garagem de uma empresa de \u00f4nibus localizada em Paul\u00ednia (SP) na manh\u00e3 desta quinta-feira (20). De acordo com o Corpo de Bombeiros, as chamas foram controladas \u00e0s 12h40 e n\u00e3o h\u00e1 registro de feridos.<\/p>\n<\/div>\n<div class=\"wall protected-content\">\n<div class=\"mc-column content-text active-extra-styles \" data-block-type=\"unstyled\" data-block-weight=\"35\" data-block-id=\"3\">\n<p class=\"content-text__container \" style=\"text-align: justify;\" data-track-category=\"Link no Texto\" data-track-links=\"\">Segundo a corpora\u00e7\u00e3o, 49 \u00f4nibus foram destru\u00eddos no incidente. Imagens enviadas mostram uma fuma\u00e7a preta provocada pelo fogo, que p\u00f4de ser vista a quil\u00f4metros de dist\u00e2ncia do local onde est\u00e1 situado o barrac\u00e3o.<\/p>\n<div class=\"mc-column content-text active-extra-styles \" style=\"text-align: justify;\" data-block-type=\"unstyled\" data-block-weight=\"26\" data-block-id=\"5\">\n<p class=\"content-text__container \" data-track-category=\"Link no Texto\" data-track-links=\"\">O im\u00f3vel atingido pelo inc\u00eandio abriga a sede da empresa Turismo Romero Esteves e fica localizado na Rua S\u00e3o Bento, n\u00ba 380, no bairro Santa Cec\u00edlia.<\/p>\n<\/div>\n<div class=\"mc-column content-text active-extra-styles \" data-block-type=\"unstyled\" data-block-weight=\"38\" data-block-id=\"6\">\n<p class=\"content-text__container \" style=\"text-align: justify;\" data-track-category=\"Link no Texto\" data-track-links=\"\">De acordo com a corpora\u00e7\u00e3o, foram usados 100 m\u00b3 de \u00e1gua e 30 pessoas (incluindo bombeiros, brigadistas de empresas privadas e agentes da Defesa Civil) participaram do combate \u00e0s chamas. As poss\u00edveis causas do inc\u00eandio est\u00e3o sendo apuradas.<\/p>\n<p style=\"text-align: justify;\" data-track-category=\"Link no Texto\" data-track-links=\"\">Fonte: G1<\/p>\n<\/div>\n<\/div>\n<\/div>\n","protected":false},"excerpt":{"rendered":"<p>Um inc\u00eandio atingiu a garagem de uma empresa de \u00f4nibus localizada em Paul\u00ednia (SP) na manh\u00e3 desta quinta-feira (20). De acordo com o Corpo de Bombeiros, as chamas foram controladas \u00e0s 12h40 e n\u00e3o h\u00e1 registro de feridos. Segundo a corpora\u00e7\u00e3o, 49 \u00f4nibus foram destru\u00eddos no incidente. Imagens enviadas mostram uma fuma\u00e7a preta provocada pelo [&hellip;]<\/p>\n","protected":false},"author":1,"featured_media":33260,"comment_status":"closed","ping_status":"open","sticky":false,"template":"","format":"standard","meta":{"footnotes":""},"categories":[110,2],"tags":[],"class_list":["post-33259","post","type-post","status-publish","format-standard","has-post-thumbnail","hentry","category-noticiasdestaque","category-policial"],"_links":{"self":[{"href":"https:\/\/jorgezanoni.com.br\/2019\/wp-json\/wp\/v2\/posts\/33259","targetHints":{"allow":["GET"]}}],"collection":[{"href":"https:\/\/jorgezanoni.com.br\/2019\/wp-json\/wp\/v2\/posts"}],"about":[{"href":"https:\/\/jorgezanoni.com.br\/2019\/wp-json\/wp\/v2\/types\/post"}],"author":[{"embeddable":true,"href":"https:\/\/jorgezanoni.com.br\/2019\/wp-json\/wp\/v2\/users\/1"}],"replies":[{"embeddable":true,"href":"https:\/\/jorgezanoni.com.br\/2019\/wp-json\/wp\/v2\/comments?post=33259"}],"version-history":[{"count":0,"href":"https:\/\/jorgezanoni.com.br\/2019\/wp-json\/wp\/v2\/posts\/33259\/revisions"}],"wp:featuredmedia":[{"embeddable":true,"href":"https:\/\/jorgezanoni.com.br\/2019\/wp-json\/wp\/v2\/media\/33260"}],"wp:attachment":[{"href":"https:\/\/jorgezanoni.com.br\/2019\/wp-json\/wp\/v2\/media?parent=33259"}],"wp:term":[{"taxonomy":"category","embeddable":true,"href":"https:\/\/jorgezanoni.com.br\/2019\/wp-json\/wp\/v2\/categories?post=33259"},{"taxonomy":"post_tag","embeddable":true,"href":"https:\/\/jorgezanoni.com.br\/2019\/wp-json\/wp\/v2\/tags?post=33259"}],"curies":[{"name":"wp","href":"https:\/\/api.w.org\/{rel}","templated":true}]}}