{"id":33250,"date":"2020-08-21T22:04:28","date_gmt":"2020-08-21T22:04:28","guid":{"rendered":"https:\/\/jorgezanoni.com.br\/2019\/?p=33250"},"modified":"2020-08-21T22:04:47","modified_gmt":"2020-08-21T22:04:47","slug":"motociclista-morre-vitima-de-acidente-de-transito-na-rodovia-angelo-rena-em-presidente-prudente","status":"publish","type":"post","link":"https:\/\/jorgezanoni.com.br\/2019\/motociclista-morre-vitima-de-acidente-de-transito-na-rodovia-angelo-rena-em-presidente-prudente\/","title":{"rendered":"Motociclista morre v\u00edtima de acidente de tr\u00e2nsito na Rodovia \u00c2ngelo Rena, em Presidente Prudente"},"content":{"rendered":"<h2 class=\"content-head__subtitle\" style=\"text-align: justify;\"><strong>V\u00edtima, de 47 anos, chegou a ser socorrida pelo Corpo de Bombeiros e encaminhada ao Hospital Regional (HR) para receber atendimento m\u00e9dico, mas n\u00e3o resistiu aos ferimentos.<\/strong><\/h2>\n<div class=\"mc-column content-text active-extra-styles \" data-block-type=\"unstyled\" data-block-weight=\"30\" data-block-id=\"2\">\n<p class=\"content-text__container \" style=\"text-align: justify;\" data-track-category=\"Link no Texto\" data-track-links=\"\">Um motociclista de 47 anos morreu v\u00edtima de acidente de tr\u00e2nsito na tarde desta sexta-feira (21), na Rodovia \u00c2ngelo Rena, na altura do bairro Terras de Imoplan, em\u00a0<a href=\"https:\/\/g1.globo.com\/sp\/presidente-prudente-regiao\/cidade\/presidente-prudente\/\">Presidente Prudente<\/a>.<\/p>\n<\/div>\n<div class=\"wall protected-content\">\n<div class=\"mc-column content-text active-extra-styles \" style=\"text-align: justify;\" data-block-type=\"unstyled\" data-block-weight=\"9\" data-block-id=\"3\">\n<p class=\"content-text__container \" data-track-category=\"Link no Texto\" data-track-links=\"\">A colis\u00e3o frontal envolveu uma motocicleta e uma picape.<\/p>\n<\/div>\n<div class=\"mc-column content-text active-extra-styles \" style=\"text-align: justify;\" data-block-type=\"unstyled\" data-block-weight=\"25\" data-block-id=\"4\">\n<p class=\"content-text__container \" data-track-category=\"Link no Texto\" data-track-links=\"\">A v\u00edtima chegou a ser socorrida pelo Corpo de Bombeiros e encaminhada ao Hospital Regional (HR) para receber atendimento m\u00e9dico, mas n\u00e3o resistiu aos ferimentos.<\/p>\n<\/div>\n<div class=\"mc-column content-text active-extra-styles \" style=\"text-align: justify;\" data-block-type=\"unstyled\" data-block-weight=\"22\" data-block-id=\"5\">\n<p class=\"content-text__container \" data-track-category=\"Link no Texto\" data-track-links=\"\">Al\u00e9m dos bombeiros, equipes da Pol\u00edcia Cient\u00edfica e da Pol\u00edcia Militar tamb\u00e9m compareceram ao local do acidente para o atendimento da ocorr\u00eancia.<\/p>\n<\/div>\n<div class=\"mc-column content-text active-extra-styles \" style=\"text-align: justify;\" data-block-type=\"unstyled\" data-block-weight=\"29\" data-block-id=\"6\">\n<p class=\"content-text__container \" data-track-category=\"Link no Texto\" data-track-links=\"\">Em nota ao\u00a0<strong>G1<\/strong>, o HR informou que o paciente deu entrada no Pronto-socorro da unidade por volta das 14h45 desta sexta-feira (21) em estado de sa\u00fade considerado grav\u00edssimo.<\/p>\n<\/div>\n<div class=\"mc-column content-text active-extra-styles \" style=\"text-align: justify;\" data-block-type=\"unstyled\" data-block-weight=\"25\" data-block-id=\"7\">\n<p class=\"content-text__container \" data-track-category=\"Link no Texto\" data-track-links=\"\">Ainda segundo o HR, o motociclista foi prontamente atendido pela equipe m\u00e9dica e multiprofissional, &#8220;por\u00e9m, seu estado de sa\u00fade evoluiu a \u00f3bito logo em seguida&#8221;.<\/p>\n<\/div>\n<div class=\"mc-column content-text active-extra-styles \" style=\"text-align: justify;\" data-block-type=\"unstyled\" data-block-weight=\"41\" data-block-id=\"8\">\n<p class=\"content-text__container \" data-track-category=\"Link no Texto\" data-track-links=\"\">Segundo o Corpo de Bombeiros, o motorista que dirigia a picape tamb\u00e9m foi socorrido, com ferimentos leves, e encaminhado \u00e0 Santa Casa de Miseric\u00f3rdia para receber atendimento m\u00e9dico. De acordo com o hospital, o homem foi liberado ap\u00f3s passar por atendimento.<\/p>\n<\/div>\n<div class=\"row medium-uncollapsed content-media content-photo\" style=\"text-align: justify;\" data-block-type=\"backstage-photo\" data-block-id=\"9\">\n<div class=\"column medium-22 large-20 medium-centered content-media__container\">\n<figure><img decoding=\"async\" class=\"i-amphtml-fill-content i-amphtml-replaced-content\" src=\"https:\/\/s2.glbimg.com\/h93zwMd8fd-dngcdRcia5BntD00=\/0x0:1280x605\/1008x0\/smart\/filters:strip_icc()\/i.s3.glbimg.com\/v1\/AUTH_59edd422c0c84a879bd37670ae4f538a\/internal_photos\/bs\/2020\/7\/T\/cvAXSnRRyoyfEQWRwMUA\/rena-1.jpg\" srcset=\"\" alt=\"Motociclista morreu v\u00edtima de acidente de tr\u00e2nsito na Rodovia \u00c2ngelo Rena, em Presidente Prudente, nesta sexta-feira (21) \u2014 Foto: Pol\u00edcia Militar\" \/><\/figure>\n<p class=\"content-media__description \">Motociclista morreu v\u00edtima de acidente de tr\u00e2nsito na Rodovia \u00c2ngelo Rena, em Presidente Prudente, nesta sexta-feira (21) \u2014 Foto: Pol\u00edcia Militar<\/p>\n<\/div>\n<\/div>\n<div class=\"row medium-uncollapsed content-media content-photo\" style=\"text-align: justify;\" data-block-type=\"backstage-photo\" data-block-id=\"11\">\n<div class=\"column medium-22 large-20 medium-centered content-media__container\">\n<figure><img decoding=\"async\" class=\"i-amphtml-fill-content i-amphtml-replaced-content\" src=\"https:\/\/s2.glbimg.com\/_QBX_PkhOGYg485Oa4Ly-DmmjdE=\/0x0:1280x605\/1008x0\/smart\/filters:strip_icc()\/i.s3.glbimg.com\/v1\/AUTH_59edd422c0c84a879bd37670ae4f538a\/internal_photos\/bs\/2020\/O\/d\/WV9OdvS6aZwt4KMPKdpA\/rena-5.jpg\" srcset=\"\" alt=\"Motociclista morreu v\u00edtima de acidente de tr\u00e2nsito na Rodovia \u00c2ngelo Rena, em Presidente Prudente, nesta sexta-feira (21) \u2014 Foto: Pol\u00edcia Militar\" \/><\/figure>\n<p class=\"content-media__description \">Motociclista morreu v\u00edtima de acidente de tr\u00e2nsito na Rodovia \u00c2ngelo Rena, em Presidente Prudente, nesta sexta-feira (21) \u2014 Foto: Pol\u00edcia Militar<\/p>\n<\/div>\n<\/div>\n<div class=\"row medium-uncollapsed content-media content-photo\" style=\"text-align: justify;\" data-block-type=\"backstage-photo\" data-block-id=\"12\">\n<div class=\"column medium-22 large-20 medium-centered content-media__container\">\n<figure><img decoding=\"async\" class=\"i-amphtml-fill-content i-amphtml-replaced-content\" src=\"https:\/\/s2.glbimg.com\/WFhm7rBqVPt2oKwvtg2QWh5WpeA=\/0x0:1280x605\/1008x0\/smart\/filters:strip_icc()\/i.s3.glbimg.com\/v1\/AUTH_59edd422c0c84a879bd37670ae4f538a\/internal_photos\/bs\/2020\/j\/a\/A9ddDLRX6fSmG4bqEszg\/rena-2.jpg\" srcset=\"\" alt=\"Motociclista morreu v\u00edtima de acidente de tr\u00e2nsito na Rodovia \u00c2ngelo Rena, em Presidente Prudente, nesta sexta-feira (21) \u2014 Foto: Pol\u00edcia Militar\" \/><\/figure>\n<p class=\"content-media__description \">Motociclista morreu v\u00edtima de acidente de tr\u00e2nsito na Rodovia \u00c2ngelo Rena, em Presidente Prudente, nesta sexta-feira (21) \u2014 Foto: Pol\u00edcia Militar<\/p>\n<\/div>\n<\/div>\n<div class=\"row medium-uncollapsed content-media content-photo\" style=\"text-align: justify;\" data-block-type=\"backstage-photo\" data-block-id=\"13\">\n<div class=\"column medium-22 large-20 medium-centered content-media__container\">\n<figure><img decoding=\"async\" class=\"i-amphtml-fill-content i-amphtml-replaced-content\" src=\"https:\/\/s2.glbimg.com\/VBaTL3FBbim-lJ7WQSdpK_-VutM=\/0x0:1280x605\/1008x0\/smart\/filters:strip_icc()\/i.s3.glbimg.com\/v1\/AUTH_59edd422c0c84a879bd37670ae4f538a\/internal_photos\/bs\/2020\/x\/P\/yaTW28TBmSTIORuBQbnA\/rena-3.jpg\" srcset=\"\" alt=\"Motociclista morreu v\u00edtima de acidente de tr\u00e2nsito na Rodovia \u00c2ngelo Rena, em Presidente Prudente, nesta sexta-feira (21) \u2014 Foto: Pol\u00edcia Militar\" \/><\/figure>\n<p class=\"content-media__description \">Motociclista morreu v\u00edtima de acidente de tr\u00e2nsito na Rodovia \u00c2ngelo Rena, em Presidente Prudente, nesta sexta-feira (21) \u2014 Foto: Pol\u00edcia Militar<\/p>\n<\/div>\n<\/div>\n<div class=\"row medium-uncollapsed content-media content-photo\" style=\"text-align: justify;\" data-block-type=\"backstage-photo\" data-block-id=\"15\">\n<div class=\"column medium-22 large-20 medium-centered content-media__container\">\n<figure><img decoding=\"async\" class=\"i-amphtml-fill-content i-amphtml-replaced-content\" src=\"https:\/\/s2.glbimg.com\/_KjBKY0Ikkf0wygZUHli8xXpSpw=\/0x0:1280x605\/1008x0\/smart\/filters:strip_icc()\/i.s3.glbimg.com\/v1\/AUTH_59edd422c0c84a879bd37670ae4f538a\/internal_photos\/bs\/2020\/o\/l\/XAdAPRSBO8X1CvpvQ1bA\/rena-6.jpg\" srcset=\"\" alt=\"Motociclista morreu v\u00edtima de acidente de tr\u00e2nsito na Rodovia \u00c2ngelo Rena, em Presidente Prudente, nesta sexta-feira (21) \u2014 Foto: Pol\u00edcia Militar\" \/><\/figure>\n<p class=\"content-media__description \">Motociclista morreu v\u00edtima de acidente de tr\u00e2nsito na Rodovia \u00c2ngelo Rena, em Presidente Prudente, nesta sexta-feira (21) \u2014 Foto: Pol\u00edcia Militar<\/p>\n<\/div>\n<\/div>\n<div class=\"row medium-uncollapsed content-media content-photo\" style=\"text-align: justify;\" data-block-type=\"backstage-photo\" data-block-id=\"16\">\n<div class=\"column medium-22 large-20 medium-centered content-media__container\">\n<figure><img decoding=\"async\" class=\"i-amphtml-fill-content i-amphtml-replaced-content\" src=\"https:\/\/s2.glbimg.com\/7nJHBKtOYy671nG-DEmkrT_twRI=\/0x0:1280x605\/1008x0\/smart\/filters:strip_icc()\/i.s3.glbimg.com\/v1\/AUTH_59edd422c0c84a879bd37670ae4f538a\/internal_photos\/bs\/2020\/2\/4\/lpQclSSsm0SL6VJ3WHnA\/rena-7.jpg\" srcset=\"\" alt=\"Motociclista morreu v\u00edtima de acidente de tr\u00e2nsito na Rodovia \u00c2ngelo Rena, em Presidente Prudente, nesta sexta-feira (21) \u2014 Foto: Pol\u00edcia Militar\" \/><\/figure>\n<p class=\"content-media__description \">Motociclista morreu v\u00edtima de acidente de tr\u00e2nsito na Rodovia \u00c2ngelo Rena, em Presidente Prudente, nesta sexta-feira (21) \u2014 Foto: Pol\u00edcia Militar<\/p>\n<\/div>\n<\/div>\n<div class=\"row medium-uncollapsed content-media content-photo\" style=\"text-align: justify;\" data-block-type=\"backstage-photo\" data-block-id=\"17\">\n<div class=\"column medium-22 large-20 medium-centered content-media__container\">\n<figure><img decoding=\"async\" class=\"i-amphtml-fill-content i-amphtml-replaced-content\" src=\"https:\/\/s2.glbimg.com\/u-MPMNVJBoehfL0pv2P6evgw6es=\/0x0:1280x605\/1008x0\/smart\/filters:strip_icc()\/i.s3.glbimg.com\/v1\/AUTH_59edd422c0c84a879bd37670ae4f538a\/internal_photos\/bs\/2020\/e\/N\/SyEhfET462VJTs7nO8aA\/rena-8.jpg\" srcset=\"\" alt=\"Motociclista morreu v\u00edtima de acidente de tr\u00e2nsito na Rodovia \u00c2ngelo Rena, em Presidente Prudente, nesta sexta-feira (21) \u2014 Foto: Pol\u00edcia Militar\" \/><\/figure>\n<p class=\"content-media__description \">Motociclista morreu v\u00edtima de acidente de tr\u00e2nsito na Rodovia \u00c2ngelo Rena, em Presidente Prudente, nesta sexta-feira (21) \u2014 Foto: Pol\u00edcia Militar<\/p>\n<\/div>\n<\/div>\n<div class=\"row medium-uncollapsed content-media content-photo\" style=\"text-align: justify;\" data-block-type=\"backstage-photo\" data-block-id=\"19\">\n<div class=\"column medium-22 large-20 medium-centered content-media__container\">\n<figure><img decoding=\"async\" class=\"i-amphtml-fill-content i-amphtml-replaced-content\" src=\"https:\/\/s2.glbimg.com\/qvPq3RKZmo09Z_Bzdk_95FDhWm0=\/0x0:1280x605\/1008x0\/smart\/filters:strip_icc()\/i.s3.glbimg.com\/v1\/AUTH_59edd422c0c84a879bd37670ae4f538a\/internal_photos\/bs\/2020\/7\/L\/A567flRbOtVfPjq5TBZg\/rena-10.jpg\" srcset=\"\" alt=\"Motociclista morreu v\u00edtima de acidente de tr\u00e2nsito na Rodovia \u00c2ngelo Rena, em Presidente Prudente, nesta sexta-feira (21) \u2014 Foto: Pol\u00edcia Militar\" \/><\/figure>\n<p class=\"content-media__description \">Motociclista morreu v\u00edtima de acidente de tr\u00e2nsito na Rodovia \u00c2ngelo Rena, em Presidente Prudente, nesta sexta-feira (21) \u2014 Foto: Pol\u00edcia Militar<\/p>\n<\/div>\n<\/div>\n<div class=\"row medium-uncollapsed content-media content-photo\" data-block-type=\"backstage-photo\" data-block-id=\"20\">\n<div class=\"column medium-22 large-20 medium-centered content-media__container\">\n<figure style=\"text-align: justify;\"><img decoding=\"async\" class=\"i-amphtml-fill-content i-amphtml-replaced-content\" src=\"https:\/\/s2.glbimg.com\/CJK3s0i2ZrF14JgltdYWP21wzeQ=\/0x0:1280x605\/1008x0\/smart\/filters:strip_icc()\/i.s3.glbimg.com\/v1\/AUTH_59edd422c0c84a879bd37670ae4f538a\/internal_photos\/bs\/2020\/3\/2\/IJaL2JRO6QPNVvqNdhFA\/rena-9.jpg\" srcset=\"\" alt=\"Motociclista morreu v\u00edtima de acidente de tr\u00e2nsito na Rodovia \u00c2ngelo Rena, em Presidente Prudente, nesta sexta-feira (21) \u2014 Foto: Pol\u00edcia Militar\" \/><\/figure>\n<p class=\"content-media__description \" style=\"text-align: justify;\">Motociclista morreu v\u00edtima de acidente de tr\u00e2nsito na Rodovia \u00c2ngelo Rena, em Presidente Prudente, nesta sexta-feira (21) \u2014 Foto: Pol\u00edcia Militar<\/p>\n<p style=\"text-align: justify;\">Fonte: G1<\/p>\n<\/div>\n<\/div>\n<\/div>\n","protected":false},"excerpt":{"rendered":"<p>V\u00edtima, de 47 anos, chegou a ser socorrida pelo Corpo de Bombeiros e encaminhada ao Hospital Regional (HR) para receber atendimento m\u00e9dico, mas n\u00e3o resistiu aos ferimentos. Um motociclista de 47 anos morreu v\u00edtima de acidente de tr\u00e2nsito na tarde desta sexta-feira (21), na Rodovia \u00c2ngelo Rena, na altura do bairro Terras de Imoplan, em\u00a0Presidente [&hellip;]<\/p>\n","protected":false},"author":1,"featured_media":33251,"comment_status":"closed","ping_status":"open","sticky":false,"template":"","format":"standard","meta":{"footnotes":""},"categories":[170,110],"tags":[],"class_list":["post-33250","post","type-post","status-publish","format-standard","has-post-thumbnail","hentry","category-acidentes","category-noticiasdestaque"],"_links":{"self":[{"href":"https:\/\/jorgezanoni.com.br\/2019\/wp-json\/wp\/v2\/posts\/33250","targetHints":{"allow":["GET"]}}],"collection":[{"href":"https:\/\/jorgezanoni.com.br\/2019\/wp-json\/wp\/v2\/posts"}],"about":[{"href":"https:\/\/jorgezanoni.com.br\/2019\/wp-json\/wp\/v2\/types\/post"}],"author":[{"embeddable":true,"href":"https:\/\/jorgezanoni.com.br\/2019\/wp-json\/wp\/v2\/users\/1"}],"replies":[{"embeddable":true,"href":"https:\/\/jorgezanoni.com.br\/2019\/wp-json\/wp\/v2\/comments?post=33250"}],"version-history":[{"count":0,"href":"https:\/\/jorgezanoni.com.br\/2019\/wp-json\/wp\/v2\/posts\/33250\/revisions"}],"wp:featuredmedia":[{"embeddable":true,"href":"https:\/\/jorgezanoni.com.br\/2019\/wp-json\/wp\/v2\/media\/33251"}],"wp:attachment":[{"href":"https:\/\/jorgezanoni.com.br\/2019\/wp-json\/wp\/v2\/media?parent=33250"}],"wp:term":[{"taxonomy":"category","embeddable":true,"href":"https:\/\/jorgezanoni.com.br\/2019\/wp-json\/wp\/v2\/categories?post=33250"},{"taxonomy":"post_tag","embeddable":true,"href":"https:\/\/jorgezanoni.com.br\/2019\/wp-json\/wp\/v2\/tags?post=33250"}],"curies":[{"name":"wp","href":"https:\/\/api.w.org\/{rel}","templated":true}]}}