{"id":33238,"date":"2020-08-21T16:02:58","date_gmt":"2020-08-21T16:02:58","guid":{"rendered":"https:\/\/jorgezanoni.com.br\/2019\/?p=33238"},"modified":"2020-08-21T16:02:58","modified_gmt":"2020-08-21T16:02:58","slug":"dracena-e-municipios-vinculados-ao-drs-de-presidente-prudente-permanecem-na-fase-laranja","status":"publish","type":"post","link":"https:\/\/jorgezanoni.com.br\/2019\/dracena-e-municipios-vinculados-ao-drs-de-presidente-prudente-permanecem-na-fase-laranja\/","title":{"rendered":"Dracena e munic\u00edpios vinculados ao DRS de Presidente Prudente permanecem na fase Laranja"},"content":{"rendered":"<p><strong>Regi\u00e3o de Mar\u00edlia tamb\u00e9m volta para a fase Laranja. Doze munic\u00edpios da Nova Alta Paulista estavam na fase Amarela.<\/strong><\/p>\n<h2><strong>Fase laranja permite funcionamento com 20% da capacidade de p\u00fablico em escrit\u00f3rios em geral, imobili\u00e1rias e com\u00e9rcio de rua.<\/strong><\/h2>\n<div class=\"mc-column content-text active-extra-styles \" data-block-type=\"unstyled\" data-block-weight=\"64\" data-block-id=\"2\">\n<p class=\"content-text__container \" style=\"text-align: justify;\" data-track-category=\"Link no Texto\" data-track-links=\"\">O Governo do Estado de S\u00e3o Paulo anunciou, nesta sexta-feira (21), mais uma atualiza\u00e7\u00e3o do programa de flexibiliza\u00e7\u00e3o da quarentena decorrente da pandemia do novo coronav\u00edrus. Os 44 munic\u00edpios vinculados ao Departamento Regional de Sa\u00fade (DRS) de Presidente Prudente continuam na fase laranja, enquanto que os 12 munic\u00edpios da Nova Alta Paulista vinculados ao DRS de Mar\u00edlia regrediram da etapa amarela para a laranja.<\/p>\n<\/div>\n<div class=\"wall protected-content\">\n<div class=\"mc-column content-text active-extra-styles \" data-block-type=\"unstyled\" data-block-weight=\"44\" data-block-id=\"3\">\n<p class=\"content-text__container \" style=\"text-align: justify;\" data-track-category=\"Link no Texto\" data-track-links=\"\">A fase laranja permite funcionamento com 20% da capacidade de p\u00fablico em escrit\u00f3rios em geral, imobili\u00e1rias, com\u00e9rcio de rua, shoppings e concession\u00e1rias. A abertura \u00e9 restrita a quatro horas di\u00e1rias, todos os dias, ou seis horas durante quatro dias e fechamento por tr\u00eas.<\/p>\n<p style=\"text-align: justify;\"><img loading=\"lazy\" decoding=\"async\" src=\"https:\/\/s2.glbimg.com\/2xd9tWSjIOGKdT77vfLXuu75W5U=\/0x0:1920x1014\/1008x0\/smart\/filters:strip_icc()\/i.s3.glbimg.com\/v1\/AUTH_59edd422c0c84a879bd37670ae4f538a\/internal_photos\/bs\/2020\/K\/j\/Ot3oVcQO6HLpnnBZv6Kg\/indicadores.jpg\" alt=\"\" width=\"1008\" height=\"532\" \/><\/p>\n<div class=\"mc-column content-text active-extra-styles \" style=\"text-align: justify;\" data-block-type=\"unstyled\" data-block-weight=\"60\" data-block-id=\"7\">\n<p class=\"content-text__container \" data-track-category=\"Link no Texto\" data-track-links=\"\">Quando come\u00e7aram as atualiza\u00e7\u00f5es do Plano S\u00e3o Paulo, em 27 de maio, os munic\u00edpios do DRS de Presidente Prudente estavam classificados na fase amarela. Depois, em 10 de junho, regrediram para a fase vermelha, na qual permaneceram at\u00e9 10 de julho, quando subiram para a etapa laranja. Desde ent\u00e3o, esta regi\u00e3o continua estagnada, sem evolu\u00e7\u00e3o ou decr\u00e9scimo, na fase laranja.<\/p>\n<\/div>\n<div class=\"mc-column content-text active-extra-styles \" data-block-type=\"unstyled\" data-block-weight=\"53\" data-block-id=\"8\">\n<p class=\"content-text__container \" style=\"text-align: justify;\" data-track-category=\"Link no Texto\" data-track-links=\"\">J\u00e1 os munic\u00edpios do DRS de Mar\u00edlia come\u00e7aram, em 27 de maio, na fase laranja. Em 19 de junho, deca\u00edram para a fase vermelha. Em 10 de julho, subiram para a fase laranja, na qual ficaram at\u00e9 a atualiza\u00e7\u00e3o feita em 7 de agosto, quando evolu\u00edram pela primeira vez para a etapa amarela.<\/p>\n<\/div>\n<div class=\"mc-column content-text active-extra-styles\" data-block-type=\"raw\" data-block-weight=\"1\" data-block-id=\"9\">\n<div class=\"content-intertitle\">\n<h2>Abrang\u00eancia<\/h2>\n<\/div>\n<\/div>\n<div class=\"mc-column content-text active-extra-styles \" data-block-type=\"unstyled\" data-block-weight=\"12\" data-block-id=\"10\">\n<p class=\"content-text__container \" data-track-category=\"Link no Texto\" data-track-links=\"\">Ao Departamento Regional de Sa\u00fade de Presidente Prudente pertencem as seguintes cidades:<\/p>\n<\/div>\n<div class=\"mc-column content-text active-extra-styles\" data-block-type=\"raw\" data-block-weight=\"75\" data-block-id=\"11\">\n<ul class=\"content-unordered-list\">\n<li>Alfredo Marcondes<\/li>\n<li>\u00c1lvares Machado<\/li>\n<li>Anhumas<\/li>\n<li>Caiabu<\/li>\n<li>Caiu\u00e1<\/li>\n<li>Dracena<\/li>\n<li>Emilian\u00f3polis<\/li>\n<li>Estrela do Norte<\/li>\n<li>Euclides da Cunha Paulista<\/li>\n<li>Flora Rica<\/li>\n<li>Iep\u00ea<\/li>\n<li>Indiana<\/li>\n<li>Irapuru<\/li>\n<li>Jo\u00e3o Ramalho<\/li>\n<li>Junqueir\u00f3polis<\/li>\n<li>Marab\u00e1 Paulista<\/li>\n<li>Martin\u00f3polis<\/li>\n<li>Mirante do Paranapanema<\/li>\n<li>Monte Castelo<\/li>\n<li>Nantes<\/li>\n<li>Narandiba<\/li>\n<li>Nova Guataporanga<\/li>\n<li>Ouro Verde<\/li>\n<li>Panorama<\/li>\n<li>Paulic\u00e9ia<\/li>\n<li>Piquerobi<\/li>\n<li>Pirapozinho<\/li>\n<li>Presidente Bernardes<\/li>\n<li>Presidente Epit\u00e1cio<\/li>\n<li>Presidente Prudente<\/li>\n<li>Presidente Venceslau<\/li>\n<li>Rancharia<\/li>\n<li>Regente Feij\u00f3<\/li>\n<li>Ribeir\u00e3o dos \u00cdndios<\/li>\n<li>Rosana<\/li>\n<li>Sandovalina<\/li>\n<li>Santa Mercedes<\/li>\n<li>Santo Anast\u00e1cio<\/li>\n<li>Santo Expedito<\/li>\n<li>S\u00e3o Jo\u00e3o do Pau D&#8217;alho<\/li>\n<li>Taciba<\/li>\n<li>Tarabai<\/li>\n<li>Teodoro Sampaio<\/li>\n<li>Tupi Paulista<\/li>\n<\/ul>\n<\/div>\n<div class=\"mc-column content-text active-extra-styles \" data-block-type=\"unstyled\" data-block-weight=\"13\" data-block-id=\"12\">\n<p class=\"content-text__container \" data-track-category=\"Link no Texto\" data-track-links=\"\">J\u00e1 as cidades do Oeste Paulista que pertencem ao DRS de Mar\u00edlia s\u00e3o:<\/p>\n<\/div>\n<div class=\"mc-column content-text active-extra-styles\" data-block-type=\"raw\" data-block-weight=\"15\" data-block-id=\"13\">\n<ul class=\"content-unordered-list\">\n<li>Adamantina<\/li>\n<li>Fl\u00f3rida Paulista<\/li>\n<li>In\u00fabia Paulista<\/li>\n<li>Luc\u00e9lia<\/li>\n<li>Mari\u00e1polis<\/li>\n<li>Osvaldo Cruz<\/li>\n<li>Pacaembu<\/li>\n<li>Parapu\u00e3<\/li>\n<li>Pracinha<\/li>\n<li>Rin\u00f3polis<\/li>\n<li>Sagres<\/li>\n<li>Salmour\u00e3o<\/li>\n<\/ul>\n<\/div>\n<div class=\"article_credits\">\n<p><i class=\"fa fa-info-circle\" aria-hidden=\"true\"><\/i>\u00a0Fonte:\u00a0G1 Presidente Prudente<\/p>\n<\/div>\n<\/div>\n<\/div>\n<p>&nbsp;<\/p>\n","protected":false},"excerpt":{"rendered":"<p>Regi\u00e3o de Mar\u00edlia tamb\u00e9m volta para a fase Laranja. Doze munic\u00edpios da Nova Alta Paulista estavam na fase Amarela. Fase laranja permite funcionamento com 20% da capacidade de p\u00fablico em escrit\u00f3rios em geral, imobili\u00e1rias e com\u00e9rcio de rua. O Governo do Estado de S\u00e3o Paulo anunciou, nesta sexta-feira (21), mais uma atualiza\u00e7\u00e3o do programa de [&hellip;]<\/p>\n","protected":false},"author":1,"featured_media":33239,"comment_status":"closed","ping_status":"open","sticky":false,"template":"","format":"standard","meta":{"footnotes":""},"categories":[110,116],"tags":[],"class_list":["post-33238","post","type-post","status-publish","format-standard","has-post-thumbnail","hentry","category-noticiasdestaque","category-politicaeeconomia"],"_links":{"self":[{"href":"https:\/\/jorgezanoni.com.br\/2019\/wp-json\/wp\/v2\/posts\/33238","targetHints":{"allow":["GET"]}}],"collection":[{"href":"https:\/\/jorgezanoni.com.br\/2019\/wp-json\/wp\/v2\/posts"}],"about":[{"href":"https:\/\/jorgezanoni.com.br\/2019\/wp-json\/wp\/v2\/types\/post"}],"author":[{"embeddable":true,"href":"https:\/\/jorgezanoni.com.br\/2019\/wp-json\/wp\/v2\/users\/1"}],"replies":[{"embeddable":true,"href":"https:\/\/jorgezanoni.com.br\/2019\/wp-json\/wp\/v2\/comments?post=33238"}],"version-history":[{"count":0,"href":"https:\/\/jorgezanoni.com.br\/2019\/wp-json\/wp\/v2\/posts\/33238\/revisions"}],"wp:featuredmedia":[{"embeddable":true,"href":"https:\/\/jorgezanoni.com.br\/2019\/wp-json\/wp\/v2\/media\/33239"}],"wp:attachment":[{"href":"https:\/\/jorgezanoni.com.br\/2019\/wp-json\/wp\/v2\/media?parent=33238"}],"wp:term":[{"taxonomy":"category","embeddable":true,"href":"https:\/\/jorgezanoni.com.br\/2019\/wp-json\/wp\/v2\/categories?post=33238"},{"taxonomy":"post_tag","embeddable":true,"href":"https:\/\/jorgezanoni.com.br\/2019\/wp-json\/wp\/v2\/tags?post=33238"}],"curies":[{"name":"wp","href":"https:\/\/api.w.org\/{rel}","templated":true}]}}