{"id":33203,"date":"2020-08-21T01:09:30","date_gmt":"2020-08-21T01:09:30","guid":{"rendered":"https:\/\/jorgezanoni.com.br\/2019\/?p=33203"},"modified":"2020-08-21T01:09:30","modified_gmt":"2020-08-21T01:09:30","slug":"caminhao-carregado-de-celulose-fica-com-rodas-para-cima-na-sp-294-apos-tombar","status":"publish","type":"post","link":"https:\/\/jorgezanoni.com.br\/2019\/caminhao-carregado-de-celulose-fica-com-rodas-para-cima-na-sp-294-apos-tombar\/","title":{"rendered":"Caminh\u00e3o carregado de Celulose fica com rodas para cima na SP-294, ap\u00f3s tombar"},"content":{"rendered":"<p style=\"text-align: justify;\">A Pol\u00edcia Militar Rodovi\u00e1ria \u2013 Base Operacional, atendeu nesta tarde, um acidente de tr\u00e2nsito envolvendo um caminh\u00e3o nove eixos nas proximidades do trevo \u201cEuclides Ravazi\u201d que liga a Rodovia Comandante Jo\u00e3o Ribeiro de Barros a SP-294 \u00e0 Rodovia Pl\u00e1cido Rocha (SPD-596) em Adamantina.<\/p>\n<p style=\"text-align: justify;\">No local, houve o desengate do \u00faltimo de dois semirreboques que eram tracionados por um caminh\u00e3o trator com placas de Ituporanga\/SC que fazia o percurso no sentido Fl\u00f3rida Paulista\/Adamantina.<\/p>\n<p style=\"text-align: justify;\">Ap\u00f3s desprender-se, o semirreboque tombou \u00e0s margens da pista no mesmo sentido de dire\u00e7\u00e3o espalhando a carga de celulose no leito carro\u00e7\u00e1vel.<\/p>\n<p style=\"text-align: justify;\">Apesar do susto, n\u00e3o houve o registro de pessoas feridas. Profissionais da empresa que administra a rodovia prestam suporte nesta ocorr\u00eancia.<\/p>\n<p style=\"text-align: justify;\">A ocorr\u00eancia segue em andamento e maiores detalhes bem como a altera\u00e7\u00e3o desta reportagem podem ocorrer \u00e0 qualquer momento.<\/p>\n<div class=\"tiled-gallery type-rectangular\" data-original-width=\"740\" data-carousel-extra=\"{&quot;blog_id&quot;:1,&quot;permalink&quot;:&quot;https:\\\/\\\/ifolharegional.com.br\\\/2020\\\/08\\\/20\\\/acidente-com-9-eixos-carregado-de-celulose-na-sp-294\\\/&quot;,&quot;likes_blog_id&quot;:157395130}\">\n<div class=\"gallery-row\" data-original-width=\"740\" data-original-height=\"329\">\n<div class=\"gallery-group images-1\" data-original-width=\"494\" data-original-height=\"329\">\n<div class=\"tiled-gallery-item tiled-gallery-item-large\"><a href=\"https:\/\/ifolharegional.com.br\/2020\/08\/20\/acidente-com-9-eixos-carregado-de-celulose-na-sp-294\/diegofernandesfolha01-1\/\"><img loading=\"lazy\" decoding=\"async\" title=\"\" src=\"https:\/\/i0.wp.com\/ifolharegional.com.br\/wp-content\/uploads\/2020\/08\/diegofernandesfolha01-1.jpg?w=490&amp;h=325&amp;ssl=1\" alt=\"FOTOS: Diego Fernandes | Folha Regional\" width=\"490\" height=\"325\" data-attachment-id=\"23577\" data-orig-file=\"https:\/\/ifolharegional.com.br\/wp-content\/uploads\/2020\/08\/diegofernandesfolha01-1.jpg\" data-orig-size=\"500,332\" data-comments-opened=\"\" data-image-meta=\"{&quot;aperture&quot;:&quot;5&quot;,&quot;credit&quot;:&quot;&quot;,&quot;camera&quot;:&quot;NIKON D90&quot;,&quot;caption&quot;:&quot;&quot;,&quot;created_timestamp&quot;:&quot;1597857426&quot;,&quot;copyright&quot;:&quot;&quot;,&quot;focal_length&quot;:&quot;38&quot;,&quot;iso&quot;:&quot;1600&quot;,&quot;shutter_speed&quot;:&quot;0.01&quot;,&quot;title&quot;:&quot;&quot;,&quot;orientation&quot;:&quot;1&quot;}\" data-image-title=\"\" data-image-description=\"\" data-medium-file=\"https:\/\/i0.wp.com\/ifolharegional.com.br\/wp-content\/uploads\/2020\/08\/diegofernandesfolha01-1.jpg?fit=300%2C199&amp;ssl=1\" data-large-file=\"https:\/\/i0.wp.com\/ifolharegional.com.br\/wp-content\/uploads\/2020\/08\/diegofernandesfolha01-1.jpg?fit=500%2C332&amp;ssl=1\" data-original-width=\"490\" data-original-height=\"325\" \/><\/a><\/div>\n<\/div>\n<div class=\"gallery-group images-2\" data-original-width=\"246\" data-original-height=\"329\">\n<div class=\"tiled-gallery-item tiled-gallery-item-small\"><a href=\"https:\/\/ifolharegional.com.br\/2020\/08\/20\/acidente-com-9-eixos-carregado-de-celulose-na-sp-294\/diegofernandesfolha01-2\/\"><img loading=\"lazy\" decoding=\"async\" title=\"diegofernandesfolha01 (2)\" src=\"https:\/\/i0.wp.com\/ifolharegional.com.br\/wp-content\/uploads\/2020\/08\/diegofernandesfolha01-2.jpg?w=242&amp;h=161&amp;ssl=1\" alt=\"FOTOS: Diego Fernandes | Folha Regional\" width=\"242\" height=\"161\" data-attachment-id=\"23578\" data-orig-file=\"https:\/\/ifolharegional.com.br\/wp-content\/uploads\/2020\/08\/diegofernandesfolha01-2.jpg\" data-orig-size=\"500,332\" data-comments-opened=\"\" data-image-meta=\"{&quot;aperture&quot;:&quot;5&quot;,&quot;credit&quot;:&quot;&quot;,&quot;camera&quot;:&quot;NIKON D90&quot;,&quot;caption&quot;:&quot;&quot;,&quot;created_timestamp&quot;:&quot;1597857478&quot;,&quot;copyright&quot;:&quot;&quot;,&quot;focal_length&quot;:&quot;26&quot;,&quot;iso&quot;:&quot;1600&quot;,&quot;shutter_speed&quot;:&quot;0.008&quot;,&quot;title&quot;:&quot;&quot;,&quot;orientation&quot;:&quot;1&quot;}\" data-image-title=\"diegofernandesfolha01 (2)\" data-image-description=\"\" data-medium-file=\"https:\/\/i0.wp.com\/ifolharegional.com.br\/wp-content\/uploads\/2020\/08\/diegofernandesfolha01-2.jpg?fit=300%2C199&amp;ssl=1\" data-large-file=\"https:\/\/i0.wp.com\/ifolharegional.com.br\/wp-content\/uploads\/2020\/08\/diegofernandesfolha01-2.jpg?fit=500%2C332&amp;ssl=1\" data-original-width=\"242\" data-original-height=\"161\" \/><\/a><a href=\"https:\/\/ifolharegional.com.br\/2020\/08\/20\/acidente-com-9-eixos-carregado-de-celulose-na-sp-294\/diegofernandesfolha01-3\/\"><img loading=\"lazy\" decoding=\"async\" title=\"diegofernandesfolha01 (3)\" src=\"https:\/\/i1.wp.com\/ifolharegional.com.br\/wp-content\/uploads\/2020\/08\/diegofernandesfolha01-3.jpg?w=242&amp;h=160&amp;ssl=1\" alt=\"FOTOS: Diego Fernandes | Folha Regional\" width=\"242\" height=\"160\" data-attachment-id=\"23579\" data-orig-file=\"https:\/\/ifolharegional.com.br\/wp-content\/uploads\/2020\/08\/diegofernandesfolha01-3.jpg\" data-orig-size=\"500,332\" data-comments-opened=\"\" data-image-meta=\"{&quot;aperture&quot;:&quot;5&quot;,&quot;credit&quot;:&quot;&quot;,&quot;camera&quot;:&quot;NIKON D90&quot;,&quot;caption&quot;:&quot;&quot;,&quot;created_timestamp&quot;:&quot;1597857508&quot;,&quot;copyright&quot;:&quot;&quot;,&quot;focal_length&quot;:&quot;18&quot;,&quot;iso&quot;:&quot;1600&quot;,&quot;shutter_speed&quot;:&quot;0.01&quot;,&quot;title&quot;:&quot;&quot;,&quot;orientation&quot;:&quot;1&quot;}\" data-image-title=\"diegofernandesfolha01 (3)\" data-image-description=\"\" data-medium-file=\"https:\/\/i1.wp.com\/ifolharegional.com.br\/wp-content\/uploads\/2020\/08\/diegofernandesfolha01-3.jpg?fit=300%2C199&amp;ssl=1\" data-large-file=\"https:\/\/i1.wp.com\/ifolharegional.com.br\/wp-content\/uploads\/2020\/08\/diegofernandesfolha01-3.jpg?fit=500%2C332&amp;ssl=1\" data-original-width=\"242\" data-original-height=\"160\" \/><\/a><\/div>\n<\/div>\n<\/div>\n<div class=\"gallery-row\" data-original-width=\"740\" data-original-height=\"165\">\n<div class=\"gallery-group images-1\" data-original-width=\"247\" data-original-height=\"165\">\n<div class=\"tiled-gallery-item tiled-gallery-item-small\"><a href=\"https:\/\/ifolharegional.com.br\/2020\/08\/20\/acidente-com-9-eixos-carregado-de-celulose-na-sp-294\/diegofernandesfolha01-4\/\"><img loading=\"lazy\" decoding=\"async\" title=\"diegofernandesfolha01 (4)\" src=\"https:\/\/i2.wp.com\/ifolharegional.com.br\/wp-content\/uploads\/2020\/08\/diegofernandesfolha01-4.jpg?w=243&amp;h=161&amp;ssl=1\" alt=\"FOTOS: Diego Fernandes | Folha Regional\" width=\"243\" height=\"161\" data-attachment-id=\"23580\" data-orig-file=\"https:\/\/ifolharegional.com.br\/wp-content\/uploads\/2020\/08\/diegofernandesfolha01-4.jpg\" data-orig-size=\"500,332\" data-comments-opened=\"\" data-image-meta=\"{&quot;aperture&quot;:&quot;5&quot;,&quot;credit&quot;:&quot;&quot;,&quot;camera&quot;:&quot;NIKON D90&quot;,&quot;caption&quot;:&quot;&quot;,&quot;created_timestamp&quot;:&quot;1597857566&quot;,&quot;copyright&quot;:&quot;&quot;,&quot;focal_length&quot;:&quot;30&quot;,&quot;iso&quot;:&quot;1600&quot;,&quot;shutter_speed&quot;:&quot;0.016666666666667&quot;,&quot;title&quot;:&quot;&quot;,&quot;orientation&quot;:&quot;1&quot;}\" data-image-title=\"diegofernandesfolha01 (4)\" data-image-description=\"\" data-medium-file=\"https:\/\/i2.wp.com\/ifolharegional.com.br\/wp-content\/uploads\/2020\/08\/diegofernandesfolha01-4.jpg?fit=300%2C199&amp;ssl=1\" data-large-file=\"https:\/\/i2.wp.com\/ifolharegional.com.br\/wp-content\/uploads\/2020\/08\/diegofernandesfolha01-4.jpg?fit=500%2C332&amp;ssl=1\" data-original-width=\"243\" data-original-height=\"161\" \/><\/a><\/div>\n<\/div>\n<div class=\"gallery-group images-1\" data-original-width=\"247\" data-original-height=\"165\">\n<div class=\"tiled-gallery-item tiled-gallery-item-small\"><a href=\"https:\/\/ifolharegional.com.br\/2020\/08\/20\/acidente-com-9-eixos-carregado-de-celulose-na-sp-294\/diegofernandesfolha01-5\/\"><img loading=\"lazy\" decoding=\"async\" title=\"diegofernandesfolha01 (5)\" src=\"https:\/\/i0.wp.com\/ifolharegional.com.br\/wp-content\/uploads\/2020\/08\/diegofernandesfolha01-5.jpg?w=243&amp;h=161&amp;ssl=1\" alt=\"FOTOS: Diego Fernandes | Folha Regional\" width=\"243\" height=\"161\" data-attachment-id=\"23581\" data-orig-file=\"https:\/\/ifolharegional.com.br\/wp-content\/uploads\/2020\/08\/diegofernandesfolha01-5.jpg\" data-orig-size=\"500,332\" data-comments-opened=\"\" data-image-meta=\"{&quot;aperture&quot;:&quot;5&quot;,&quot;credit&quot;:&quot;&quot;,&quot;camera&quot;:&quot;NIKON D90&quot;,&quot;caption&quot;:&quot;&quot;,&quot;created_timestamp&quot;:&quot;1597857573&quot;,&quot;copyright&quot;:&quot;&quot;,&quot;focal_length&quot;:&quot;21&quot;,&quot;iso&quot;:&quot;1600&quot;,&quot;shutter_speed&quot;:&quot;0.01&quot;,&quot;title&quot;:&quot;&quot;,&quot;orientation&quot;:&quot;1&quot;}\" data-image-title=\"diegofernandesfolha01 (5)\" data-image-description=\"\" data-medium-file=\"https:\/\/i0.wp.com\/ifolharegional.com.br\/wp-content\/uploads\/2020\/08\/diegofernandesfolha01-5.jpg?fit=300%2C199&amp;ssl=1\" data-large-file=\"https:\/\/i0.wp.com\/ifolharegional.com.br\/wp-content\/uploads\/2020\/08\/diegofernandesfolha01-5.jpg?fit=500%2C332&amp;ssl=1\" data-original-width=\"243\" data-original-height=\"161\" \/><\/a><\/div>\n<\/div>\n<div class=\"gallery-group images-1\" data-original-width=\"246\" data-original-height=\"165\">\n<div class=\"tiled-gallery-item tiled-gallery-item-small\"><a href=\"https:\/\/ifolharegional.com.br\/2020\/08\/20\/acidente-com-9-eixos-carregado-de-celulose-na-sp-294\/diegofernandesfolha01-6\/\"><img loading=\"lazy\" decoding=\"async\" title=\"diegofernandesfolha01 (6)\" src=\"https:\/\/i0.wp.com\/ifolharegional.com.br\/wp-content\/uploads\/2020\/08\/diegofernandesfolha01-6.jpg?w=242&amp;h=161&amp;ssl=1\" alt=\"FOTOS: Diego Fernandes | Folha Regional\" width=\"242\" height=\"161\" data-attachment-id=\"23582\" data-orig-file=\"https:\/\/ifolharegional.com.br\/wp-content\/uploads\/2020\/08\/diegofernandesfolha01-6.jpg\" data-orig-size=\"500,332\" data-comments-opened=\"\" data-image-meta=\"{&quot;aperture&quot;:&quot;5&quot;,&quot;credit&quot;:&quot;&quot;,&quot;camera&quot;:&quot;NIKON D90&quot;,&quot;caption&quot;:&quot;&quot;,&quot;created_timestamp&quot;:&quot;1597857582&quot;,&quot;copyright&quot;:&quot;&quot;,&quot;focal_length&quot;:&quot;18&quot;,&quot;iso&quot;:&quot;1600&quot;,&quot;shutter_speed&quot;:&quot;0.016666666666667&quot;,&quot;title&quot;:&quot;&quot;,&quot;orientation&quot;:&quot;1&quot;}\" data-image-title=\"diegofernandesfolha01 (6)\" data-image-description=\"\" data-medium-file=\"https:\/\/i0.wp.com\/ifolharegional.com.br\/wp-content\/uploads\/2020\/08\/diegofernandesfolha01-6.jpg?fit=300%2C199&amp;ssl=1\" data-large-file=\"https:\/\/i0.wp.com\/ifolharegional.com.br\/wp-content\/uploads\/2020\/08\/diegofernandesfolha01-6.jpg?fit=500%2C332&amp;ssl=1\" data-original-width=\"242\" data-original-height=\"161\" \/><\/a><\/div>\n<\/div>\n<\/div>\n<div class=\"gallery-row\" data-original-width=\"740\" data-original-height=\"247\">\n<div class=\"gallery-group images-1\" data-original-width=\"370\" data-original-height=\"247\">\n<div class=\"tiled-gallery-item tiled-gallery-item-large\"><a href=\"https:\/\/ifolharegional.com.br\/2020\/08\/20\/acidente-com-9-eixos-carregado-de-celulose-na-sp-294\/diegofernandesfolha01-7\/\"><img loading=\"lazy\" decoding=\"async\" title=\"diegofernandesfolha01 (7)\" src=\"https:\/\/i2.wp.com\/ifolharegional.com.br\/wp-content\/uploads\/2020\/08\/diegofernandesfolha01-7.jpg?w=366&amp;h=243&amp;ssl=1\" alt=\"FOTOS: Diego Fernandes | Folha Regional\" width=\"366\" height=\"243\" data-attachment-id=\"23583\" data-orig-file=\"https:\/\/ifolharegional.com.br\/wp-content\/uploads\/2020\/08\/diegofernandesfolha01-7.jpg\" data-orig-size=\"500,332\" data-comments-opened=\"\" data-image-meta=\"{&quot;aperture&quot;:&quot;5.6&quot;,&quot;credit&quot;:&quot;&quot;,&quot;camera&quot;:&quot;NIKON D90&quot;,&quot;caption&quot;:&quot;&quot;,&quot;created_timestamp&quot;:&quot;1597857605&quot;,&quot;copyright&quot;:&quot;&quot;,&quot;focal_length&quot;:&quot;38&quot;,&quot;iso&quot;:&quot;1600&quot;,&quot;shutter_speed&quot;:&quot;0.008&quot;,&quot;title&quot;:&quot;&quot;,&quot;orientation&quot;:&quot;1&quot;}\" data-image-title=\"diegofernandesfolha01 (7)\" data-image-description=\"\" data-medium-file=\"https:\/\/i2.wp.com\/ifolharegional.com.br\/wp-content\/uploads\/2020\/08\/diegofernandesfolha01-7.jpg?fit=300%2C199&amp;ssl=1\" data-large-file=\"https:\/\/i2.wp.com\/ifolharegional.com.br\/wp-content\/uploads\/2020\/08\/diegofernandesfolha01-7.jpg?fit=500%2C332&amp;ssl=1\" data-original-width=\"366\" data-original-height=\"243\" \/><\/a><\/div>\n<\/div>\n<div class=\"gallery-group images-1\" data-original-width=\"370\" data-original-height=\"247\">\n<div class=\"tiled-gallery-item tiled-gallery-item-large\"><a href=\"https:\/\/ifolharegional.com.br\/2020\/08\/20\/acidente-com-9-eixos-carregado-de-celulose-na-sp-294\/diegofernandesfolha01-8\/\"><img loading=\"lazy\" decoding=\"async\" title=\"diegofernandesfolha01 (8)\" src=\"https:\/\/i0.wp.com\/ifolharegional.com.br\/wp-content\/uploads\/2020\/08\/diegofernandesfolha01-8.jpg?w=366&amp;h=243&amp;ssl=1\" alt=\"FOTOS: Diego Fernandes | Folha Regional\" width=\"366\" height=\"243\" data-attachment-id=\"23584\" data-orig-file=\"https:\/\/ifolharegional.com.br\/wp-content\/uploads\/2020\/08\/diegofernandesfolha01-8.jpg\" data-orig-size=\"500,332\" data-comments-opened=\"\" data-image-meta=\"{&quot;aperture&quot;:&quot;5.6&quot;,&quot;credit&quot;:&quot;&quot;,&quot;camera&quot;:&quot;NIKON D90&quot;,&quot;caption&quot;:&quot;&quot;,&quot;created_timestamp&quot;:&quot;1597857628&quot;,&quot;copyright&quot;:&quot;&quot;,&quot;focal_length&quot;:&quot;34&quot;,&quot;iso&quot;:&quot;1600&quot;,&quot;shutter_speed&quot;:&quot;0.008&quot;,&quot;title&quot;:&quot;&quot;,&quot;orientation&quot;:&quot;1&quot;}\" data-image-title=\"diegofernandesfolha01 (8)\" data-image-description=\"\" data-medium-file=\"https:\/\/i0.wp.com\/ifolharegional.com.br\/wp-content\/uploads\/2020\/08\/diegofernandesfolha01-8.jpg?fit=300%2C199&amp;ssl=1\" data-large-file=\"https:\/\/i0.wp.com\/ifolharegional.com.br\/wp-content\/uploads\/2020\/08\/diegofernandesfolha01-8.jpg?fit=500%2C332&amp;ssl=1\" data-original-width=\"366\" data-original-height=\"243\" \/>Fonte: Folha Regional &#8211; Fotos: Diego Fernandes<\/a><\/div>\n<\/div>\n<\/div>\n<\/div>\n<p>&nbsp;<\/p>\n","protected":false},"excerpt":{"rendered":"<p>A Pol\u00edcia Militar Rodovi\u00e1ria \u2013 Base Operacional, atendeu nesta tarde, um acidente de tr\u00e2nsito envolvendo um caminh\u00e3o nove eixos nas proximidades do trevo \u201cEuclides Ravazi\u201d que liga a Rodovia Comandante Jo\u00e3o Ribeiro de Barros a SP-294 \u00e0 Rodovia Pl\u00e1cido Rocha (SPD-596) em Adamantina. No local, houve o desengate do \u00faltimo de dois semirreboques que eram [&hellip;]<\/p>\n","protected":false},"author":1,"featured_media":33204,"comment_status":"closed","ping_status":"open","sticky":false,"template":"","format":"standard","meta":{"footnotes":""},"categories":[170,110],"tags":[],"class_list":["post-33203","post","type-post","status-publish","format-standard","has-post-thumbnail","hentry","category-acidentes","category-noticiasdestaque"],"_links":{"self":[{"href":"https:\/\/jorgezanoni.com.br\/2019\/wp-json\/wp\/v2\/posts\/33203","targetHints":{"allow":["GET"]}}],"collection":[{"href":"https:\/\/jorgezanoni.com.br\/2019\/wp-json\/wp\/v2\/posts"}],"about":[{"href":"https:\/\/jorgezanoni.com.br\/2019\/wp-json\/wp\/v2\/types\/post"}],"author":[{"embeddable":true,"href":"https:\/\/jorgezanoni.com.br\/2019\/wp-json\/wp\/v2\/users\/1"}],"replies":[{"embeddable":true,"href":"https:\/\/jorgezanoni.com.br\/2019\/wp-json\/wp\/v2\/comments?post=33203"}],"version-history":[{"count":0,"href":"https:\/\/jorgezanoni.com.br\/2019\/wp-json\/wp\/v2\/posts\/33203\/revisions"}],"wp:featuredmedia":[{"embeddable":true,"href":"https:\/\/jorgezanoni.com.br\/2019\/wp-json\/wp\/v2\/media\/33204"}],"wp:attachment":[{"href":"https:\/\/jorgezanoni.com.br\/2019\/wp-json\/wp\/v2\/media?parent=33203"}],"wp:term":[{"taxonomy":"category","embeddable":true,"href":"https:\/\/jorgezanoni.com.br\/2019\/wp-json\/wp\/v2\/categories?post=33203"},{"taxonomy":"post_tag","embeddable":true,"href":"https:\/\/jorgezanoni.com.br\/2019\/wp-json\/wp\/v2\/tags?post=33203"}],"curies":[{"name":"wp","href":"https:\/\/api.w.org\/{rel}","templated":true}]}}