{"id":33196,"date":"2020-08-20T15:03:16","date_gmt":"2020-08-20T15:03:16","guid":{"rendered":"https:\/\/jorgezanoni.com.br\/2019\/?p=33196"},"modified":"2020-08-20T15:03:16","modified_gmt":"2020-08-20T15:03:16","slug":"ace-dracena-lanca-campanha-sobre-uso-consciente-de-estacionamento-no-centro","status":"publish","type":"post","link":"https:\/\/jorgezanoni.com.br\/2019\/ace-dracena-lanca-campanha-sobre-uso-consciente-de-estacionamento-no-centro\/","title":{"rendered":"ACE Dracena lan\u00e7a campanha sobre uso consciente de estacionamento no centro\u00a0"},"content":{"rendered":"<p style=\"text-align: justify;\">Na avenida Presidente Roosevelt, a cena se repete diariamente: ve\u00edculos de propriet\u00e1rios e funcion\u00e1rios permanecem o dia todo estacionados defronte seus respectivos locais de trabalho.<\/p>\n<p style=\"text-align: justify;\">Na avenida Presidente Vargas, funcion\u00e1rios de bancos garantem logo cedo, seu espa\u00e7o di\u00e1rio pr\u00f3ximo as ag\u00eancias e s\u00f3 saem no final do expediente. Situa\u00e7\u00f5es do cotidiano que impedem os consumidores de estacionar no centro, dificultando as vendas do com\u00e9rcio.<\/p>\n<p style=\"text-align: justify;\">A \u00e1rea central da cidade, conta com 600 vagas de estacionamento dispon\u00edvel aos consumidores. Em dias de pico,\u00a0uma vaga ocupada por oito horas consecutivas, pode tirar a vaga de at\u00e9 20 consumidores ao dia, segundo estimativa realizada pelo coordenador da extinta Zona Azul de Dracena, Vanderlei Perrout.<\/p>\n<p style=\"text-align: justify;\"><em>&#8220;Precisamos deixar claro que n\u00e3o s\u00e3o todos os empres\u00e1rios e funcion\u00e1rios que tem atitudes assim! Muitos respeitam as regras e pensam na coletividade. Mas, o que constatamos \u00e9 que a &#8216;maioria&#8217; ocupa as vagas de clientes, deixando pouco espa\u00e7o para os consumidores estacionarem seus carros&#8221;,<\/em>\u00a0esclarece o tesoureiro da Associa\u00e7\u00e3o Comercial e Empresarial de Dracena (ACE), Luciano Gerlim.<\/p>\n<p style=\"text-align: justify;\">Campanha de conscientiza\u00e7\u00e3o<\/p>\n<p style=\"text-align: justify;\">Preocupada com os empres\u00e1rios que sofrem com a falta de vagas para clientes estacionarem seus ve\u00edculos e irem \u00e0s compras, a diretoria da ACE Dracena lan\u00e7a uma campanha direcionada a conscientiza\u00e7\u00e3o do uso das vagas de estacionamento principalmente no quadril\u00e1tero central da cidade.<\/p>\n<p style=\"text-align: justify;\">Com o t\u00edtulo:\u00a0&#8216;Doe vaga ao seu cliente!&#8217;,\u00a0a campanha pretende chamar a aten\u00e7\u00e3o de empres\u00e1rios, comerci\u00e1rios e banc\u00e1rios mostrando que a falta de empatia com os consumidores dracenenses impacta diretamente nas vendas das lojas e atinge o pr\u00f3prio comerci\u00e1rio, que depende das comiss\u00f5es para incrementar a sua remunera\u00e7\u00e3o.<\/p>\n<p style=\"text-align: justify;\">Na campanha, a diretoria da ACE pede para que empres\u00e1rios e colaboradores das empresas locais tenham bom senso na hora de estacionarem seus ve\u00edculos.<\/p>\n<p style=\"text-align: justify;\">O presidente da ACE, Luis Carlos Scaliante, destaca que a campanha \u00e9 resultado de diversos pedidos de associados da entidade que demonstram muita insatisfa\u00e7\u00e3o com a realidade atual da falta de estacionamento, especialmente no centro.\u00a0<em>&#8220;N\u00e3o temos objetivo de apontar culpados, s\u00f3 estamos sugerindo todos tenham empatia pelos consumidores. Acreditamos que com esta atitude podem colaborar para minimizar o problema atual. Se cada um fizer a sua parte, todos sairemos ganhando. Enquanto entidade, estamos fazendo a nossa parte na defesa de nossos associados e principalmente dos consumidores de Dracena e regi\u00e3o. Se est\u00e1 faltando vaga de estacionamento \u00e9 porque realmente est\u00e1 faltando bom senso de todas as partes&#8221;.<\/em><\/p>\n<p style=\"text-align: justify;\">O vice-presidente da ACE,\u00a0Rodrigo\u00a0Rufino, salienta ainda que diretoria deixa claro, que a responsabilidade n\u00e3o \u00e9 s\u00f3 do empres\u00e1rio e de seus colaboradores. A entidade vem dialogando com a Prefeitura para acelerar a implanta\u00e7\u00e3o da Zona Azul, desativada desde o final de mar\u00e7o deste ano.\u00a0<em>&#8220;Nossa ideia \u00e9 que Dracena tenha um sistema de estacionamento rotativo pago, que seja moderno, adequado e, acima de tudo, pr\u00e1tico&#8221;,<\/em>\u00a0conclui.<\/p>\n<p style=\"text-align: justify;\">Tr\u00e2nsito humanizado<\/p>\n<p style=\"text-align: justify;\">A diretoria espera que todos abracem esta campanha com a finalidade de atrair mais consumidores e um tr\u00e2nsito mais humanizado. A campanha ter\u00e1 in\u00edcio neste s\u00e1bado (22). O material promocional ser\u00e1 divulgado nas redes sociais, nos ve\u00edculos de comunica\u00e7\u00e3o (jornal, r\u00e1dio e sites de not\u00edcias), al\u00e9m de serem desenvolvidas outras a\u00e7\u00f5es.<\/p>\n<p><img loading=\"lazy\" decoding=\"async\" class=\"alignnone size-full wp-image-33198\" src=\"https:\/\/jorgezanoni.com.br\/2019\/wp-content\/uploads\/2020\/08\/ace1-1.jpeg\" alt=\"\" width=\"768\" height=\"1024\" srcset=\"https:\/\/jorgezanoni.com.br\/2019\/wp-content\/uploads\/2020\/08\/ace1-1.jpeg 768w, https:\/\/jorgezanoni.com.br\/2019\/wp-content\/uploads\/2020\/08\/ace1-1-225x300.jpeg 225w, https:\/\/jorgezanoni.com.br\/2019\/wp-content\/uploads\/2020\/08\/ace1-1-696x928.jpeg 696w, https:\/\/jorgezanoni.com.br\/2019\/wp-content\/uploads\/2020\/08\/ace1-1-315x420.jpeg 315w\" sizes=\"auto, (max-width: 768px) 100vw, 768px\" \/><\/p>\n<p style=\"text-align: justify;\">Fonte: Assessoria de Imprensa ACE Dracena<\/p>\n","protected":false},"excerpt":{"rendered":"<p>Na avenida Presidente Roosevelt, a cena se repete diariamente: ve\u00edculos de propriet\u00e1rios e funcion\u00e1rios permanecem o dia todo estacionados defronte seus respectivos locais de trabalho. Na avenida Presidente Vargas, funcion\u00e1rios de bancos garantem logo cedo, seu espa\u00e7o di\u00e1rio pr\u00f3ximo as ag\u00eancias e s\u00f3 saem no final do expediente. Situa\u00e7\u00f5es do cotidiano que impedem os consumidores [&hellip;]<\/p>\n","protected":false},"author":1,"featured_media":33197,"comment_status":"closed","ping_status":"open","sticky":false,"template":"","format":"standard","meta":{"footnotes":""},"categories":[114,110],"tags":[],"class_list":["post-33196","post","type-post","status-publish","format-standard","has-post-thumbnail","hentry","category-geralecomercio","category-noticiasdestaque"],"_links":{"self":[{"href":"https:\/\/jorgezanoni.com.br\/2019\/wp-json\/wp\/v2\/posts\/33196","targetHints":{"allow":["GET"]}}],"collection":[{"href":"https:\/\/jorgezanoni.com.br\/2019\/wp-json\/wp\/v2\/posts"}],"about":[{"href":"https:\/\/jorgezanoni.com.br\/2019\/wp-json\/wp\/v2\/types\/post"}],"author":[{"embeddable":true,"href":"https:\/\/jorgezanoni.com.br\/2019\/wp-json\/wp\/v2\/users\/1"}],"replies":[{"embeddable":true,"href":"https:\/\/jorgezanoni.com.br\/2019\/wp-json\/wp\/v2\/comments?post=33196"}],"version-history":[{"count":0,"href":"https:\/\/jorgezanoni.com.br\/2019\/wp-json\/wp\/v2\/posts\/33196\/revisions"}],"wp:featuredmedia":[{"embeddable":true,"href":"https:\/\/jorgezanoni.com.br\/2019\/wp-json\/wp\/v2\/media\/33197"}],"wp:attachment":[{"href":"https:\/\/jorgezanoni.com.br\/2019\/wp-json\/wp\/v2\/media?parent=33196"}],"wp:term":[{"taxonomy":"category","embeddable":true,"href":"https:\/\/jorgezanoni.com.br\/2019\/wp-json\/wp\/v2\/categories?post=33196"},{"taxonomy":"post_tag","embeddable":true,"href":"https:\/\/jorgezanoni.com.br\/2019\/wp-json\/wp\/v2\/tags?post=33196"}],"curies":[{"name":"wp","href":"https:\/\/api.w.org\/{rel}","templated":true}]}}