{"id":33193,"date":"2020-08-20T14:50:05","date_gmt":"2020-08-20T14:50:05","guid":{"rendered":"https:\/\/jorgezanoni.com.br\/2019\/?p=33193"},"modified":"2020-08-20T14:50:05","modified_gmt":"2020-08-20T14:50:05","slug":"unesp-completa-17-anos-em-dracena","status":"publish","type":"post","link":"https:\/\/jorgezanoni.com.br\/2019\/unesp-completa-17-anos-em-dracena\/","title":{"rendered":"Unesp completa 17 anos em Dracena"},"content":{"rendered":"<p style=\"font-weight: 400; text-align: justify;\"><strong>Em 18 de agosto, s\u00e3o comemorados os\u00a017 anos da Universidade Estadual Paulista &#8220;J\u00falio de Mesquita Filho&#8221; &#8211; Unesp em Dracena. A dire\u00e7\u00e3o da unidade, em nome do seu diretor Prof. Dr. F\u00e1bio Erminio Mingatto e da vice-diretora Sirlei Maest\u00e1, parabeniza e agradece aos professores, t\u00e9cnico-administrativos, alunos e a comunidade dracenense e da regi\u00e3o que sempre apoiaram e fazem parte do sucesso dessa Institui\u00e7\u00e3o de Ensino Superior.<\/strong><\/p>\n<p><strong>Hist\u00f3rico:<\/strong><\/p>\n<p style=\"text-align: justify;\">O curso de gradua\u00e7\u00e3o em Zootecnia da ent\u00e3o Unidade Diferenciada de Dracena teve suas atividades iniciadas provisoriamente em agosto de 2003 nas instala\u00e7\u00f5es cedidas pela Funda\u00e7\u00e3o Dracenense de Educa\u00e7\u00e3o e Cultura &#8211; Fundec. No dia 28 de mar\u00e7o de 2006, foram inauguradas as instala\u00e7\u00f5es f\u00edsicas do C\u00e2mpus, localizado na Rodovia Comandante Jo\u00e3o Ribeiro de Barros (SP 294), na altura do km 651, no Munic\u00edpio de Dracena. O evento, organizado em conjunto com a Prefeitura Municipal de Dracena, contou com as ilustres presen\u00e7as do Exmo. Governador do Estado de S\u00e3o Paulo no per\u00edodo de 2003-2006, Geraldo Alckmin, e do ent\u00e3o Magn\u00edfico Reitor da Universidade Estadual Paulista, Prof. Dr. Marcos Macari. Neste mesmo ano, no m\u00eas de maio, ocorreu a altera\u00e7\u00e3o do nome &#8220;Unidade Diferenciada de Dracena&#8221; para &#8220;C\u00e2mpus Experimental de Dracena&#8221;.<\/p>\n<p style=\"text-align: justify;\">Durante os seus 17 anos de exist\u00eancia, o curso de Zootecnia j\u00e1 ofereceu 760 vagas, distribu\u00eddas em 19 concursos vestibulares, cada um selecionando 40 alunos para abertura de novas turmas.\u00a0J\u00e1 foram conclu\u00eddas catorze turmas, totalizando 380\u00a0 Zootecnistas no mercado de trabalho.<\/p>\n<p style=\"text-align: justify;\">Em 2012, foi implantado o Programa de P\u00f3s-gradua\u00e7\u00e3o em Ci\u00eancia e Tecnologia Animal, n\u00edvel de mestrado acad\u00eamico, que \u00e9 fruto de uma parceria entre o C\u00e2mpus de Dracena e a Faculdade de Engenharia de Ilha Solteira \u2013 FEIS\/Unesp. O programa conta, atualmente, com tr\u00eas linhas de pesquisa:\u00a0Biologia do desenvolvimento, metabolismo e bem estar animal; Melhoramento, nutri\u00e7\u00e3o e qualidade de produtos de origem animal; e Produ\u00e7\u00e3o, manejo e conserva\u00e7\u00e3o de alimentos, gest\u00e3o e sustentabilidade.<\/p>\n<p style=\"text-align: justify;\">A partir de mar\u00e7o de 2013, o C\u00e2mpus de Dracena passou a oferecer tamb\u00e9m o curso de gradua\u00e7\u00e3o em Engenharia Agron\u00f4mica, o qual durante os seus 7 anos de exist\u00eancia, j\u00e1 ofereceu 320 vagas, distribu\u00eddas em 8 concursos vestibulares, cada um selecionando 40 alunos para abertura de novas turmas. At\u00e9 o presente momento j\u00e1 foram conclu\u00eddas quatro turmas, totalizando 81 Engenheiros Agr\u00f4nomos formados.<\/p>\n<p style=\"text-align: justify;\">No dia 29 de setembro de 2015, o C\u00e2mpus de Dracena passou a ser reconhecido como uma Unidade Universit\u00e1ria e passou a se chamar\u00a0<strong>Faculdade de Ci\u00eancias Agr\u00e1rias e Tecnol\u00f3gicas (FCAT) da Unesp &#8211; C\u00e2mpus de Dracena<\/strong>.<\/p>\n<p style=\"text-align: justify;\">Atualmente, a FCAT conta com aproximadamente 500 alunos de gradua\u00e7\u00e3o e p\u00f3s-gradua\u00e7\u00e3o, 36 Professores Doutores em Regime de Dedica\u00e7\u00e3o Integral \u00e0 Doc\u00eancia e \u00e0 Pesquisa (RDIDP \u2013 40 horas semanais), 47 t\u00e9cnico-administrativos e 14 funcion\u00e1rios terceirizados. \u00c9 composto por diversas instala\u00e7\u00f5es f\u00edsicas que abrigam salas de aulas, biblioteca, administra\u00e7\u00e3o, sala de docentes, laborat\u00f3rios did\u00e1ticos e de pesquisa, cantina, audit\u00f3rio, instala\u00e7\u00f5es agropecu\u00e1rias, entre outras, que possibilitam a forma\u00e7\u00e3o de alunos de excel\u00eancia, a execu\u00e7\u00e3o de atividades de extens\u00e3o universit\u00e1ria e a realiza\u00e7\u00e3o de importantes pesquisas, contribuindo para o desenvolvimento cient\u00edfico e tecnol\u00f3gico do pa\u00eds.<\/p>\n<p>Fonte: Assessoria de Imprensa Unesp<\/p>\n","protected":false},"excerpt":{"rendered":"<p>Em 18 de agosto, s\u00e3o comemorados os\u00a017 anos da Universidade Estadual Paulista &#8220;J\u00falio de Mesquita Filho&#8221; &#8211; Unesp em Dracena. A dire\u00e7\u00e3o da unidade, em nome do seu diretor Prof. Dr. F\u00e1bio Erminio Mingatto e da vice-diretora Sirlei Maest\u00e1, parabeniza e agradece aos professores, t\u00e9cnico-administrativos, alunos e a comunidade dracenense e da regi\u00e3o que sempre [&hellip;]<\/p>\n","protected":false},"author":1,"featured_media":33194,"comment_status":"closed","ping_status":"open","sticky":false,"template":"","format":"standard","meta":{"footnotes":""},"categories":[110,122],"tags":[],"class_list":["post-33193","post","type-post","status-publish","format-standard","has-post-thumbnail","hentry","category-noticiasdestaque","category-saudeeducacaoeconcurso"],"_links":{"self":[{"href":"https:\/\/jorgezanoni.com.br\/2019\/wp-json\/wp\/v2\/posts\/33193","targetHints":{"allow":["GET"]}}],"collection":[{"href":"https:\/\/jorgezanoni.com.br\/2019\/wp-json\/wp\/v2\/posts"}],"about":[{"href":"https:\/\/jorgezanoni.com.br\/2019\/wp-json\/wp\/v2\/types\/post"}],"author":[{"embeddable":true,"href":"https:\/\/jorgezanoni.com.br\/2019\/wp-json\/wp\/v2\/users\/1"}],"replies":[{"embeddable":true,"href":"https:\/\/jorgezanoni.com.br\/2019\/wp-json\/wp\/v2\/comments?post=33193"}],"version-history":[{"count":0,"href":"https:\/\/jorgezanoni.com.br\/2019\/wp-json\/wp\/v2\/posts\/33193\/revisions"}],"wp:featuredmedia":[{"embeddable":true,"href":"https:\/\/jorgezanoni.com.br\/2019\/wp-json\/wp\/v2\/media\/33194"}],"wp:attachment":[{"href":"https:\/\/jorgezanoni.com.br\/2019\/wp-json\/wp\/v2\/media?parent=33193"}],"wp:term":[{"taxonomy":"category","embeddable":true,"href":"https:\/\/jorgezanoni.com.br\/2019\/wp-json\/wp\/v2\/categories?post=33193"},{"taxonomy":"post_tag","embeddable":true,"href":"https:\/\/jorgezanoni.com.br\/2019\/wp-json\/wp\/v2\/tags?post=33193"}],"curies":[{"name":"wp","href":"https:\/\/api.w.org\/{rel}","templated":true}]}}