{"id":33182,"date":"2020-08-20T13:24:29","date_gmt":"2020-08-20T13:24:29","guid":{"rendered":"https:\/\/jorgezanoni.com.br\/2019\/?p=33182"},"modified":"2020-08-20T13:24:29","modified_gmt":"2020-08-20T13:24:29","slug":"toquio-registra-mais-de-300-casos-de-coronavirus-nesta-quinta-feira","status":"publish","type":"post","link":"https:\/\/jorgezanoni.com.br\/2019\/toquio-registra-mais-de-300-casos-de-coronavirus-nesta-quinta-feira\/","title":{"rendered":"T\u00f3quio registra mais de 300 casos de coronav\u00edrus nesta quinta-feira"},"content":{"rendered":"<h3 class=\"subheader image-behind-title xt-post-excerpt\" style=\"text-align: justify;\"><strong>No total, a capital registrou mais de 18 mil infec\u00e7\u00f5es pelo novo v\u00edrus, superior a qualquer outra prov\u00edncia no Jap\u00e3o.<\/strong><\/h3>\n<p style=\"text-align: justify;\">A capital T\u00f3quio marcou um total de 339 infec\u00e7\u00f5es pelo novo coronav\u00edrus nesta quinta-feira (20), ap\u00f3s diminuir para menos de 200 no dia anterior, disse o governo metropolitano.<\/p>\n<p style=\"text-align: justify;\">A cidade registrou 186 infec\u00e7\u00f5es na quarta-feira (19). A alta di\u00e1ria para T\u00f3quio situa-se a 472, registrada em 1\u00ba de agosto.<\/p>\n<p style=\"text-align: justify;\">T\u00f3quio registrou uma m\u00e9dia de 345.1 infec\u00e7\u00f5es por dia na primeira semana de agosto e 280.3 por dia na segunda semana. A m\u00e9dia di\u00e1ria para o m\u00eas de julho foi de 208.6.<\/p>\n<p style=\"text-align: justify;\">No total, a capital registrou mais de 18 mil infec\u00e7\u00f5es pelo novo v\u00edrus \u2013 superior a qualquer outra prov\u00edncia no Jap\u00e3o. O coronav\u00edrus causou a morte de 347 pessoas em T\u00f3quio.<\/p>\n<p style=\"text-align: justify;\">Fonte: Mainichi &#8211; portalmie.com<\/p>\n","protected":false},"excerpt":{"rendered":"<p>No total, a capital registrou mais de 18 mil infec\u00e7\u00f5es pelo novo v\u00edrus, superior a qualquer outra prov\u00edncia no Jap\u00e3o. A capital T\u00f3quio marcou um total de 339 infec\u00e7\u00f5es pelo novo coronav\u00edrus nesta quinta-feira (20), ap\u00f3s diminuir para menos de 200 no dia anterior, disse o governo metropolitano. A cidade registrou 186 infec\u00e7\u00f5es na quarta-feira [&hellip;]<\/p>\n","protected":false},"author":1,"featured_media":33183,"comment_status":"closed","ping_status":"open","sticky":false,"template":"","format":"standard","meta":{"footnotes":""},"categories":[110,122],"tags":[],"class_list":["post-33182","post","type-post","status-publish","format-standard","has-post-thumbnail","hentry","category-noticiasdestaque","category-saudeeducacaoeconcurso"],"_links":{"self":[{"href":"https:\/\/jorgezanoni.com.br\/2019\/wp-json\/wp\/v2\/posts\/33182","targetHints":{"allow":["GET"]}}],"collection":[{"href":"https:\/\/jorgezanoni.com.br\/2019\/wp-json\/wp\/v2\/posts"}],"about":[{"href":"https:\/\/jorgezanoni.com.br\/2019\/wp-json\/wp\/v2\/types\/post"}],"author":[{"embeddable":true,"href":"https:\/\/jorgezanoni.com.br\/2019\/wp-json\/wp\/v2\/users\/1"}],"replies":[{"embeddable":true,"href":"https:\/\/jorgezanoni.com.br\/2019\/wp-json\/wp\/v2\/comments?post=33182"}],"version-history":[{"count":0,"href":"https:\/\/jorgezanoni.com.br\/2019\/wp-json\/wp\/v2\/posts\/33182\/revisions"}],"wp:featuredmedia":[{"embeddable":true,"href":"https:\/\/jorgezanoni.com.br\/2019\/wp-json\/wp\/v2\/media\/33183"}],"wp:attachment":[{"href":"https:\/\/jorgezanoni.com.br\/2019\/wp-json\/wp\/v2\/media?parent=33182"}],"wp:term":[{"taxonomy":"category","embeddable":true,"href":"https:\/\/jorgezanoni.com.br\/2019\/wp-json\/wp\/v2\/categories?post=33182"},{"taxonomy":"post_tag","embeddable":true,"href":"https:\/\/jorgezanoni.com.br\/2019\/wp-json\/wp\/v2\/tags?post=33182"}],"curies":[{"name":"wp","href":"https:\/\/api.w.org\/{rel}","templated":true}]}}