{"id":33179,"date":"2020-08-20T13:12:25","date_gmt":"2020-08-20T13:12:25","guid":{"rendered":"https:\/\/jorgezanoni.com.br\/2019\/?p=33179"},"modified":"2020-08-20T13:12:25","modified_gmt":"2020-08-20T13:12:25","slug":"moradoras-de-dracena-reclamam-de-fuligem-provocada-por-queima-de-palha-de-cana-de-acucar","status":"publish","type":"post","link":"https:\/\/jorgezanoni.com.br\/2019\/moradoras-de-dracena-reclamam-de-fuligem-provocada-por-queima-de-palha-de-cana-de-acucar\/","title":{"rendered":"Moradoras de Dracena reclamam de Fuligem provocada por queima de palha de cana de a\u00e7ucar"},"content":{"rendered":"<p style=\"text-align: justify;\">Algumas moradoras da cidade, principalmente do Jardim das Palmeiras, entraram em contato com a reda\u00e7\u00e3o do <strong>Site Jorge Zanoni<\/strong>, para reclamar da grande quantidade de Fuligem nos quintais das resid\u00eancias provocados por queimada, provavelmente durante esta noite.<\/p>\n<p style=\"text-align: justify;\">&#8220;Desde 2017, as usinas produtoras de a\u00e7\u00facar e etanol participantes do PAM (Plano de Aux\u00edlio M\u00fatuo) Regional Dracena \u2013 aboliram o uso da queima de cana-de-a\u00e7\u00facar para a colheita, sendo que hoje essa atividade \u00e9 mecanizada, sem a necessidade de usar o fogo como antigamente&#8221;.<\/p>\n<p>Se foi abolido, porque a Fuligem, de onde estaria vindo ent\u00e3o?<\/p>\n<p style=\"text-align: justify;\">Pedem que as autoridades especialmente ligadas ao meio ambiente tomem alguma provid\u00eancia.<\/p>\n<p>Foto de Internauta<\/p>\n","protected":false},"excerpt":{"rendered":"<p>Algumas moradoras da cidade, principalmente do Jardim das Palmeiras, entraram em contato com a reda\u00e7\u00e3o do Site Jorge Zanoni, para reclamar da grande quantidade de Fuligem nos quintais das resid\u00eancias provocados por queimada, provavelmente durante esta noite. &#8220;Desde 2017, as usinas produtoras de a\u00e7\u00facar e etanol participantes do PAM (Plano de Aux\u00edlio M\u00fatuo) Regional Dracena [&hellip;]<\/p>\n","protected":false},"author":1,"featured_media":33180,"comment_status":"closed","ping_status":"open","sticky":false,"template":"","format":"standard","meta":{"footnotes":""},"categories":[176,110],"tags":[],"class_list":["post-33179","post","type-post","status-publish","format-standard","has-post-thumbnail","hentry","category-meioambienteeagricultura","category-noticiasdestaque"],"_links":{"self":[{"href":"https:\/\/jorgezanoni.com.br\/2019\/wp-json\/wp\/v2\/posts\/33179","targetHints":{"allow":["GET"]}}],"collection":[{"href":"https:\/\/jorgezanoni.com.br\/2019\/wp-json\/wp\/v2\/posts"}],"about":[{"href":"https:\/\/jorgezanoni.com.br\/2019\/wp-json\/wp\/v2\/types\/post"}],"author":[{"embeddable":true,"href":"https:\/\/jorgezanoni.com.br\/2019\/wp-json\/wp\/v2\/users\/1"}],"replies":[{"embeddable":true,"href":"https:\/\/jorgezanoni.com.br\/2019\/wp-json\/wp\/v2\/comments?post=33179"}],"version-history":[{"count":0,"href":"https:\/\/jorgezanoni.com.br\/2019\/wp-json\/wp\/v2\/posts\/33179\/revisions"}],"wp:featuredmedia":[{"embeddable":true,"href":"https:\/\/jorgezanoni.com.br\/2019\/wp-json\/wp\/v2\/media\/33180"}],"wp:attachment":[{"href":"https:\/\/jorgezanoni.com.br\/2019\/wp-json\/wp\/v2\/media?parent=33179"}],"wp:term":[{"taxonomy":"category","embeddable":true,"href":"https:\/\/jorgezanoni.com.br\/2019\/wp-json\/wp\/v2\/categories?post=33179"},{"taxonomy":"post_tag","embeddable":true,"href":"https:\/\/jorgezanoni.com.br\/2019\/wp-json\/wp\/v2\/tags?post=33179"}],"curies":[{"name":"wp","href":"https:\/\/api.w.org\/{rel}","templated":true}]}}