{"id":33152,"date":"2020-08-20T10:50:26","date_gmt":"2020-08-20T10:50:26","guid":{"rendered":"https:\/\/jorgezanoni.com.br\/2019\/?p=33152"},"modified":"2020-08-20T14:11:10","modified_gmt":"2020-08-20T14:11:10","slug":"caminhoneiro-morre-em-acidente-na-vicinal-henrique-coutinho-estrada-da-usina-rio-vermelho-em-junqueiropolis","status":"publish","type":"post","link":"https:\/\/jorgezanoni.com.br\/2019\/caminhoneiro-morre-em-acidente-na-vicinal-henrique-coutinho-estrada-da-usina-rio-vermelho-em-junqueiropolis\/","title":{"rendered":"Caminhoneiro morre em acidente na vicinal Henrique Coutinho (estrada da Usina Rio Vermelho), em Junqueir\u00f3polis"},"content":{"rendered":"<p style=\"text-align: justify;\">Um caminhoneiro morreu na noite desta quarta-feira, (19), ap\u00f3s tombamento de caminh\u00e3o canavieiro em Junqueir\u00f3polis. O acidente fatal ocorreu na vicinal Henrique Coutinho, via de liga\u00e7\u00e3o entre a rodovia Comandante Jo\u00e3o Ribeiro de Barros (SP-294) e a Usina Rio Vermelho.<\/p>\n<p style=\"text-align: justify;\">Informa\u00e7\u00f5es preliminares e extra-oficiais obtidas junto aos internautas, apontam que o caminh\u00e3o acidentado \u00e9 de uma empresa da cidade de Luc\u00e9lia. Os internautas relatam ainda que o acidente ocorreu no trecho da vicinal no bairro Salgado Filho, pr\u00f3ximo \u00e0 rotat\u00f3ria do Mangueir\u00e3o, como \u00e9 popularmente conhecida.<\/p>\n<p><img loading=\"lazy\" decoding=\"async\" class=\"alignnone size-full wp-image-33154\" src=\"https:\/\/jorgezanoni.com.br\/2019\/wp-content\/uploads\/2020\/08\/caminh\u00e7ao1.jpg\" alt=\"\" width=\"960\" height=\"720\" srcset=\"https:\/\/jorgezanoni.com.br\/2019\/wp-content\/uploads\/2020\/08\/caminh\u00e7ao1.jpg 960w, https:\/\/jorgezanoni.com.br\/2019\/wp-content\/uploads\/2020\/08\/caminh\u00e7ao1-300x225.jpg 300w, https:\/\/jorgezanoni.com.br\/2019\/wp-content\/uploads\/2020\/08\/caminh\u00e7ao1-768x576.jpg 768w, https:\/\/jorgezanoni.com.br\/2019\/wp-content\/uploads\/2020\/08\/caminh\u00e7ao1-80x60.jpg 80w, https:\/\/jorgezanoni.com.br\/2019\/wp-content\/uploads\/2020\/08\/caminh\u00e7ao1-265x198.jpg 265w, https:\/\/jorgezanoni.com.br\/2019\/wp-content\/uploads\/2020\/08\/caminh\u00e7ao1-696x522.jpg 696w, https:\/\/jorgezanoni.com.br\/2019\/wp-content\/uploads\/2020\/08\/caminh\u00e7ao1-560x420.jpg 560w\" sizes=\"auto, (max-width: 960px) 100vw, 960px\" \/><\/p>\n<p style=\"text-align: justify;\"><img loading=\"lazy\" decoding=\"async\" class=\"alignnone size-full wp-image-33174\" src=\"https:\/\/jorgezanoni.com.br\/2019\/wp-content\/uploads\/2020\/08\/caminh\u00e3o-2.jpg\" alt=\"\" width=\"562\" height=\"443\" srcset=\"https:\/\/jorgezanoni.com.br\/2019\/wp-content\/uploads\/2020\/08\/caminh\u00e3o-2.jpg 562w, https:\/\/jorgezanoni.com.br\/2019\/wp-content\/uploads\/2020\/08\/caminh\u00e3o-2-300x236.jpg 300w, https:\/\/jorgezanoni.com.br\/2019\/wp-content\/uploads\/2020\/08\/caminh\u00e3o-2-533x420.jpg 533w\" sizes=\"auto, (max-width: 562px) 100vw, 562px\" \/> <img loading=\"lazy\" decoding=\"async\" class=\"alignnone size-full wp-image-33175\" src=\"https:\/\/jorgezanoni.com.br\/2019\/wp-content\/uploads\/2020\/08\/Caminhoneiro.jpg\" alt=\"\" width=\"800\" height=\"445\" srcset=\"https:\/\/jorgezanoni.com.br\/2019\/wp-content\/uploads\/2020\/08\/Caminhoneiro.jpg 800w, https:\/\/jorgezanoni.com.br\/2019\/wp-content\/uploads\/2020\/08\/Caminhoneiro-300x167.jpg 300w, https:\/\/jorgezanoni.com.br\/2019\/wp-content\/uploads\/2020\/08\/Caminhoneiro-768x427.jpg 768w, https:\/\/jorgezanoni.com.br\/2019\/wp-content\/uploads\/2020\/08\/Caminhoneiro-696x387.jpg 696w, https:\/\/jorgezanoni.com.br\/2019\/wp-content\/uploads\/2020\/08\/Caminhoneiro-755x420.jpg 755w\" sizes=\"auto, (max-width: 800px) 100vw, 800px\" \/>Silvio de Souza (Silvinho Cabe\u00e7\u00e3o) de 53 anos, foi a v\u00edtima fatal do acidente, \u00e9 morador de Luc\u00e9lia. (Foto redenetnews.com.br)<\/p>\n<p style=\"text-align: justify;\">Fotos: Cedidas\/Internautas<\/p>\n","protected":false},"excerpt":{"rendered":"<p>Um caminhoneiro morreu na noite desta quarta-feira, (19), ap\u00f3s tombamento de caminh\u00e3o canavieiro em Junqueir\u00f3polis. O acidente fatal ocorreu na vicinal Henrique Coutinho, via de liga\u00e7\u00e3o entre a rodovia Comandante Jo\u00e3o Ribeiro de Barros (SP-294) e a Usina Rio Vermelho. Informa\u00e7\u00f5es preliminares e extra-oficiais obtidas junto aos internautas, apontam que o caminh\u00e3o acidentado \u00e9 de [&hellip;]<\/p>\n","protected":false},"author":1,"featured_media":33153,"comment_status":"closed","ping_status":"open","sticky":false,"template":"","format":"standard","meta":{"footnotes":""},"categories":[170,110],"tags":[],"class_list":["post-33152","post","type-post","status-publish","format-standard","has-post-thumbnail","hentry","category-acidentes","category-noticiasdestaque"],"_links":{"self":[{"href":"https:\/\/jorgezanoni.com.br\/2019\/wp-json\/wp\/v2\/posts\/33152","targetHints":{"allow":["GET"]}}],"collection":[{"href":"https:\/\/jorgezanoni.com.br\/2019\/wp-json\/wp\/v2\/posts"}],"about":[{"href":"https:\/\/jorgezanoni.com.br\/2019\/wp-json\/wp\/v2\/types\/post"}],"author":[{"embeddable":true,"href":"https:\/\/jorgezanoni.com.br\/2019\/wp-json\/wp\/v2\/users\/1"}],"replies":[{"embeddable":true,"href":"https:\/\/jorgezanoni.com.br\/2019\/wp-json\/wp\/v2\/comments?post=33152"}],"version-history":[{"count":0,"href":"https:\/\/jorgezanoni.com.br\/2019\/wp-json\/wp\/v2\/posts\/33152\/revisions"}],"wp:featuredmedia":[{"embeddable":true,"href":"https:\/\/jorgezanoni.com.br\/2019\/wp-json\/wp\/v2\/media\/33153"}],"wp:attachment":[{"href":"https:\/\/jorgezanoni.com.br\/2019\/wp-json\/wp\/v2\/media?parent=33152"}],"wp:term":[{"taxonomy":"category","embeddable":true,"href":"https:\/\/jorgezanoni.com.br\/2019\/wp-json\/wp\/v2\/categories?post=33152"},{"taxonomy":"post_tag","embeddable":true,"href":"https:\/\/jorgezanoni.com.br\/2019\/wp-json\/wp\/v2\/tags?post=33152"}],"curies":[{"name":"wp","href":"https:\/\/api.w.org\/{rel}","templated":true}]}}