{"id":33145,"date":"2020-08-20T00:53:08","date_gmt":"2020-08-20T00:53:08","guid":{"rendered":"https:\/\/jorgezanoni.com.br\/2019\/?p=33145"},"modified":"2020-08-20T00:53:08","modified_gmt":"2020-08-20T00:53:08","slug":"estado-autoriza-funcionamento-de-estabelecimentos-por-8-horas-na-fase-amarela-do-plano-sao-paulo","status":"publish","type":"post","link":"https:\/\/jorgezanoni.com.br\/2019\/estado-autoriza-funcionamento-de-estabelecimentos-por-8-horas-na-fase-amarela-do-plano-sao-paulo\/","title":{"rendered":"Estado autoriza funcionamento de estabelecimentos por 8 horas na fase amarela do Plano S\u00e3o Paulo"},"content":{"rendered":"<h2 class=\"subtitulo\" style=\"text-align: justify;\"><strong>Amplia\u00e7\u00e3o de seis para oito horas di\u00e1rias passa a ser v\u00e1lida a partir de sexta-feira (21).<\/strong><\/h2>\n<p style=\"font-weight: 400; text-align: justify;\">O vice-governador e secret\u00e1rio de governo, Rodrigo Garcia, anunciou nesta quarta-feira (19) autoriza\u00e7\u00e3o para que todas as atividades permitidas na fase amarela do Plano S\u00e3o Paulo possam funcionar por oito horas di\u00e1rias em estabelecimentos comerciais e de servi\u00e7o. At\u00e9 ent\u00e3o, eram permitidas seis horas di\u00e1rias.<\/p>\n<p style=\"font-weight: 400; text-align: justify;\">&#8220;Este aperfei\u00e7oamento foi aprovado pelo Centro de Conting\u00eancia. Mesmo com essa autoriza\u00e7\u00e3o feita atrav\u00e9s de decreto do Governo de S\u00e3o Paulo, os prefeitos t\u00eam autonomia para aplicar a medida e decidir se a mudan\u00e7a ser\u00e1 adotada e em que momento deve ser adotada em suas cidades&#8221;, disse Garcia.<\/p>\n<p style=\"font-weight: 400; text-align: justify;\">A medida passa a valer a partir de sexta-feira (21) e \u00e9 v\u00e1lida para todos os setores, como shoppings, com\u00e9rcio, servi\u00e7o, sal\u00f5es de beleza e barbearia, restaurantes e similares, academias, conven\u00e7\u00f5es e atividades culturais. Os empres\u00e1rios poder\u00e3o escolher se adotam uma jornada cont\u00ednua ou fracionada, respeitando o limite de oito horas di\u00e1rias.<\/p>\n<p style=\"font-weight: 400; text-align: justify;\">O consumo local nos restaurantes e similares continua permitido apenas em ambientes arejados ou ao ar livre, com obrigatoriedade de assentos. N\u00e3o ser\u00e1 permitido que os clientes fiquem em p\u00e9, para evitar aglomera\u00e7\u00f5es.<\/p>\n<p style=\"font-weight: 400; text-align: justify;\">A ocupa\u00e7\u00e3o m\u00e1xima deve ser de 40% da capacidade dos assentos e o fechamento precisa ocorrer at\u00e9 as 22h, com ado\u00e7\u00e3o dos protocolos geral e espec\u00edficos para o setor. Funcion\u00e1rios e clientes devem usar m\u00e1scara em todos os ambientes, tirando apenas no momento da refei\u00e7\u00e3o.<\/p>\n<p style=\"font-weight: 400; text-align: justify;\">Outra atualiza\u00e7\u00e3o do Plano S\u00e3o Paulo definiu um novo hor\u00e1rio para atendimento presencial em restaurantes e similares na fase verde. Assim como na fase amarela (ap\u00f3s 14 dias de perman\u00eancia da regi\u00e3o), os estabelecimentos poder\u00e3o oferecer consumo local at\u00e9 as 22 horas tamb\u00e9m na fase quatro.<\/p>\n<p style=\"font-weight: 400; text-align: justify;\">As informa\u00e7\u00f5es apresentadas na coletiva de hoje podem consultadas\u00a0<a href=\"https:\/\/www.saopaulo.sp.gov.br\/wp-content\/uploads\/2020\/08\/apresentacao-coletiva-19082020.pdf\"><b><strong>aqui<\/strong><\/b><\/a>.<\/p>\n<p style=\"text-align: justify;\">Fonte: Governo de SP<\/p>\n","protected":false},"excerpt":{"rendered":"<p>Amplia\u00e7\u00e3o de seis para oito horas di\u00e1rias passa a ser v\u00e1lida a partir de sexta-feira (21). O vice-governador e secret\u00e1rio de governo, Rodrigo Garcia, anunciou nesta quarta-feira (19) autoriza\u00e7\u00e3o para que todas as atividades permitidas na fase amarela do Plano S\u00e3o Paulo possam funcionar por oito horas di\u00e1rias em estabelecimentos comerciais e de servi\u00e7o. At\u00e9 [&hellip;]<\/p>\n","protected":false},"author":1,"featured_media":33146,"comment_status":"closed","ping_status":"open","sticky":false,"template":"","format":"standard","meta":{"footnotes":""},"categories":[110,2],"tags":[],"class_list":["post-33145","post","type-post","status-publish","format-standard","has-post-thumbnail","hentry","category-noticiasdestaque","category-policial"],"_links":{"self":[{"href":"https:\/\/jorgezanoni.com.br\/2019\/wp-json\/wp\/v2\/posts\/33145","targetHints":{"allow":["GET"]}}],"collection":[{"href":"https:\/\/jorgezanoni.com.br\/2019\/wp-json\/wp\/v2\/posts"}],"about":[{"href":"https:\/\/jorgezanoni.com.br\/2019\/wp-json\/wp\/v2\/types\/post"}],"author":[{"embeddable":true,"href":"https:\/\/jorgezanoni.com.br\/2019\/wp-json\/wp\/v2\/users\/1"}],"replies":[{"embeddable":true,"href":"https:\/\/jorgezanoni.com.br\/2019\/wp-json\/wp\/v2\/comments?post=33145"}],"version-history":[{"count":0,"href":"https:\/\/jorgezanoni.com.br\/2019\/wp-json\/wp\/v2\/posts\/33145\/revisions"}],"wp:featuredmedia":[{"embeddable":true,"href":"https:\/\/jorgezanoni.com.br\/2019\/wp-json\/wp\/v2\/media\/33146"}],"wp:attachment":[{"href":"https:\/\/jorgezanoni.com.br\/2019\/wp-json\/wp\/v2\/media?parent=33145"}],"wp:term":[{"taxonomy":"category","embeddable":true,"href":"https:\/\/jorgezanoni.com.br\/2019\/wp-json\/wp\/v2\/categories?post=33145"},{"taxonomy":"post_tag","embeddable":true,"href":"https:\/\/jorgezanoni.com.br\/2019\/wp-json\/wp\/v2\/tags?post=33145"}],"curies":[{"name":"wp","href":"https:\/\/api.w.org\/{rel}","templated":true}]}}