{"id":33141,"date":"2020-08-20T00:15:19","date_gmt":"2020-08-20T00:15:19","guid":{"rendered":"https:\/\/jorgezanoni.com.br\/2019\/?p=33141"},"modified":"2020-08-20T00:15:19","modified_gmt":"2020-08-20T00:15:19","slug":"carreta-com-placas-de-dracena-se-envolve-em-acidente-na-sp-294-em-tupa","status":"publish","type":"post","link":"https:\/\/jorgezanoni.com.br\/2019\/carreta-com-placas-de-dracena-se-envolve-em-acidente-na-sp-294-em-tupa\/","title":{"rendered":"Carreta com placas de Dracena se envolve em acidente na SP-294, em Tup\u00e3"},"content":{"rendered":"<p style=\"text-align: justify;\">Um acidente envolvendo uma carreta Scania, placas de Dracena, foi registrado na Rodovia Comandante Jo\u00e3o Ribeiro de Barros (SP-294), altura do munic\u00edpio de Tup\u00e3, na noite dessa segunda-feira, dia 17. A ocorr\u00eancia foi registrada pela Pol\u00edcia Rodovi\u00e1ria de Tup\u00e3, equipe do cabo L\u00e1 Serra e cabo Portela, que receberam apoio cabo Mois\u00e9s e cabo Viggian.<\/p>\n<p>Segundo informa\u00e7\u00f5es, por volta das 22 horas de segunda-feira, a carreta transitava pela rodovia no sentido Hercul\u00e2ndia &#8211; Iacri. Na altura do quil\u00f4metro 532, por motivos a serem esclarecidos, a carreta, que tracionava uma bitrem, atravessou a pista e foi para as margens do acostamento da rodovia. Consta ainda que o condutor n\u00e3o sofreu ferimentos.<\/p>\n<p><img loading=\"lazy\" decoding=\"async\" class=\"alignnone size-full wp-image-33143\" src=\"https:\/\/jorgezanoni.com.br\/2019\/wp-content\/uploads\/2020\/08\/tupa1.jpg\" alt=\"\" width=\"800\" height=\"515\" srcset=\"https:\/\/jorgezanoni.com.br\/2019\/wp-content\/uploads\/2020\/08\/tupa1.jpg 800w, https:\/\/jorgezanoni.com.br\/2019\/wp-content\/uploads\/2020\/08\/tupa1-300x193.jpg 300w, https:\/\/jorgezanoni.com.br\/2019\/wp-content\/uploads\/2020\/08\/tupa1-768x494.jpg 768w, https:\/\/jorgezanoni.com.br\/2019\/wp-content\/uploads\/2020\/08\/tupa1-696x448.jpg 696w, https:\/\/jorgezanoni.com.br\/2019\/wp-content\/uploads\/2020\/08\/tupa1-652x420.jpg 652w\" sizes=\"auto, (max-width: 800px) 100vw, 800px\" \/><\/p>\n<p style=\"text-align: justify;\">Fonte: Bastos j\u00e1<\/p>\n","protected":false},"excerpt":{"rendered":"<p>Um acidente envolvendo uma carreta Scania, placas de Dracena, foi registrado na Rodovia Comandante Jo\u00e3o Ribeiro de Barros (SP-294), altura do munic\u00edpio de Tup\u00e3, na noite dessa segunda-feira, dia 17. A ocorr\u00eancia foi registrada pela Pol\u00edcia Rodovi\u00e1ria de Tup\u00e3, equipe do cabo L\u00e1 Serra e cabo Portela, que receberam apoio cabo Mois\u00e9s e cabo Viggian. [&hellip;]<\/p>\n","protected":false},"author":1,"featured_media":33142,"comment_status":"closed","ping_status":"open","sticky":false,"template":"","format":"standard","meta":{"footnotes":""},"categories":[170,110],"tags":[],"class_list":["post-33141","post","type-post","status-publish","format-standard","has-post-thumbnail","hentry","category-acidentes","category-noticiasdestaque"],"_links":{"self":[{"href":"https:\/\/jorgezanoni.com.br\/2019\/wp-json\/wp\/v2\/posts\/33141","targetHints":{"allow":["GET"]}}],"collection":[{"href":"https:\/\/jorgezanoni.com.br\/2019\/wp-json\/wp\/v2\/posts"}],"about":[{"href":"https:\/\/jorgezanoni.com.br\/2019\/wp-json\/wp\/v2\/types\/post"}],"author":[{"embeddable":true,"href":"https:\/\/jorgezanoni.com.br\/2019\/wp-json\/wp\/v2\/users\/1"}],"replies":[{"embeddable":true,"href":"https:\/\/jorgezanoni.com.br\/2019\/wp-json\/wp\/v2\/comments?post=33141"}],"version-history":[{"count":0,"href":"https:\/\/jorgezanoni.com.br\/2019\/wp-json\/wp\/v2\/posts\/33141\/revisions"}],"wp:featuredmedia":[{"embeddable":true,"href":"https:\/\/jorgezanoni.com.br\/2019\/wp-json\/wp\/v2\/media\/33142"}],"wp:attachment":[{"href":"https:\/\/jorgezanoni.com.br\/2019\/wp-json\/wp\/v2\/media?parent=33141"}],"wp:term":[{"taxonomy":"category","embeddable":true,"href":"https:\/\/jorgezanoni.com.br\/2019\/wp-json\/wp\/v2\/categories?post=33141"},{"taxonomy":"post_tag","embeddable":true,"href":"https:\/\/jorgezanoni.com.br\/2019\/wp-json\/wp\/v2\/tags?post=33141"}],"curies":[{"name":"wp","href":"https:\/\/api.w.org\/{rel}","templated":true}]}}