{"id":3314,"date":"2019-08-09T16:01:56","date_gmt":"2019-08-09T16:01:56","guid":{"rendered":"https:\/\/jorgezanoni.com.br\/2019\/?p=3314"},"modified":"2019-08-09T16:01:56","modified_gmt":"2019-08-09T16:01:56","slug":"alunos-da-emefi-joao-milan-participam-da-atividade-agente-por-um-dia-com-a-vigilancia-epidemiologica","status":"publish","type":"post","link":"https:\/\/jorgezanoni.com.br\/2019\/alunos-da-emefi-joao-milan-participam-da-atividade-agente-por-um-dia-com-a-vigilancia-epidemiologica\/","title":{"rendered":"Alunos da EMEFI Jo\u00e3o Milan participam da atividade &#8220;Agente Por Um Dia&#8221; com a Vigil\u00e2ncia Epidemiol\u00f3gica"},"content":{"rendered":"<p style=\"text-align: justify;\">Na manh\u00e3 desta quinta-feira (08), a Secretaria Municipal de Sa\u00fade e Higiene P\u00fablica de Dracena, por meio da Vigil\u00e2ncia Epidemiol\u00f3gica, em parceira com a Secretaria de Educa\u00e7\u00e3o, realizou a atividade &#8220;Agente Por Um Dia&#8221;, com os alunos da EMEFI Ver. Jo\u00e3o Milan Barbosa.<\/p>\n<p style=\"text-align: justify;\">Na oportunidade, as crian\u00e7as acompanharam os Agentes de Controle de Vetores da Prefeitura em visitas nas resid\u00eancias do Bairro Em\u00edlio Zanatta e conheceram o dia-a-dia de trabalho da Vigil\u00e2ncia Epidemiol\u00f3gica.<\/p>\n<p style=\"text-align: justify;\">De acordo com a Chefe de Informa\u00e7\u00e3o, Educa\u00e7\u00e3o e Informa\u00e7\u00e3o da Vigil\u00e2ncia, Aline Andrade, com a a\u00e7\u00e3o, os alunos podem colocar em pr\u00e1tica o que aprenderam durante as orienta\u00e7\u00f5es na escola, como orientar os moradores a manter o quintal limpo e livre de criadouros do mosquito palha e do Aedes Aegypti.<\/p>\n<p><img loading=\"lazy\" decoding=\"async\" class=\"alignnone size-full wp-image-3315\" src=\"https:\/\/jorgezanoni.com.br\/2019\/wp-content\/uploads\/2019\/08\/alu.jpg\" alt=\"\" width=\"180\" height=\"240\" \/> <img loading=\"lazy\" decoding=\"async\" class=\"alignnone size-full wp-image-3319\" src=\"https:\/\/jorgezanoni.com.br\/2019\/wp-content\/uploads\/2019\/08\/alu5.jpg\" alt=\"\" width=\"180\" height=\"240\" \/> <img loading=\"lazy\" decoding=\"async\" class=\"alignnone size-full wp-image-3320\" src=\"https:\/\/jorgezanoni.com.br\/2019\/wp-content\/uploads\/2019\/08\/alu6.jpg\" alt=\"\" width=\"180\" height=\"240\" \/> <img loading=\"lazy\" decoding=\"async\" class=\"alignnone size-full wp-image-3321\" src=\"https:\/\/jorgezanoni.com.br\/2019\/wp-content\/uploads\/2019\/08\/alu7.jpg\" alt=\"\" width=\"240\" height=\"180\" srcset=\"https:\/\/jorgezanoni.com.br\/2019\/wp-content\/uploads\/2019\/08\/alu7.jpg 240w, https:\/\/jorgezanoni.com.br\/2019\/wp-content\/uploads\/2019\/08\/alu7-80x60.jpg 80w\" sizes=\"auto, (max-width: 240px) 100vw, 240px\" \/><img loading=\"lazy\" decoding=\"async\" class=\"alignnone size-full wp-image-3316\" src=\"https:\/\/jorgezanoni.com.br\/2019\/wp-content\/uploads\/2019\/08\/alu1.jpg\" alt=\"\" width=\"180\" height=\"240\" \/> <img loading=\"lazy\" decoding=\"async\" class=\"alignnone size-full wp-image-3317\" src=\"https:\/\/jorgezanoni.com.br\/2019\/wp-content\/uploads\/2019\/08\/alu2.jpg\" alt=\"\" width=\"180\" height=\"240\" \/> <img loading=\"lazy\" decoding=\"async\" class=\"alignnone size-full wp-image-3318\" src=\"https:\/\/jorgezanoni.com.br\/2019\/wp-content\/uploads\/2019\/08\/alu3.jpg\" alt=\"\" width=\"240\" height=\"180\" srcset=\"https:\/\/jorgezanoni.com.br\/2019\/wp-content\/uploads\/2019\/08\/alu3.jpg 240w, https:\/\/jorgezanoni.com.br\/2019\/wp-content\/uploads\/2019\/08\/alu3-80x60.jpg 80w\" sizes=\"auto, (max-width: 240px) 100vw, 240px\" \/><\/p>\n<p style=\"text-align: justify;\">Fonte: Diretoria de Comunica\u00e7\u00e3o<\/p>\n","protected":false},"excerpt":{"rendered":"<p>Na manh\u00e3 desta quinta-feira (08), a Secretaria Municipal de Sa\u00fade e Higiene P\u00fablica de Dracena, por meio da Vigil\u00e2ncia Epidemiol\u00f3gica, em parceira com a Secretaria de Educa\u00e7\u00e3o, realizou a atividade &#8220;Agente Por Um Dia&#8221;, com os alunos da EMEFI Ver. Jo\u00e3o Milan Barbosa. Na oportunidade, as crian\u00e7as acompanharam os Agentes de Controle de Vetores da [&hellip;]<\/p>\n","protected":false},"author":1,"featured_media":3322,"comment_status":"closed","ping_status":"open","sticky":false,"template":"","format":"standard","meta":{"footnotes":""},"categories":[122],"tags":[],"class_list":["post-3314","post","type-post","status-publish","format-standard","has-post-thumbnail","hentry","category-saudeeducacaoeconcurso"],"_links":{"self":[{"href":"https:\/\/jorgezanoni.com.br\/2019\/wp-json\/wp\/v2\/posts\/3314","targetHints":{"allow":["GET"]}}],"collection":[{"href":"https:\/\/jorgezanoni.com.br\/2019\/wp-json\/wp\/v2\/posts"}],"about":[{"href":"https:\/\/jorgezanoni.com.br\/2019\/wp-json\/wp\/v2\/types\/post"}],"author":[{"embeddable":true,"href":"https:\/\/jorgezanoni.com.br\/2019\/wp-json\/wp\/v2\/users\/1"}],"replies":[{"embeddable":true,"href":"https:\/\/jorgezanoni.com.br\/2019\/wp-json\/wp\/v2\/comments?post=3314"}],"version-history":[{"count":0,"href":"https:\/\/jorgezanoni.com.br\/2019\/wp-json\/wp\/v2\/posts\/3314\/revisions"}],"wp:featuredmedia":[{"embeddable":true,"href":"https:\/\/jorgezanoni.com.br\/2019\/wp-json\/wp\/v2\/media\/3322"}],"wp:attachment":[{"href":"https:\/\/jorgezanoni.com.br\/2019\/wp-json\/wp\/v2\/media?parent=3314"}],"wp:term":[{"taxonomy":"category","embeddable":true,"href":"https:\/\/jorgezanoni.com.br\/2019\/wp-json\/wp\/v2\/categories?post=3314"},{"taxonomy":"post_tag","embeddable":true,"href":"https:\/\/jorgezanoni.com.br\/2019\/wp-json\/wp\/v2\/tags?post=3314"}],"curies":[{"name":"wp","href":"https:\/\/api.w.org\/{rel}","templated":true}]}}