{"id":33138,"date":"2020-08-19T23:56:30","date_gmt":"2020-08-19T23:56:30","guid":{"rendered":"https:\/\/jorgezanoni.com.br\/2019\/?p=33138"},"modified":"2020-08-19T23:56:30","modified_gmt":"2020-08-19T23:56:30","slug":"anel-rodoviario-tem-acidente-com-20-veiculos-em-bh-e-ninguem-fica-ferido","status":"publish","type":"post","link":"https:\/\/jorgezanoni.com.br\/2019\/anel-rodoviario-tem-acidente-com-20-veiculos-em-bh-e-ninguem-fica-ferido\/","title":{"rendered":"Anel Rodovi\u00e1rio tem acidente com 20 ve\u00edculos, em BH, e ningu\u00e9m fica ferido"},"content":{"rendered":"<h2 class=\"content-head__subtitle\" style=\"text-align: justify;\"><strong>Batida aconteceu no bairro Bet\u00e2nia, Regi\u00e3o Oeste da capital.<\/strong><\/h2>\n<div class=\"mc-column content-text active-extra-styles \" data-block-type=\"unstyled\" data-block-weight=\"41\" data-block-id=\"2\">\n<p class=\"content-text__container \" style=\"text-align: justify;\" data-track-category=\"Link no Texto\" data-track-links=\"\"><span class=\"highlight highlighted\">Vinte ve\u00edculos, incluindo uma carreta e dois caminh\u00f5es, se envolveram em um acidente no Anel Rodovi\u00e1rio<\/span>, na altura do km 537, no bairro Bet\u00e2nia, no sentido Vit\u00f3ria, em Belo Horizonte. A ocorr\u00eancia foi por volta de 16h desta quarta-feira (19).<\/p>\n<\/div>\n<div class=\"wall protected-content\">\n<div class=\"mc-column content-text active-extra-styles \" style=\"text-align: justify;\" data-block-type=\"unstyled\" data-block-weight=\"16\" data-block-id=\"3\">\n<p class=\"content-text__container \" data-track-category=\"Link no Texto\" data-track-links=\"\">Segundo o Corpo de Bombeiros, apesar de haver tantos ve\u00edculos envolvidos no acidente,\u00a0<span class=\"highlight highlighted\">ningu\u00e9m se feriu<\/span>.<\/p>\n<\/div>\n<div class=\"mc-column content-text active-extra-styles \" style=\"text-align: justify;\" data-block-type=\"unstyled\" data-block-weight=\"22\" data-block-id=\"4\">\n<p class=\"content-text__container \" data-track-category=\"Link no Texto\" data-track-links=\"\">Inicialmente, o Corpo de Bombeiros havia dito que eram 14 ve\u00edculos envolvidos no acidente. \u00c0s 17h17 a informa\u00e7\u00e3o foi atualizada pela corpora\u00e7\u00e3o.<\/p>\n<\/div>\n<div class=\"row medium-uncollapsed content-media content-photo\" style=\"text-align: justify;\" data-block-type=\"backstage-photo\" data-block-id=\"5\">\n<div class=\"column medium-22 large-20 medium-centered content-media__container\">\n<figure><img decoding=\"async\" class=\"i-amphtml-fill-content i-amphtml-replaced-content\" src=\"https:\/\/s2.glbimg.com\/J-jY148RDFX5HktD_xYR6lztf1s=\/0x0:1280x720\/1008x0\/smart\/filters:strip_icc()\/i.s3.glbimg.com\/v1\/AUTH_59edd422c0c84a879bd37670ae4f538a\/internal_photos\/bs\/2020\/d\/c\/fef5iFQTeMQyCsAMmFTQ\/whatsapp-image-2020-08-19-at-16.45.55.jpeg\" srcset=\"\" alt=\"Acidente aconteceu no Anel Rodovi\u00e1rio, altura no bairro Bet\u00e2nia, no sentido Vit\u00f3ria. \u2014 Foto: Carlos Eduardo Alvim\/TV Globo\" \/><\/figure>\n<p class=\"content-media__description \">Acidente aconteceu no Anel Rodovi\u00e1rio, altura no bairro Bet\u00e2nia, no sentido Vit\u00f3ria. \u2014 Foto: Carlos Eduardo Alvim\/TV Globo<\/p>\n<\/div>\n<\/div>\n<div class=\"mc-column content-text active-extra-styles \" data-block-type=\"unstyled\" data-block-weight=\"35\" data-block-id=\"6\">\n<p class=\"content-text__container \" style=\"text-align: justify;\" data-track-category=\"Link no Texto\" data-track-links=\"\">Testemunhas contaram aos militares que, antes do acidente, as lonas de freio da carreta estavam em chamas. Por isso, eles acreditam que o motorista da carreta tenha perdido o controle do ve\u00edculo, acarretando as batidas.<\/p>\n<p style=\"text-align: justify;\" data-track-category=\"Link no Texto\" data-track-links=\"\">Ainda, segundo informa\u00e7\u00f5es dos bombeiros, a carreta que causou a batida transportava \u00f3leo lubrificante, que derramou pela pista.\u00a0<span class=\"highlight highlighted\">Um dos caminh\u00f5es fazia transporte de l\u00edquido infl\u00e1vel<\/span>, e o segundo estava vazio. Os demais ve\u00edculos eram carros de passeio.<\/p>\n<div class=\"mc-column content-text active-extra-styles \" style=\"text-align: justify;\" data-block-type=\"unstyled\" data-block-weight=\"35\" data-block-id=\"10\">\n<p class=\"content-text__container \" data-track-category=\"Link no Texto\" data-track-links=\"\">O tr\u00e2nsito ficou complicado na regi\u00e3o. \u00c0s 17h,\u00a0<span class=\"highlight highlighted\">havia 6 km de engarrafamento<\/span>, segundo a Via-040, concession\u00e1ria respons\u00e1vel pelo trecho. Os bombeiros tiveram que fazer a limpeza da pista, por causa do derramamento de \u00f3leo.<\/p>\n<\/div>\n<div class=\"mc-column content-text active-extra-styles\" style=\"text-align: justify;\" data-block-type=\"raw\" data-block-weight=\"2\" data-block-id=\"11\">\n<div class=\"content-intertitle\">\n<h2>Veja fotos:<\/h2>\n<\/div>\n<\/div>\n<div class=\"row medium-uncollapsed content-media content-photo\" style=\"text-align: justify;\" data-block-type=\"backstage-photo\" data-block-id=\"12\">\n<div class=\"mc-column content-media__container\">\n<figure><img decoding=\"async\" class=\"i-amphtml-fill-content i-amphtml-replaced-content\" src=\"https:\/\/s2.glbimg.com\/KxCVxiDcEzpI64pNmRlLmzQUxUs=\/0x0:1280x720\/984x0\/smart\/filters:strip_icc()\/i.s3.glbimg.com\/v1\/AUTH_59edd422c0c84a879bd37670ae4f538a\/internal_photos\/bs\/2020\/W\/l\/PUV11yRHKEUGc8BTa0ig\/whatsapp-image-2020-08-19-at-16.45.54.jpeg\" sizes=\"(max-width: 1242px) 648px, 100vw\" srcset=\"https:\/\/s2.glbimg.com\/TaYEALv2uLZzYLOBulAAuXtUzwY=\/0x0:1280x720\/1000x0\/smart\/filters:strip_icc()\/i.s3.glbimg.com\/v1\/AUTH_59edd422c0c84a879bd37670ae4f538a\/internal_photos\/bs\/2020\/W\/l\/PUV11yRHKEUGc8BTa0ig\/whatsapp-image-2020-08-19-at-16.45.54.jpeg 1000w, https:\/\/s2.glbimg.com\/KxCVxiDcEzpI64pNmRlLmzQUxUs=\/0x0:1280x720\/984x0\/smart\/filters:strip_icc()\/i.s3.glbimg.com\/v1\/AUTH_59edd422c0c84a879bd37670ae4f538a\/internal_photos\/bs\/2020\/W\/l\/PUV11yRHKEUGc8BTa0ig\/whatsapp-image-2020-08-19-at-16.45.54.jpeg 984w, https:\/\/s2.glbimg.com\/VSRpiU0aCSU25X3Dfmrgk6h1nc0=\/0x0:1280x720\/640x0\/smart\/filters:strip_icc()\/i.s3.glbimg.com\/v1\/AUTH_59edd422c0c84a879bd37670ae4f538a\/internal_photos\/bs\/2020\/W\/l\/PUV11yRHKEUGc8BTa0ig\/whatsapp-image-2020-08-19-at-16.45.54.jpeg 640w, https:\/\/s2.glbimg.com\/1tcriTHi2l7GKCj8vE-XJVHtydM=\/0x0:1280x720\/600x0\/smart\/filters:strip_icc()\/i.s3.glbimg.com\/v1\/AUTH_59edd422c0c84a879bd37670ae4f538a\/internal_photos\/bs\/2020\/W\/l\/PUV11yRHKEUGc8BTa0ig\/whatsapp-image-2020-08-19-at-16.45.54.jpeg 600w\" alt=\"Segundo Corpo de Bombeiros, ningu\u00e9m ficou ferido. \u2014 Foto: Carlos Eduardo Alvim\/TV Globo\" \/><\/figure>\n<p class=\"content-media__description \">Segundo Corpo de Bombeiros, ningu\u00e9m ficou ferido. \u2014 Foto: Carlos Eduardo Alvim\/TV Globo<\/p>\n<\/div>\n<\/div>\n<div class=\"row medium-uncollapsed content-media content-photo\" style=\"text-align: justify;\" data-block-type=\"backstage-photo\" data-block-id=\"13\">\n<div class=\"mc-column content-media__container\">\n<figure><img decoding=\"async\" class=\"i-amphtml-fill-content i-amphtml-replaced-content\" src=\"https:\/\/s2.glbimg.com\/mQ4wS32rnj5oWqWdLShh4SqLMOU=\/0x0:1280x720\/984x0\/smart\/filters:strip_icc()\/i.s3.glbimg.com\/v1\/AUTH_59edd422c0c84a879bd37670ae4f538a\/internal_photos\/bs\/2020\/f\/j\/lYjvZ5Q2itU9L1GsFlAw\/whatsapp-image-2020-08-19-at-16.46.19-1-.jpeg\" sizes=\"(max-width: 1242px) 648px, 100vw\" srcset=\"https:\/\/s2.glbimg.com\/RaPnPqUJUXCTB9SeFRYPPXSbqRc=\/0x0:1280x720\/1000x0\/smart\/filters:strip_icc()\/i.s3.glbimg.com\/v1\/AUTH_59edd422c0c84a879bd37670ae4f538a\/internal_photos\/bs\/2020\/f\/j\/lYjvZ5Q2itU9L1GsFlAw\/whatsapp-image-2020-08-19-at-16.46.19-1-.jpeg 1000w, https:\/\/s2.glbimg.com\/mQ4wS32rnj5oWqWdLShh4SqLMOU=\/0x0:1280x720\/984x0\/smart\/filters:strip_icc()\/i.s3.glbimg.com\/v1\/AUTH_59edd422c0c84a879bd37670ae4f538a\/internal_photos\/bs\/2020\/f\/j\/lYjvZ5Q2itU9L1GsFlAw\/whatsapp-image-2020-08-19-at-16.46.19-1-.jpeg 984w, https:\/\/s2.glbimg.com\/apAkTv9tNXXn9HlgRDHBkSWgO48=\/0x0:1280x720\/640x0\/smart\/filters:strip_icc()\/i.s3.glbimg.com\/v1\/AUTH_59edd422c0c84a879bd37670ae4f538a\/internal_photos\/bs\/2020\/f\/j\/lYjvZ5Q2itU9L1GsFlAw\/whatsapp-image-2020-08-19-at-16.46.19-1-.jpeg 640w, https:\/\/s2.glbimg.com\/4lRqGHhC9Zn6ryOI6O4eABHnLbY=\/0x0:1280x720\/600x0\/smart\/filters:strip_icc()\/i.s3.glbimg.com\/v1\/AUTH_59edd422c0c84a879bd37670ae4f538a\/internal_photos\/bs\/2020\/f\/j\/lYjvZ5Q2itU9L1GsFlAw\/whatsapp-image-2020-08-19-at-16.46.19-1-.jpeg 600w\" alt=\"Bombeiros acreditam que carreta tenha perdido controle da dire\u00e7\u00e3o na descida da rodovia. \u2014 Foto: Carlos Eduardo Alvim\/TV Globo\" \/><\/figure>\n<p class=\"content-media__description \">Bombeiros acreditam que carreta tenha perdido controle da dire\u00e7\u00e3o na descida da rodovia. \u2014 Foto: Carlos Eduardo Alvim\/TV Globo<\/p>\n<\/div>\n<\/div>\n<div class=\"content-ads content-ads--reveal\" style=\"text-align: justify;\" data-block-type=\"ads\" data-block-id=\"14\"><\/div>\n<div class=\"row medium-uncollapsed content-media content-photo\" style=\"text-align: justify;\" data-block-type=\"backstage-photo\" data-block-id=\"15\">\n<div class=\"mc-column content-media__container\">\n<figure><img decoding=\"async\" class=\"i-amphtml-fill-content i-amphtml-replaced-content\" src=\"https:\/\/s2.glbimg.com\/VhyUAKGEa4zStnlm4jYrIH2f4nA=\/0x0:1280x720\/984x0\/smart\/filters:strip_icc()\/i.s3.glbimg.com\/v1\/AUTH_59edd422c0c84a879bd37670ae4f538a\/internal_photos\/bs\/2020\/q\/h\/AwfEBQSay6N21SZouLzQ\/whatsapp-image-2020-08-19-at-16.53.33.jpeg\" sizes=\"(max-width: 1242px) 648px, 100vw\" srcset=\"https:\/\/s2.glbimg.com\/BUSabnetU4OZjC6QLY3G5MIOfoo=\/0x0:1280x720\/1000x0\/smart\/filters:strip_icc()\/i.s3.glbimg.com\/v1\/AUTH_59edd422c0c84a879bd37670ae4f538a\/internal_photos\/bs\/2020\/q\/h\/AwfEBQSay6N21SZouLzQ\/whatsapp-image-2020-08-19-at-16.53.33.jpeg 1000w, https:\/\/s2.glbimg.com\/VhyUAKGEa4zStnlm4jYrIH2f4nA=\/0x0:1280x720\/984x0\/smart\/filters:strip_icc()\/i.s3.glbimg.com\/v1\/AUTH_59edd422c0c84a879bd37670ae4f538a\/internal_photos\/bs\/2020\/q\/h\/AwfEBQSay6N21SZouLzQ\/whatsapp-image-2020-08-19-at-16.53.33.jpeg 984w, https:\/\/s2.glbimg.com\/68QvdS4XdmK8N0u6U_5kEm9GJ5s=\/0x0:1280x720\/640x0\/smart\/filters:strip_icc()\/i.s3.glbimg.com\/v1\/AUTH_59edd422c0c84a879bd37670ae4f538a\/internal_photos\/bs\/2020\/q\/h\/AwfEBQSay6N21SZouLzQ\/whatsapp-image-2020-08-19-at-16.53.33.jpeg 640w, https:\/\/s2.glbimg.com\/MRLZsJS-sXCO5PgqwF3ETsQvHnE=\/0x0:1280x720\/600x0\/smart\/filters:strip_icc()\/i.s3.glbimg.com\/v1\/AUTH_59edd422c0c84a879bd37670ae4f538a\/internal_photos\/bs\/2020\/q\/h\/AwfEBQSay6N21SZouLzQ\/whatsapp-image-2020-08-19-at-16.53.33.jpeg 600w\" alt=\"Agentes da BHTrans e da Via 040 tamb\u00e9m atuam no local.  \u2014 Foto: Carlos Eduardo Alvim\/TV Globo\" \/><\/figure>\n<p class=\"content-media__description \">Agentes da BHTrans e da Via 040 tamb\u00e9m atuam no local. \u2014 Foto: Carlos Eduardo Alvim\/TV Globo<\/p>\n<\/div>\n<\/div>\n<div class=\"row medium-uncollapsed content-media content-photo\" style=\"text-align: justify;\" data-block-type=\"backstage-photo\" data-block-id=\"16\">\n<div class=\"mc-column content-media__container\">\n<figure><img decoding=\"async\" class=\"i-amphtml-fill-content i-amphtml-replaced-content\" src=\"https:\/\/s2.glbimg.com\/3mw2rWOaT40Z837I97xY9mI451A=\/0x0:1280x720\/984x0\/smart\/filters:strip_icc()\/i.s3.glbimg.com\/v1\/AUTH_59edd422c0c84a879bd37670ae4f538a\/internal_photos\/bs\/2020\/L\/D\/HGDZpgTkKmpOW24WABCg\/whatsapp-image-2020-08-19-at-17.02.51.jpeg\" sizes=\"(max-width: 1242px) 648px, 100vw\" srcset=\"https:\/\/s2.glbimg.com\/0aM83Qed5qJAiZXvlEqfC8TDUE0=\/0x0:1280x720\/1000x0\/smart\/filters:strip_icc()\/i.s3.glbimg.com\/v1\/AUTH_59edd422c0c84a879bd37670ae4f538a\/internal_photos\/bs\/2020\/L\/D\/HGDZpgTkKmpOW24WABCg\/whatsapp-image-2020-08-19-at-17.02.51.jpeg 1000w, https:\/\/s2.glbimg.com\/3mw2rWOaT40Z837I97xY9mI451A=\/0x0:1280x720\/984x0\/smart\/filters:strip_icc()\/i.s3.glbimg.com\/v1\/AUTH_59edd422c0c84a879bd37670ae4f538a\/internal_photos\/bs\/2020\/L\/D\/HGDZpgTkKmpOW24WABCg\/whatsapp-image-2020-08-19-at-17.02.51.jpeg 984w, https:\/\/s2.glbimg.com\/PHc6q5DqszdVvBOVJTeUMXblDPE=\/0x0:1280x720\/640x0\/smart\/filters:strip_icc()\/i.s3.glbimg.com\/v1\/AUTH_59edd422c0c84a879bd37670ae4f538a\/internal_photos\/bs\/2020\/L\/D\/HGDZpgTkKmpOW24WABCg\/whatsapp-image-2020-08-19-at-17.02.51.jpeg 640w, https:\/\/s2.glbimg.com\/tpsdtFmXJSjZK4jUjBEqtVq3GZ8=\/0x0:1280x720\/600x0\/smart\/filters:strip_icc()\/i.s3.glbimg.com\/v1\/AUTH_59edd422c0c84a879bd37670ae4f538a\/internal_photos\/bs\/2020\/L\/D\/HGDZpgTkKmpOW24WABCg\/whatsapp-image-2020-08-19-at-17.02.51.jpeg 600w\" alt=\"At\u00e9 \u00e0s 17h, havia 6 km de engarrafamento, de acordo com a Via-040. \u2014 Foto: Carlos Eduardo Alvim\/TV Globo\" \/><\/figure>\n<p class=\"content-media__description \">At\u00e9 \u00e0s 17h, havia 6 km de engarrafamento, de acordo com a Via-040. \u2014 Foto: Carlos Eduardo Alvim\/TV Globo<\/p>\n<\/div>\n<\/div>\n<div class=\"row medium-uncollapsed content-media content-photo\" data-block-type=\"backstage-photo\" data-block-id=\"17\">\n<div class=\"mc-column content-media__container\">\n<figure style=\"text-align: justify;\"><img decoding=\"async\" class=\"i-amphtml-fill-content i-amphtml-replaced-content\" src=\"https:\/\/s2.glbimg.com\/r-JVqrwUoILAidv7ONvKu6uSbHY=\/0x0:1280x720\/984x0\/smart\/filters:strip_icc()\/i.s3.glbimg.com\/v1\/AUTH_59edd422c0c84a879bd37670ae4f538a\/internal_photos\/bs\/2020\/B\/b\/51B5eTTAWtzrqSOmIDBg\/whatsapp-image-2020-08-19-at-16.47.51.jpeg\" sizes=\"(max-width: 1242px) 648px, 100vw\" srcset=\"https:\/\/s2.glbimg.com\/dwf50bj7Rp_T9jqdBdnjQaqyZ2U=\/0x0:1280x720\/1000x0\/smart\/filters:strip_icc()\/i.s3.glbimg.com\/v1\/AUTH_59edd422c0c84a879bd37670ae4f538a\/internal_photos\/bs\/2020\/B\/b\/51B5eTTAWtzrqSOmIDBg\/whatsapp-image-2020-08-19-at-16.47.51.jpeg 1000w, https:\/\/s2.glbimg.com\/r-JVqrwUoILAidv7ONvKu6uSbHY=\/0x0:1280x720\/984x0\/smart\/filters:strip_icc()\/i.s3.glbimg.com\/v1\/AUTH_59edd422c0c84a879bd37670ae4f538a\/internal_photos\/bs\/2020\/B\/b\/51B5eTTAWtzrqSOmIDBg\/whatsapp-image-2020-08-19-at-16.47.51.jpeg 984w, https:\/\/s2.glbimg.com\/4OT1HV0O5UhqQbBzUTbSsfFTSvw=\/0x0:1280x720\/640x0\/smart\/filters:strip_icc()\/i.s3.glbimg.com\/v1\/AUTH_59edd422c0c84a879bd37670ae4f538a\/internal_photos\/bs\/2020\/B\/b\/51B5eTTAWtzrqSOmIDBg\/whatsapp-image-2020-08-19-at-16.47.51.jpeg 640w, https:\/\/s2.glbimg.com\/5HAgt-hDv4h9HQy9tJ_l2KS40Nk=\/0x0:1280x720\/600x0\/smart\/filters:strip_icc()\/i.s3.glbimg.com\/v1\/AUTH_59edd422c0c84a879bd37670ae4f538a\/internal_photos\/bs\/2020\/B\/b\/51B5eTTAWtzrqSOmIDBg\/whatsapp-image-2020-08-19-at-16.47.51.jpeg 600w\" alt=\"Apesar da quantidade de ve\u00edculos envolvidos, ningu\u00e9m se feriu. \u2014 Foto: Carlos Eduardo Alvim\/TV Globo\" \/><\/figure>\n<p class=\"content-media__description \" style=\"text-align: justify;\">Apesar da quantidade de ve\u00edculos envolvidos, ningu\u00e9m se feriu. \u2014 Foto: Carlos Eduardo Alvim\/TV Globo<\/p>\n<p style=\"text-align: justify;\">https:\/\/g1.globo.com\/mg\/minas-gerais\/noticia\/2020\/08\/19\/anel-rodoviario-tem-acidente-com-14-veiculos-e-ninguem-fica-ferido-veja-fotos.ghtml<\/p>\n<\/div>\n<\/div>\n<\/div>\n<\/div>\n","protected":false},"excerpt":{"rendered":"<p>Batida aconteceu no bairro Bet\u00e2nia, Regi\u00e3o Oeste da capital. Vinte ve\u00edculos, incluindo uma carreta e dois caminh\u00f5es, se envolveram em um acidente no Anel Rodovi\u00e1rio, na altura do km 537, no bairro Bet\u00e2nia, no sentido Vit\u00f3ria, em Belo Horizonte. A ocorr\u00eancia foi por volta de 16h desta quarta-feira (19). Segundo o Corpo de Bombeiros, apesar [&hellip;]<\/p>\n","protected":false},"author":1,"featured_media":33139,"comment_status":"closed","ping_status":"open","sticky":false,"template":"","format":"standard","meta":{"footnotes":""},"categories":[170,110],"tags":[],"class_list":["post-33138","post","type-post","status-publish","format-standard","has-post-thumbnail","hentry","category-acidentes","category-noticiasdestaque"],"_links":{"self":[{"href":"https:\/\/jorgezanoni.com.br\/2019\/wp-json\/wp\/v2\/posts\/33138","targetHints":{"allow":["GET"]}}],"collection":[{"href":"https:\/\/jorgezanoni.com.br\/2019\/wp-json\/wp\/v2\/posts"}],"about":[{"href":"https:\/\/jorgezanoni.com.br\/2019\/wp-json\/wp\/v2\/types\/post"}],"author":[{"embeddable":true,"href":"https:\/\/jorgezanoni.com.br\/2019\/wp-json\/wp\/v2\/users\/1"}],"replies":[{"embeddable":true,"href":"https:\/\/jorgezanoni.com.br\/2019\/wp-json\/wp\/v2\/comments?post=33138"}],"version-history":[{"count":0,"href":"https:\/\/jorgezanoni.com.br\/2019\/wp-json\/wp\/v2\/posts\/33138\/revisions"}],"wp:featuredmedia":[{"embeddable":true,"href":"https:\/\/jorgezanoni.com.br\/2019\/wp-json\/wp\/v2\/media\/33139"}],"wp:attachment":[{"href":"https:\/\/jorgezanoni.com.br\/2019\/wp-json\/wp\/v2\/media?parent=33138"}],"wp:term":[{"taxonomy":"category","embeddable":true,"href":"https:\/\/jorgezanoni.com.br\/2019\/wp-json\/wp\/v2\/categories?post=33138"},{"taxonomy":"post_tag","embeddable":true,"href":"https:\/\/jorgezanoni.com.br\/2019\/wp-json\/wp\/v2\/tags?post=33138"}],"curies":[{"name":"wp","href":"https:\/\/api.w.org\/{rel}","templated":true}]}}