{"id":33135,"date":"2020-08-19T23:33:09","date_gmt":"2020-08-19T23:33:09","guid":{"rendered":"https:\/\/jorgezanoni.com.br\/2019\/?p=33135"},"modified":"2020-08-19T23:33:09","modified_gmt":"2020-08-19T23:33:09","slug":"ruas-recapeadas-em-volta-de-veiculos-abandonados-chamam-atencao-em-rio-preto","status":"publish","type":"post","link":"https:\/\/jorgezanoni.com.br\/2019\/ruas-recapeadas-em-volta-de-veiculos-abandonados-chamam-atencao-em-rio-preto\/","title":{"rendered":"Ruas recapeadas em volta de ve\u00edculos abandonados chamam aten\u00e7\u00e3o em Rio Preto"},"content":{"rendered":"<h2 class=\"content-head__subtitle\" style=\"text-align: justify;\"><strong>Dono do carro morreu e a mulher dele se mudou e levou a chave embora. Prefeitura fez o recape com o ve\u00edculo no local e gerou cena curiosa.<\/strong><\/h2>\n<div class=\"mc-column content-text active-extra-styles \" data-block-type=\"unstyled\" data-block-weight=\"49\" data-block-id=\"2\">\n<p class=\"content-text__container \" style=\"text-align: justify;\" data-track-category=\"Link no Texto\" data-track-links=\"\">O trabalho de recapeamento de ruas em S\u00e3o Jos\u00e9 do Rio Preto (SP) gerou cenas curiosas e chamou a aten\u00e7\u00e3o dos moradores nesta semana. Em dois pontos da cidade o asfalto novo foi colocado em volta de ve\u00edculos que n\u00e3o foram retirados do local para a realiza\u00e7\u00e3o do servi\u00e7o.<\/p>\n<\/div>\n<div class=\"wall protected-content\">\n<div class=\"row medium-uncollapsed content-media content-photo\" data-block-type=\"backstage-photo\" data-block-id=\"3\">\n<div class=\"mc-column content-media__container\">\n<figure style=\"text-align: justify;\"><img decoding=\"async\" class=\"i-amphtml-fill-content i-amphtml-replaced-content\" src=\"https:\/\/s2.glbimg.com\/dS3ENQi7098EdWDX-pcgmnSCTRI=\/0x0:1280x720\/984x0\/smart\/filters:strip_icc()\/i.s3.glbimg.com\/v1\/AUTH_59edd422c0c84a879bd37670ae4f538a\/internal_photos\/bs\/2020\/O\/y\/3Gvz39TEuhWOrSEyCA2g\/carro-0.jpeg\" sizes=\"(max-width: 1242px) 648px, 100vw\" srcset=\"https:\/\/s2.glbimg.com\/bBTmRoqizZDJL-25ixSAVSFM4kk=\/0x0:1280x720\/1000x0\/smart\/filters:strip_icc()\/i.s3.glbimg.com\/v1\/AUTH_59edd422c0c84a879bd37670ae4f538a\/internal_photos\/bs\/2020\/O\/y\/3Gvz39TEuhWOrSEyCA2g\/carro-0.jpeg 1000w, https:\/\/s2.glbimg.com\/dS3ENQi7098EdWDX-pcgmnSCTRI=\/0x0:1280x720\/984x0\/smart\/filters:strip_icc()\/i.s3.glbimg.com\/v1\/AUTH_59edd422c0c84a879bd37670ae4f538a\/internal_photos\/bs\/2020\/O\/y\/3Gvz39TEuhWOrSEyCA2g\/carro-0.jpeg 984w, https:\/\/s2.glbimg.com\/3AyxyxbLpoaZVOyC6ELB5BlI8T8=\/0x0:1280x720\/640x0\/smart\/filters:strip_icc()\/i.s3.glbimg.com\/v1\/AUTH_59edd422c0c84a879bd37670ae4f538a\/internal_photos\/bs\/2020\/O\/y\/3Gvz39TEuhWOrSEyCA2g\/carro-0.jpeg 640w, https:\/\/s2.glbimg.com\/YJB705hQkhEbTyFbtAKmMOSLdU0=\/0x0:1280x720\/600x0\/smart\/filters:strip_icc()\/i.s3.glbimg.com\/v1\/AUTH_59edd422c0c84a879bd37670ae4f538a\/internal_photos\/bs\/2020\/O\/y\/3Gvz39TEuhWOrSEyCA2g\/carro-0.jpeg 600w\" alt=\"Carro era de homem que morreu e mulher se mudou com a chave \u2014 Foto: Monize Poiani\/TV TEM\" \/><\/figure>\n<p class=\"content-media__description \" style=\"text-align: justify;\">Carro era de homem que morreu e mulher se mudou com a chave \u2014 Foto: Monize Poiani\/TV TEM<\/p>\n<div class=\"mc-column content-text active-extra-styles \" style=\"text-align: justify;\" data-block-type=\"unstyled\" data-block-weight=\"43\" data-block-id=\"7\">\n<p class=\"content-text__container \" data-track-category=\"Link no Texto\" data-track-links=\"\">A fam\u00edlia dona da casa na frente da qual o carro est\u00e1 estacionado disse \u00e0\u00a0<strong>TV TEM<\/strong>\u00a0que a mulher do dono do ve\u00edculo se mudou depois da morte dele e levou a chave junto, por isso n\u00e3o \u00e9 poss\u00edvel tir\u00e1-lo de l\u00e1.<\/p>\n<\/div>\n<div class=\"mc-column content-text active-extra-styles \" style=\"text-align: justify;\" data-block-type=\"unstyled\" data-block-weight=\"36\" data-block-id=\"8\">\n<p class=\"content-text__container \" data-track-category=\"Link no Texto\" data-track-links=\"\">A prefeitura Rio Preto disse que o caso \u00e9 excepcional, visto que o dono do ve\u00edculo morreu e que os parentes pr\u00f3ximos n\u00e3o autorizaram a remo\u00e7\u00e3o, o que n\u00e3o poderia impedir a continuidade do servi\u00e7o.<\/p>\n<\/div>\n<div class=\"mc-column content-text active-extra-styles \" style=\"text-align: justify;\" data-block-type=\"unstyled\" data-block-weight=\"33\" data-block-id=\"9\">\n<p class=\"content-text__container \" data-track-category=\"Link no Texto\" data-track-links=\"\">Na manh\u00e3 desta quarta-feira (19), a Guarda Municipal esteve no local, fez a remo\u00e7\u00e3o do ve\u00edculo para a equipe fazer o recapeamento na \u00e1rea que faltava. O carro foi deixado no local.<\/p>\n<\/div>\n<div class=\"row medium-uncollapsed content-media content-photo\" style=\"text-align: justify;\" data-block-type=\"backstage-photo\" data-block-id=\"10\">\n<div class=\"mc-column content-media__container\">\n<figure><img decoding=\"async\" class=\"i-amphtml-fill-content i-amphtml-replaced-content\" src=\"https:\/\/s2.glbimg.com\/HpEnsZVMubNJRflMCpganTcke20=\/0x0:1267x635\/984x0\/smart\/filters:strip_icc()\/i.s3.glbimg.com\/v1\/AUTH_59edd422c0c84a879bd37670ae4f538a\/internal_photos\/bs\/2020\/x\/B\/k5Vo9BTSOMZfXu9FrKxg\/carro-5.jpeg\" sizes=\"(max-width: 1242px) 648px, 100vw\" srcset=\"https:\/\/s2.glbimg.com\/yF3OMnwSwNZLkOKS4iN7x3WQ820=\/0x0:1267x635\/1000x0\/smart\/filters:strip_icc()\/i.s3.glbimg.com\/v1\/AUTH_59edd422c0c84a879bd37670ae4f538a\/internal_photos\/bs\/2020\/x\/B\/k5Vo9BTSOMZfXu9FrKxg\/carro-5.jpeg 1000w, https:\/\/s2.glbimg.com\/HpEnsZVMubNJRflMCpganTcke20=\/0x0:1267x635\/984x0\/smart\/filters:strip_icc()\/i.s3.glbimg.com\/v1\/AUTH_59edd422c0c84a879bd37670ae4f538a\/internal_photos\/bs\/2020\/x\/B\/k5Vo9BTSOMZfXu9FrKxg\/carro-5.jpeg 984w, https:\/\/s2.glbimg.com\/66nZNwbM9qVzAnpERt9L1dWQHJo=\/0x0:1267x635\/640x0\/smart\/filters:strip_icc()\/i.s3.glbimg.com\/v1\/AUTH_59edd422c0c84a879bd37670ae4f538a\/internal_photos\/bs\/2020\/x\/B\/k5Vo9BTSOMZfXu9FrKxg\/carro-5.jpeg 640w, https:\/\/s2.glbimg.com\/mDFu1RHIxFCxiQc6dvhjqqckYnc=\/0x0:1267x635\/600x0\/smart\/filters:strip_icc()\/i.s3.glbimg.com\/v1\/AUTH_59edd422c0c84a879bd37670ae4f538a\/internal_photos\/bs\/2020\/x\/B\/k5Vo9BTSOMZfXu9FrKxg\/carro-5.jpeg 600w\" alt=\"Carro ficou 'ilhado' em volta da rua asfaltada em Rio Preto \u2014 Foto: Monize Poiani\/TV TEM\" \/><\/figure>\n<p class=\"content-media__description \">Carro ficou &#8216;ilhado&#8217; em volta da rua asfaltada em Rio Preto \u2014 Foto: Monize Poiani\/TV TEM<\/p>\n<\/div>\n<\/div>\n<div class=\"mc-column content-text active-extra-styles \" style=\"text-align: justify;\" data-block-type=\"unstyled\" data-block-weight=\"31\" data-block-id=\"11\">\n<p class=\"content-text__container \" data-track-category=\"Link no Texto\" data-track-links=\"\">Em outro ponto da cidade, um trailer de lanches tamb\u00e9m ficou &#8216;ilhado&#8217; pelo novo asfalto colocado na rua. Esse caso foi na Rua Luiz Vaz de Cam\u00f5es, no bairro Redentora.<\/p>\n<\/div>\n<div class=\"mc-column content-text active-extra-styles \" style=\"text-align: justify;\" data-block-type=\"unstyled\" data-block-weight=\"21\" data-block-id=\"12\">\n<p class=\"content-text__container \" data-track-category=\"Link no Texto\" data-track-links=\"\">Neste ano, a Secretaria de Tr\u00e2nsito de Rio Preto informou que notificou 528 propriet\u00e1rios de ve\u00edculos abandonados, destes 25 foram removidos.<\/p>\n<\/div>\n<div class=\"row medium-uncollapsed content-media content-photo\" style=\"text-align: justify;\" data-block-type=\"backstage-photo\" data-block-id=\"13\">\n<div class=\"mc-column content-media__container\">\n<figure><img decoding=\"async\" class=\"i-amphtml-fill-content i-amphtml-replaced-content\" src=\"https:\/\/s2.glbimg.com\/fzyxXjW_GW4YrFqoUrV9d9xgCT0=\/0x0:1024x577\/984x0\/smart\/filters:strip_icc()\/i.s3.glbimg.com\/v1\/AUTH_59edd422c0c84a879bd37670ae4f538a\/internal_photos\/bs\/2020\/S\/t\/ah1EObSoGNOnOhkTaNQw\/carro-arrumado.jpeg\" sizes=\"(max-width: 1242px) 648px, 100vw\" srcset=\"https:\/\/s2.glbimg.com\/VP8GK3GQxzIOOyeMWRTmjLk8M6M=\/0x0:1024x577\/1000x0\/smart\/filters:strip_icc()\/i.s3.glbimg.com\/v1\/AUTH_59edd422c0c84a879bd37670ae4f538a\/internal_photos\/bs\/2020\/S\/t\/ah1EObSoGNOnOhkTaNQw\/carro-arrumado.jpeg 1000w, https:\/\/s2.glbimg.com\/fzyxXjW_GW4YrFqoUrV9d9xgCT0=\/0x0:1024x577\/984x0\/smart\/filters:strip_icc()\/i.s3.glbimg.com\/v1\/AUTH_59edd422c0c84a879bd37670ae4f538a\/internal_photos\/bs\/2020\/S\/t\/ah1EObSoGNOnOhkTaNQw\/carro-arrumado.jpeg 984w, https:\/\/s2.glbimg.com\/MmtESJI1ueSX8xZNUV88BX_jFPc=\/0x0:1024x577\/640x0\/smart\/filters:strip_icc()\/i.s3.glbimg.com\/v1\/AUTH_59edd422c0c84a879bd37670ae4f538a\/internal_photos\/bs\/2020\/S\/t\/ah1EObSoGNOnOhkTaNQw\/carro-arrumado.jpeg 640w, https:\/\/s2.glbimg.com\/ew34z1HbxURprly2LiaBRcwSh6w=\/0x0:1024x577\/600x0\/smart\/filters:strip_icc()\/i.s3.glbimg.com\/v1\/AUTH_59edd422c0c84a879bd37670ae4f538a\/internal_photos\/bs\/2020\/S\/t\/ah1EObSoGNOnOhkTaNQw\/carro-arrumado.jpeg 600w\" alt=\"Guardar retiraram o carro do local para funcion\u00e1rios fazerem o recape \u2014 Foto: Reprodu\u00e7\u00e3o\/TV TEM\" \/><\/figure>\n<p class=\"content-media__description \">Guardas retiraram o carro do local para funcion\u00e1rios fazerem o recape \u2014 Foto: Reprodu\u00e7\u00e3o\/TV TEM<\/p>\n<\/div>\n<\/div>\n<div class=\"row medium-uncollapsed content-media content-photo\" data-block-type=\"backstage-photo\" data-block-id=\"15\">\n<div class=\"mc-column content-media__container\">\n<figure style=\"text-align: justify;\"><img decoding=\"async\" class=\"i-amphtml-fill-content i-amphtml-replaced-content\" src=\"https:\/\/s2.glbimg.com\/P7mAyQ5Sqtx3ePPQQhrlZqCCr5k=\/0x0:1280x720\/984x0\/smart\/filters:strip_icc()\/i.s3.glbimg.com\/v1\/AUTH_59edd422c0c84a879bd37670ae4f538a\/internal_photos\/bs\/2020\/B\/4\/E1QxnAQRCyfyx79hAIRA\/trailer.jpeg\" sizes=\"(max-width: 1242px) 648px, 100vw\" srcset=\"https:\/\/s2.glbimg.com\/yuwKERklyqnm-qiTqV9NKFxi8Vs=\/0x0:1280x720\/1000x0\/smart\/filters:strip_icc()\/i.s3.glbimg.com\/v1\/AUTH_59edd422c0c84a879bd37670ae4f538a\/internal_photos\/bs\/2020\/B\/4\/E1QxnAQRCyfyx79hAIRA\/trailer.jpeg 1000w, https:\/\/s2.glbimg.com\/P7mAyQ5Sqtx3ePPQQhrlZqCCr5k=\/0x0:1280x720\/984x0\/smart\/filters:strip_icc()\/i.s3.glbimg.com\/v1\/AUTH_59edd422c0c84a879bd37670ae4f538a\/internal_photos\/bs\/2020\/B\/4\/E1QxnAQRCyfyx79hAIRA\/trailer.jpeg 984w, https:\/\/s2.glbimg.com\/lLQs27bqJ0ZN1J8zbFWatscWM-s=\/0x0:1280x720\/640x0\/smart\/filters:strip_icc()\/i.s3.glbimg.com\/v1\/AUTH_59edd422c0c84a879bd37670ae4f538a\/internal_photos\/bs\/2020\/B\/4\/E1QxnAQRCyfyx79hAIRA\/trailer.jpeg 640w, https:\/\/s2.glbimg.com\/7UIB8-j_Nku8RlBlGopkuNXn0A0=\/0x0:1280x720\/600x0\/smart\/filters:strip_icc()\/i.s3.glbimg.com\/v1\/AUTH_59edd422c0c84a879bd37670ae4f538a\/internal_photos\/bs\/2020\/B\/4\/E1QxnAQRCyfyx79hAIRA\/trailer.jpeg 600w\" alt=\"Trailer ficou tamb\u00e9m em volta do novo asfalto em Rio Preto \u2014 Foto: Arquivo Pessoal\" \/><\/figure>\n<p class=\"content-media__description \" style=\"text-align: justify;\">Trailer ficou tamb\u00e9m em volta do novo asfalto em Rio Preto \u2014 Foto: Arquivo Pessoal<\/p>\n<p style=\"text-align: justify;\">Fonte: G1<\/p>\n<\/div>\n<\/div>\n<\/div>\n<\/div>\n<\/div>\n","protected":false},"excerpt":{"rendered":"<p>Dono do carro morreu e a mulher dele se mudou e levou a chave embora. Prefeitura fez o recape com o ve\u00edculo no local e gerou cena curiosa. O trabalho de recapeamento de ruas em S\u00e3o Jos\u00e9 do Rio Preto (SP) gerou cenas curiosas e chamou a aten\u00e7\u00e3o dos moradores nesta semana. Em dois pontos [&hellip;]<\/p>\n","protected":false},"author":1,"featured_media":33136,"comment_status":"closed","ping_status":"open","sticky":false,"template":"","format":"standard","meta":{"footnotes":""},"categories":[180,110],"tags":[],"class_list":["post-33135","post","type-post","status-publish","format-standard","has-post-thumbnail","hentry","category-estradastransitoveiculos","category-noticiasdestaque"],"_links":{"self":[{"href":"https:\/\/jorgezanoni.com.br\/2019\/wp-json\/wp\/v2\/posts\/33135","targetHints":{"allow":["GET"]}}],"collection":[{"href":"https:\/\/jorgezanoni.com.br\/2019\/wp-json\/wp\/v2\/posts"}],"about":[{"href":"https:\/\/jorgezanoni.com.br\/2019\/wp-json\/wp\/v2\/types\/post"}],"author":[{"embeddable":true,"href":"https:\/\/jorgezanoni.com.br\/2019\/wp-json\/wp\/v2\/users\/1"}],"replies":[{"embeddable":true,"href":"https:\/\/jorgezanoni.com.br\/2019\/wp-json\/wp\/v2\/comments?post=33135"}],"version-history":[{"count":0,"href":"https:\/\/jorgezanoni.com.br\/2019\/wp-json\/wp\/v2\/posts\/33135\/revisions"}],"wp:featuredmedia":[{"embeddable":true,"href":"https:\/\/jorgezanoni.com.br\/2019\/wp-json\/wp\/v2\/media\/33136"}],"wp:attachment":[{"href":"https:\/\/jorgezanoni.com.br\/2019\/wp-json\/wp\/v2\/media?parent=33135"}],"wp:term":[{"taxonomy":"category","embeddable":true,"href":"https:\/\/jorgezanoni.com.br\/2019\/wp-json\/wp\/v2\/categories?post=33135"},{"taxonomy":"post_tag","embeddable":true,"href":"https:\/\/jorgezanoni.com.br\/2019\/wp-json\/wp\/v2\/tags?post=33135"}],"curies":[{"name":"wp","href":"https:\/\/api.w.org\/{rel}","templated":true}]}}