{"id":33132,"date":"2020-08-19T23:15:47","date_gmt":"2020-08-19T23:15:47","guid":{"rendered":"https:\/\/jorgezanoni.com.br\/2019\/?p=33132"},"modified":"2020-08-19T23:17:53","modified_gmt":"2020-08-19T23:17:53","slug":"pai-e-suspeito-de-amputar-dedo-de-crianca-apos-prender-mao-em-carrinho-de-bebe","status":"publish","type":"post","link":"https:\/\/jorgezanoni.com.br\/2019\/pai-e-suspeito-de-amputar-dedo-de-crianca-apos-prender-mao-em-carrinho-de-bebe\/","title":{"rendered":"Pai \u00e9 suspeito de amputar dedo de crian\u00e7a ap\u00f3s prender m\u00e3o em carrinho de beb\u00ea"},"content":{"rendered":"<h2 class=\"content-head__subtitle\" style=\"text-align: justify;\"><strong>Menino de 3 anos passou por cirurgia para a cobertura do osso exposto. Santa Casa de Ara\u00e7atuba (SP) registrou a ocorr\u00eancia na delegacia como les\u00e3o corporal de natureza grav\u00edssima.<\/strong><\/h2>\n<div class=\"mc-column content-text active-extra-styles \" data-block-type=\"unstyled\" data-block-weight=\"42\" data-block-id=\"2\">\n<p class=\"content-text__container \" style=\"text-align: justify;\" data-track-category=\"Link no Texto\" data-track-links=\"\">Um homem \u00e9 investigado pela suspeita de amputar o dedo do filho, de 3 anos, depois de ficar com a m\u00e3o presa em um carrinho de beb\u00ea em Ara\u00e7atuba (SP). O caso aconteceu no domingo (16), em uma propriedade rural da cidade.<\/p>\n<\/div>\n<div class=\"wall protected-content\">\n<div class=\"mc-column content-text active-extra-styles \" style=\"text-align: justify;\" data-block-type=\"unstyled\" data-block-weight=\"47\" data-block-id=\"3\">\n<p class=\"content-text__container \" data-track-category=\"Link no Texto\" data-track-links=\"\">De acordo com relato da Santa Casa \u00e0 pol\u00edcia, a crian\u00e7a deu entrada no pronto-socorro com a informa\u00e7\u00e3o de ter prendido o dedo anelar da m\u00e3o direita no carrinho de beb\u00ea. Para soltar a crian\u00e7a, o pAi teria cortado o dedo da crian\u00e7a com um objeto cortante.<\/p>\n<\/div>\n<div class=\"mc-column content-text active-extra-styles \" style=\"text-align: justify;\" data-block-type=\"unstyled\" data-block-weight=\"31\" data-block-id=\"4\">\n<p class=\"content-text__container \" data-track-category=\"Link no Texto\" data-track-links=\"\">Uma representante da Santa Casa registrou boletim de ocorr\u00eancia na pol\u00edcia nesta ter\u00e7a-feira (18) como les\u00e3o corporal de natureza grav\u00edssima. A crian\u00e7a passou por cirurgia para a cobertura do osso exposto.<\/p>\n<\/div>\n<div class=\"mc-column content-text active-extra-styles \" data-block-type=\"unstyled\" data-block-weight=\"12\" data-block-id=\"5\">\n<p class=\"content-text__container \" style=\"text-align: justify;\" data-track-category=\"Link no Texto\" data-track-links=\"\">O Conselho Tutelar foi comunicado, assim como a assistente social do hospital.<\/p>\n<p style=\"text-align: justify;\" data-track-category=\"Link no Texto\" data-track-links=\"\">Fonte: G1<\/p>\n<\/div>\n<\/div>\n","protected":false},"excerpt":{"rendered":"<p>Menino de 3 anos passou por cirurgia para a cobertura do osso exposto. Santa Casa de Ara\u00e7atuba (SP) registrou a ocorr\u00eancia na delegacia como les\u00e3o corporal de natureza grav\u00edssima. Um homem \u00e9 investigado pela suspeita de amputar o dedo do filho, de 3 anos, depois de ficar com a m\u00e3o presa em um carrinho de [&hellip;]<\/p>\n","protected":false},"author":1,"featured_media":33133,"comment_status":"closed","ping_status":"open","sticky":false,"template":"","format":"standard","meta":{"footnotes":""},"categories":[110,2],"tags":[],"class_list":["post-33132","post","type-post","status-publish","format-standard","has-post-thumbnail","hentry","category-noticiasdestaque","category-policial"],"_links":{"self":[{"href":"https:\/\/jorgezanoni.com.br\/2019\/wp-json\/wp\/v2\/posts\/33132","targetHints":{"allow":["GET"]}}],"collection":[{"href":"https:\/\/jorgezanoni.com.br\/2019\/wp-json\/wp\/v2\/posts"}],"about":[{"href":"https:\/\/jorgezanoni.com.br\/2019\/wp-json\/wp\/v2\/types\/post"}],"author":[{"embeddable":true,"href":"https:\/\/jorgezanoni.com.br\/2019\/wp-json\/wp\/v2\/users\/1"}],"replies":[{"embeddable":true,"href":"https:\/\/jorgezanoni.com.br\/2019\/wp-json\/wp\/v2\/comments?post=33132"}],"version-history":[{"count":0,"href":"https:\/\/jorgezanoni.com.br\/2019\/wp-json\/wp\/v2\/posts\/33132\/revisions"}],"wp:featuredmedia":[{"embeddable":true,"href":"https:\/\/jorgezanoni.com.br\/2019\/wp-json\/wp\/v2\/media\/33133"}],"wp:attachment":[{"href":"https:\/\/jorgezanoni.com.br\/2019\/wp-json\/wp\/v2\/media?parent=33132"}],"wp:term":[{"taxonomy":"category","embeddable":true,"href":"https:\/\/jorgezanoni.com.br\/2019\/wp-json\/wp\/v2\/categories?post=33132"},{"taxonomy":"post_tag","embeddable":true,"href":"https:\/\/jorgezanoni.com.br\/2019\/wp-json\/wp\/v2\/tags?post=33132"}],"curies":[{"name":"wp","href":"https:\/\/api.w.org\/{rel}","templated":true}]}}