{"id":33127,"date":"2020-08-19T22:52:54","date_gmt":"2020-08-19T22:52:54","guid":{"rendered":"https:\/\/jorgezanoni.com.br\/2019\/?p=33127"},"modified":"2020-08-19T22:54:55","modified_gmt":"2020-08-19T22:54:55","slug":"policia-recupera-mais-de-r-21-mil-furtados-de-deposito-de-material-de-construcao-em-panorama","status":"publish","type":"post","link":"https:\/\/jorgezanoni.com.br\/2019\/policia-recupera-mais-de-r-21-mil-furtados-de-deposito-de-material-de-construcao-em-panorama\/","title":{"rendered":"Pol\u00edcia recupera mais de R$ 21 mil furtados de dep\u00f3sito de material de constru\u00e7\u00e3o em Panorama"},"content":{"rendered":"<h2 class=\"content-head__subtitle\" style=\"text-align: justify;\"><strong>V\u00edtima acionou a PM quando chegou ao estabelecimento e encontrou a janela e o cofre arrombados. Duas pessoas foram detidas em flagrante.<\/strong><\/h2>\n<div class=\"mc-column content-text active-extra-styles \" data-block-type=\"unstyled\" data-block-weight=\"40\" data-block-id=\"2\">\n<p class=\"content-text__container \" style=\"text-align: justify;\" data-track-category=\"Link no Texto\" data-track-links=\"\">A quantia de R$ 21.391 foi recuperada pelas pol\u00edcias Civil e Militar ap\u00f3s um furto, em\u00a0<a href=\"http:\/\/g1.globo.com\/sp\/presidente-prudente-regiao\/cidade\/panorama.html\">Panorama<\/a>. A ocorr\u00eancia teve in\u00edcio por volta das 23h40 desta ter\u00e7a-feira (18). Dois indiv\u00edduos foram detidos, um de 21 e outro de 16 anos.<\/p>\n<\/div>\n<div class=\"wall protected-content\">\n<div class=\"mc-column content-text active-extra-styles \" style=\"text-align: justify;\" data-block-type=\"unstyled\" data-block-weight=\"34\" data-block-id=\"3\">\n<p class=\"content-text__container \" data-track-category=\"Link no Texto\" data-track-links=\"\">A Pol\u00edcia Militar foi acionada devido a um furto em um dep\u00f3sito de material de constru\u00e7\u00e3o. No local, a v\u00edtima informou que quando chegou ao estabelecimento encontrou a janela e o cofre arrombados.<\/p>\n<\/div>\n<div class=\"mc-column content-text active-extra-styles \" style=\"text-align: justify;\" data-block-type=\"unstyled\" data-block-weight=\"16\" data-block-id=\"4\">\n<p class=\"content-text__container \" data-track-category=\"Link no Texto\" data-track-links=\"\">Al\u00e9m disso, contou \u00e0 PM que de dentro do cofre foram subtra\u00eddos, aproximadamente, R$ 20 mil.<\/p>\n<\/div>\n<div class=\"mc-column content-text active-extra-styles \" style=\"text-align: justify;\" data-block-type=\"unstyled\" data-block-weight=\"39\" data-block-id=\"5\">\n<p class=\"content-text__container \" data-track-category=\"Link no Texto\" data-track-links=\"\">Durante o patrulhamento, os policiais avistaram dois homens pr\u00f3ximo ao Bairro Parano\u00e1. Mas, com a presen\u00e7a da viatura, a dupla fugiu. Contudo, um dos indiv\u00edduos j\u00e1 \u00e9 conhecido dos meios policiais como autor de diversos furtos pela cidade.<\/p>\n<\/div>\n<div class=\"mc-column content-text active-extra-styles \" style=\"text-align: justify;\" data-block-type=\"unstyled\" data-block-weight=\"31\" data-block-id=\"6\">\n<p class=\"content-text__container \" data-track-category=\"Link no Texto\" data-track-links=\"\">A equipe ent\u00e3o foi at\u00e9 a casa do suspeito. Com apoio de outras viaturas da PM e da Pol\u00edcia Civil os dois indiv\u00edduos foram localizados dentro de um ve\u00edculo abandonado.<\/p>\n<\/div>\n<div class=\"mc-column content-text active-extra-styles \" style=\"text-align: justify;\" data-block-type=\"unstyled\" data-block-weight=\"20\" data-block-id=\"7\">\n<p class=\"content-text__container \" data-track-category=\"Link no Texto\" data-track-links=\"\">Questionada, a dupla confessou a pr\u00e1tica do furto no dep\u00f3sito e indicou o local onde haviam escondido o dinheiro.<\/p>\n<\/div>\n<div class=\"mc-column content-text active-extra-styles \" data-block-type=\"unstyled\" data-block-weight=\"28\" data-block-id=\"8\">\n<p class=\"content-text__container \" style=\"text-align: justify;\" data-track-category=\"Link no Texto\" data-track-links=\"\">Os indiv\u00edduos receberam voz de pris\u00e3o em flagrante pela pr\u00e1tica de furto qualificado e foram conduzidos \u00e0 Delegacia da Pol\u00edcia Civil. O dinheiro foi restitu\u00eddo \u00e0 v\u00edtima.<\/p>\n<p style=\"text-align: justify;\" data-track-category=\"Link no Texto\" data-track-links=\"\">Fonte: G1 Pol\u00edcia Militar e Pol\u00edcia Civil<\/p>\n<\/div>\n<\/div>\n","protected":false},"excerpt":{"rendered":"<p>V\u00edtima acionou a PM quando chegou ao estabelecimento e encontrou a janela e o cofre arrombados. Duas pessoas foram detidas em flagrante. A quantia de R$ 21.391 foi recuperada pelas pol\u00edcias Civil e Militar ap\u00f3s um furto, em\u00a0Panorama. A ocorr\u00eancia teve in\u00edcio por volta das 23h40 desta ter\u00e7a-feira (18). Dois indiv\u00edduos foram detidos, um de [&hellip;]<\/p>\n","protected":false},"author":1,"featured_media":33128,"comment_status":"closed","ping_status":"open","sticky":false,"template":"","format":"standard","meta":{"footnotes":""},"categories":[110,2],"tags":[],"class_list":["post-33127","post","type-post","status-publish","format-standard","has-post-thumbnail","hentry","category-noticiasdestaque","category-policial"],"_links":{"self":[{"href":"https:\/\/jorgezanoni.com.br\/2019\/wp-json\/wp\/v2\/posts\/33127","targetHints":{"allow":["GET"]}}],"collection":[{"href":"https:\/\/jorgezanoni.com.br\/2019\/wp-json\/wp\/v2\/posts"}],"about":[{"href":"https:\/\/jorgezanoni.com.br\/2019\/wp-json\/wp\/v2\/types\/post"}],"author":[{"embeddable":true,"href":"https:\/\/jorgezanoni.com.br\/2019\/wp-json\/wp\/v2\/users\/1"}],"replies":[{"embeddable":true,"href":"https:\/\/jorgezanoni.com.br\/2019\/wp-json\/wp\/v2\/comments?post=33127"}],"version-history":[{"count":0,"href":"https:\/\/jorgezanoni.com.br\/2019\/wp-json\/wp\/v2\/posts\/33127\/revisions"}],"wp:featuredmedia":[{"embeddable":true,"href":"https:\/\/jorgezanoni.com.br\/2019\/wp-json\/wp\/v2\/media\/33128"}],"wp:attachment":[{"href":"https:\/\/jorgezanoni.com.br\/2019\/wp-json\/wp\/v2\/media?parent=33127"}],"wp:term":[{"taxonomy":"category","embeddable":true,"href":"https:\/\/jorgezanoni.com.br\/2019\/wp-json\/wp\/v2\/categories?post=33127"},{"taxonomy":"post_tag","embeddable":true,"href":"https:\/\/jorgezanoni.com.br\/2019\/wp-json\/wp\/v2\/tags?post=33127"}],"curies":[{"name":"wp","href":"https:\/\/api.w.org\/{rel}","templated":true}]}}