{"id":33124,"date":"2020-08-19T22:37:42","date_gmt":"2020-08-19T22:37:42","guid":{"rendered":"https:\/\/jorgezanoni.com.br\/2019\/?p=33124"},"modified":"2020-08-19T22:37:42","modified_gmt":"2020-08-19T22:37:42","slug":"policia-rodoviaria-interdita-trecho-da-rodovia-assis-chateaubriand-para-retirada-de-semirreboque-que-tombou-na-pista","status":"publish","type":"post","link":"https:\/\/jorgezanoni.com.br\/2019\/policia-rodoviaria-interdita-trecho-da-rodovia-assis-chateaubriand-para-retirada-de-semirreboque-que-tombou-na-pista\/","title":{"rendered":"Pol\u00edcia Rodovi\u00e1ria interdita trecho da Rodovia Assis Chateaubriand para retirada de semirreboque que tombou na pista"},"content":{"rendered":"<h2 class=\"content-head__subtitle\" style=\"text-align: justify;\"><strong>Trecho da SP-425 ficou temporariamente fechado para o tr\u00e2nsito, mas com rotas alternativas. Local foi sinalizado para manobra de i\u00e7amento.<\/strong><\/h2>\n<div class=\"mc-column content-text active-extra-styles \" data-block-type=\"unstyled\" data-block-weight=\"44\" data-block-id=\"2\">\n<p class=\"content-text__container \" style=\"text-align: justify;\" data-track-category=\"Link no Texto\" data-track-links=\"\">O tombamento de um semirreboque com carga de fertilizantes, que desatrelou da unidade de tra\u00e7\u00e3o, interditou um trecho da Rodovia Assis Chateaubriand (SP-425), em\u00a0<a href=\"http:\/\/g1.globo.com\/sp\/presidente-prudente-regiao\/cidade\/presidente-prudente.html\">Presidente Prudente<\/a>, na manh\u00e3 desta quarta-feira (19). O acidente foi no km 455,300 no final da tarde desta ter\u00e7a-feira (18).<\/p>\n<\/div>\n<div class=\"wall protected-content\">\n<div class=\"mc-column content-text active-extra-styles \" style=\"text-align: justify;\" data-block-type=\"unstyled\" data-block-weight=\"31\" data-block-id=\"3\">\n<p class=\"content-text__container \" data-track-category=\"Link no Texto\" data-track-links=\"\">Equipes do policiamento estiveram no local na manh\u00e3 desta quarta-feira (19) para sinaliza\u00e7\u00e3o e orienta\u00e7\u00e3o durante a manobra de i\u00e7amento do semirreboque e sua retirada. A pista foi liberada \u00e0s 11h05.<\/p>\n<\/div>\n<div class=\"mc-column content-text active-extra-styles \" style=\"text-align: justify;\" data-block-type=\"unstyled\" data-block-weight=\"31\" data-block-id=\"4\">\n<p class=\"content-text__container \" data-track-category=\"Link no Texto\" data-track-links=\"\">Para ser realizado o procedimento foi necess\u00e1rio interditar a Rodovia Assis Chateaubriand no trecho compreendido entre os quil\u00f4metros 454 e 456, no sentido sul, com acesso na Rodovia Raposo Tavares (SP-270).<\/p>\n<\/div>\n<div class=\"mc-column content-text active-extra-styles \" style=\"text-align: justify;\" data-block-type=\"unstyled\" data-block-weight=\"31\" data-block-id=\"5\">\n<p class=\"content-text__container \" data-track-category=\"Link no Texto\" data-track-links=\"\">A rota alternativa nos pontos de in\u00edcio da interdi\u00e7\u00e3o era atrav\u00e9s do prolongamento da Avenida Coronel Jos\u00e9 Soares Marcondes, com acesso atrav\u00e9s da Rodovia Raposo Tavares, no km 566, sentido oeste.<\/p>\n<\/div>\n<div class=\"mc-column content-text active-extra-styles \" style=\"text-align: justify;\" data-block-type=\"unstyled\" data-block-weight=\"36\" data-block-id=\"6\">\n<p class=\"content-text__container \" data-track-category=\"Link no Texto\" data-track-links=\"\">Uma segunda alternativa, at\u00e9 mesmo para os ve\u00edculos com alguma restri\u00e7\u00e3o de tr\u00e2nsito nesta via, foi atrav\u00e9s da Rodovia J\u00falio Budiski (SP-501), com acesso tamb\u00e9m na Rodovia Raposo Tavares (SP 270), km 563, no sentido oeste.<\/p>\n<\/div>\n<div class=\"row medium-uncollapsed content-media content-photo\" data-block-type=\"backstage-photo\" data-block-id=\"7\">\n<div class=\"mc-column content-media__container\">\n<figure style=\"text-align: justify;\"><img decoding=\"async\" class=\"i-amphtml-fill-content i-amphtml-replaced-content\" src=\"https:\/\/s2.glbimg.com\/DB_eiYdYUp50CBjbYLE3D88vdN4=\/0x0:1280x960\/984x0\/smart\/filters:strip_icc()\/i.s3.glbimg.com\/v1\/AUTH_59edd422c0c84a879bd37670ae4f538a\/internal_photos\/bs\/2020\/B\/5\/NwOFvmTvAitgK07wP5pQ\/whatsapp-image-2020-08-19-at-10.31.22.jpeg\" sizes=\"(max-width: 1242px) 648px, 100vw\" srcset=\"https:\/\/s2.glbimg.com\/2Ahf-yi7A7mhsAYfu3mJnGT3rcE=\/0x0:1280x960\/1000x0\/smart\/filters:strip_icc()\/i.s3.glbimg.com\/v1\/AUTH_59edd422c0c84a879bd37670ae4f538a\/internal_photos\/bs\/2020\/B\/5\/NwOFvmTvAitgK07wP5pQ\/whatsapp-image-2020-08-19-at-10.31.22.jpeg 1000w, https:\/\/s2.glbimg.com\/DB_eiYdYUp50CBjbYLE3D88vdN4=\/0x0:1280x960\/984x0\/smart\/filters:strip_icc()\/i.s3.glbimg.com\/v1\/AUTH_59edd422c0c84a879bd37670ae4f538a\/internal_photos\/bs\/2020\/B\/5\/NwOFvmTvAitgK07wP5pQ\/whatsapp-image-2020-08-19-at-10.31.22.jpeg 984w, https:\/\/s2.glbimg.com\/zQNcqdRDRvhFIURQoZfoKusGsF0=\/0x0:1280x960\/640x0\/smart\/filters:strip_icc()\/i.s3.glbimg.com\/v1\/AUTH_59edd422c0c84a879bd37670ae4f538a\/internal_photos\/bs\/2020\/B\/5\/NwOFvmTvAitgK07wP5pQ\/whatsapp-image-2020-08-19-at-10.31.22.jpeg 640w, https:\/\/s2.glbimg.com\/jNgqJSI4_dCl4b7G1ic-iHb8YEk=\/0x0:1280x960\/600x0\/smart\/filters:strip_icc()\/i.s3.glbimg.com\/v1\/AUTH_59edd422c0c84a879bd37670ae4f538a\/internal_photos\/bs\/2020\/B\/5\/NwOFvmTvAitgK07wP5pQ\/whatsapp-image-2020-08-19-at-10.31.22.jpeg 600w\" alt=\"Interdi\u00e7\u00e3o ocorre na manh\u00e3 desta quarta-feira (19) \u2014 Foto: Pol\u00edcia Rodovi\u00e1ria\" \/><\/figure>\n<p class=\"content-media__description \" style=\"text-align: justify;\">Interdi\u00e7\u00e3o ocorre na manh\u00e3 desta quarta-feira (19) \u2014 Foto: Pol\u00edcia Rodovi\u00e1ria<\/p>\n<p style=\"text-align: justify;\">Fonte: G1<\/p>\n<\/div>\n<\/div>\n<\/div>\n","protected":false},"excerpt":{"rendered":"<p>Trecho da SP-425 ficou temporariamente fechado para o tr\u00e2nsito, mas com rotas alternativas. Local foi sinalizado para manobra de i\u00e7amento. O tombamento de um semirreboque com carga de fertilizantes, que desatrelou da unidade de tra\u00e7\u00e3o, interditou um trecho da Rodovia Assis Chateaubriand (SP-425), em\u00a0Presidente Prudente, na manh\u00e3 desta quarta-feira (19). O acidente foi no km [&hellip;]<\/p>\n","protected":false},"author":1,"featured_media":33125,"comment_status":"closed","ping_status":"open","sticky":false,"template":"","format":"standard","meta":{"footnotes":""},"categories":[170,110],"tags":[],"class_list":["post-33124","post","type-post","status-publish","format-standard","has-post-thumbnail","hentry","category-acidentes","category-noticiasdestaque"],"_links":{"self":[{"href":"https:\/\/jorgezanoni.com.br\/2019\/wp-json\/wp\/v2\/posts\/33124","targetHints":{"allow":["GET"]}}],"collection":[{"href":"https:\/\/jorgezanoni.com.br\/2019\/wp-json\/wp\/v2\/posts"}],"about":[{"href":"https:\/\/jorgezanoni.com.br\/2019\/wp-json\/wp\/v2\/types\/post"}],"author":[{"embeddable":true,"href":"https:\/\/jorgezanoni.com.br\/2019\/wp-json\/wp\/v2\/users\/1"}],"replies":[{"embeddable":true,"href":"https:\/\/jorgezanoni.com.br\/2019\/wp-json\/wp\/v2\/comments?post=33124"}],"version-history":[{"count":0,"href":"https:\/\/jorgezanoni.com.br\/2019\/wp-json\/wp\/v2\/posts\/33124\/revisions"}],"wp:featuredmedia":[{"embeddable":true,"href":"https:\/\/jorgezanoni.com.br\/2019\/wp-json\/wp\/v2\/media\/33125"}],"wp:attachment":[{"href":"https:\/\/jorgezanoni.com.br\/2019\/wp-json\/wp\/v2\/media?parent=33124"}],"wp:term":[{"taxonomy":"category","embeddable":true,"href":"https:\/\/jorgezanoni.com.br\/2019\/wp-json\/wp\/v2\/categories?post=33124"},{"taxonomy":"post_tag","embeddable":true,"href":"https:\/\/jorgezanoni.com.br\/2019\/wp-json\/wp\/v2\/tags?post=33124"}],"curies":[{"name":"wp","href":"https:\/\/api.w.org\/{rel}","templated":true}]}}