{"id":33121,"date":"2020-08-19T22:24:57","date_gmt":"2020-08-19T22:24:57","guid":{"rendered":"https:\/\/jorgezanoni.com.br\/2019\/?p=33121"},"modified":"2020-08-19T22:24:57","modified_gmt":"2020-08-19T22:24:57","slug":"idoso-de-69-anos-e-o-12o-obito-causado-pelo-novo-coronavirus-em-dracena","status":"publish","type":"post","link":"https:\/\/jorgezanoni.com.br\/2019\/idoso-de-69-anos-e-o-12o-obito-causado-pelo-novo-coronavirus-em-dracena\/","title":{"rendered":"Idoso de 69 anos \u00e9 o 12\u00ba \u00f3bito causado pelo novo coronav\u00edrus em Dracena"},"content":{"rendered":"<h2 class=\"content-head__subtitle\" style=\"text-align: justify;\"><strong>Conforme a Secretaria Municipal de Sa\u00fade e Higiene P\u00fablica, o morador estava internado no Hospital Regional de Presidente Prudente e morreu nesta ter\u00e7a-feira (18).<\/strong><\/h2>\n<div class=\"mc-column content-text active-extra-styles active-capital-letter\" data-block-type=\"unstyled\" data-block-weight=\"30\" data-block-id=\"1\">\n<p class=\"content-text__container theme-color-primary-first-letter\" style=\"text-align: justify;\" data-track-category=\"Link no Texto\" data-track-links=\"\">A Secretaria Municipal de Sa\u00fade e Higiene P\u00fablica comunicou a 12\u00aa morte causada pela Covid-19 em\u00a0<a href=\"https:\/\/g1.globo.com\/sp\/presidente-prudente-regiao\/cidade\/dracena\/\">Dracena<\/a>. Conforme informado nesta quarta-feira (19), a v\u00edtima \u00e9 um homem de 69 anos.<\/p>\n<\/div>\n<div class=\"wall protected-content\">\n<div class=\"mc-column content-text active-extra-styles \" style=\"text-align: justify;\" data-block-type=\"unstyled\" data-block-weight=\"27\" data-block-id=\"2\">\n<p class=\"content-text__container \" data-track-category=\"Link no Texto\" data-track-links=\"\">Ainda de acordo com a pasta, o morador estava internado no Hospital Regional de\u00a0<a href=\"https:\/\/g1.globo.com\/sp\/presidente-prudente-regiao\/cidade\/presidente-prudente\/\">Presidente Prudente<\/a>\u00a0desde o dia 6 de agosto e morreu nesta ter\u00e7a-feira (18).<\/p>\n<\/div>\n<div class=\"mc-column content-text active-extra-styles \" style=\"text-align: justify;\" data-block-type=\"unstyled\" data-block-weight=\"50\" data-block-id=\"3\">\n<p class=\"content-text__container \" data-track-category=\"Link no Texto\" data-track-links=\"\">&#8220;Hoje (19) pela manh\u00e3, o HR enviou o laudo do exame PCR para a Secretaria de Sa\u00fade de Dracena com o resultado positivo, foi enviada tamb\u00e9m uma c\u00f3pia da declara\u00e7\u00e3o de \u00f3bito confirmando a causa da morte. O paciente era portador de outras comorbidades&#8221;, explicou a Secretaria Municipal de Sa\u00fade.<\/p>\n<\/div>\n<div class=\"mc-column content-text active-extra-styles \" style=\"text-align: justify;\" data-block-type=\"unstyled\" data-block-weight=\"30\" data-block-id=\"4\">\n<p class=\"content-text__container \" data-track-category=\"Link no Texto\" data-track-links=\"\">At\u00e9 esta ter\u00e7a-feira (18), Dracena registrou 440 casos positivos de Covid-19. Desse total, 326 pessoas est\u00e3o curadas, 100 pacientes est\u00e3o em isolamento domiciliar e tr\u00eas pessoas seguem em tratamento domiciliar.<\/p>\n<\/div>\n<div class=\"mc-column content-text active-extra-styles \" data-block-type=\"unstyled\" data-block-weight=\"9\" data-block-id=\"5\">\n<p class=\"content-text__container \" style=\"text-align: justify;\" data-track-category=\"Link no Texto\" data-track-links=\"\">A Prefeitura ainda aguarda os resultados de 24 exames.<\/p>\n<p style=\"text-align: justify;\" data-track-category=\"Link no Texto\" data-track-links=\"\">Fonte: G1<\/p>\n<\/div>\n<\/div>\n","protected":false},"excerpt":{"rendered":"<p>Conforme a Secretaria Municipal de Sa\u00fade e Higiene P\u00fablica, o morador estava internado no Hospital Regional de Presidente Prudente e morreu nesta ter\u00e7a-feira (18). A Secretaria Municipal de Sa\u00fade e Higiene P\u00fablica comunicou a 12\u00aa morte causada pela Covid-19 em\u00a0Dracena. Conforme informado nesta quarta-feira (19), a v\u00edtima \u00e9 um homem de 69 anos. Ainda de [&hellip;]<\/p>\n","protected":false},"author":1,"featured_media":33122,"comment_status":"closed","ping_status":"open","sticky":false,"template":"","format":"standard","meta":{"footnotes":""},"categories":[179,184,110],"tags":[],"class_list":["post-33121","post","type-post","status-publish","format-standard","has-post-thumbnail","hentry","category-cidadeseregiao","category-dracena","category-noticiasdestaque"],"_links":{"self":[{"href":"https:\/\/jorgezanoni.com.br\/2019\/wp-json\/wp\/v2\/posts\/33121","targetHints":{"allow":["GET"]}}],"collection":[{"href":"https:\/\/jorgezanoni.com.br\/2019\/wp-json\/wp\/v2\/posts"}],"about":[{"href":"https:\/\/jorgezanoni.com.br\/2019\/wp-json\/wp\/v2\/types\/post"}],"author":[{"embeddable":true,"href":"https:\/\/jorgezanoni.com.br\/2019\/wp-json\/wp\/v2\/users\/1"}],"replies":[{"embeddable":true,"href":"https:\/\/jorgezanoni.com.br\/2019\/wp-json\/wp\/v2\/comments?post=33121"}],"version-history":[{"count":0,"href":"https:\/\/jorgezanoni.com.br\/2019\/wp-json\/wp\/v2\/posts\/33121\/revisions"}],"wp:featuredmedia":[{"embeddable":true,"href":"https:\/\/jorgezanoni.com.br\/2019\/wp-json\/wp\/v2\/media\/33122"}],"wp:attachment":[{"href":"https:\/\/jorgezanoni.com.br\/2019\/wp-json\/wp\/v2\/media?parent=33121"}],"wp:term":[{"taxonomy":"category","embeddable":true,"href":"https:\/\/jorgezanoni.com.br\/2019\/wp-json\/wp\/v2\/categories?post=33121"},{"taxonomy":"post_tag","embeddable":true,"href":"https:\/\/jorgezanoni.com.br\/2019\/wp-json\/wp\/v2\/tags?post=33121"}],"curies":[{"name":"wp","href":"https:\/\/api.w.org\/{rel}","templated":true}]}}