{"id":33118,"date":"2020-08-19T22:06:41","date_gmt":"2020-08-19T22:06:41","guid":{"rendered":"https:\/\/jorgezanoni.com.br\/2019\/?p=33118"},"modified":"2020-08-19T22:06:41","modified_gmt":"2020-08-19T22:06:41","slug":"temporal-e-chuva-de-granizo-causam-estragos-em-municipios-do-pontal-do-paranapanema","status":"publish","type":"post","link":"https:\/\/jorgezanoni.com.br\/2019\/temporal-e-chuva-de-granizo-causam-estragos-em-municipios-do-pontal-do-paranapanema\/","title":{"rendered":"Temporal e chuva de granizo causam estragos em munic\u00edpios do Pontal do Paranapanema"},"content":{"rendered":"<h2 class=\"content-head__subtitle\" style=\"text-align: justify;\"><strong>Foram registrados queda de \u00e1rvores, destelhamentos e queda de placas nesta quarta-feira (19). Algumas cidades tamb\u00e9m ficaram sem o fornecimento de energia el\u00e9trica.<\/strong><\/h2>\n<div class=\"mc-column content-text active-extra-styles \" data-block-type=\"unstyled\" data-block-weight=\"47\" data-block-id=\"2\">\n<p class=\"content-text__container \" style=\"text-align: justify;\" data-track-category=\"Link no Texto\" data-track-links=\"\">O temporal que atingiu a regi\u00e3o de\u00a0<a href=\"https:\/\/g1.globo.com\/sp\/presidente-prudente-regiao\/cidade\/presidente-prudente\/\">Presidente Prudente<\/a>\u00a0na manh\u00e3 desta quarta-feira (19) causou estragos. Em\u00a0<a href=\"https:\/\/g1.globo.com\/sp\/presidente-prudente-regiao\/cidade\/mirante-do-paranapanema\/\">Mirante do Paranapanema<\/a>,\u00a0<a href=\"https:\/\/g1.globo.com\/sp\/presidente-prudente-regiao\/cidade\/rosana\/\">Rosana<\/a>,\u00a0<a href=\"https:\/\/g1.globo.com\/sp\/presidente-prudente-regiao\/cidade\/euclides-da-cunha-paulista\/\">Euclides da Cunha Paulista<\/a>\u00a0e\u00a0<a href=\"https:\/\/g1.globo.com\/sp\/presidente-prudente-regiao\/cidade\/teodoro-sampaio-sp\/\">Teodoro Sampaio<\/a>\u00a0foram registrados queda de placas e \u00e1rvores e destelhamentos. Al\u00e9m disso, houve o desligamento da rede de energia el\u00e9trica.<\/p>\n<\/div>\n<div class=\"wall protected-content\">\n<div class=\"mc-column content-text active-extra-styles \" style=\"text-align: justify;\" data-block-type=\"unstyled\" data-block-weight=\"44\" data-block-id=\"3\">\n<p class=\"content-text__container \" data-track-category=\"Link no Texto\" data-track-links=\"\">De acordo com a Defesa Civil de Teodoro Sampaio, houve a queda de cerca de 15 \u00e1rvores de grande porte na cidade e algumas ruas chegaram a ficar interditadas. Contudo, as equipes e o Corpo de Bombeiros j\u00e1 liberaram as vias. N\u00e3o houve feridos.<\/p>\n<\/div>\n<div class=\"row medium-uncollapsed content-media content-photo\" style=\"text-align: justify;\" data-block-type=\"backstage-photo\" data-block-id=\"4\">\n<div class=\"mc-column content-media__container\">\n<figure><img decoding=\"async\" class=\"i-amphtml-fill-content i-amphtml-replaced-content\" src=\"https:\/\/s2.glbimg.com\/iOBHaSDBse5nmgrrLubDtT75BHw=\/0x0:1080x792\/984x0\/smart\/filters:strip_icc()\/i.s3.glbimg.com\/v1\/AUTH_59edd422c0c84a879bd37670ae4f538a\/internal_photos\/bs\/2020\/T\/F\/mflvPxTjmTem41BWNrww\/joao-henrique-correa-teodoro.jpeg\" sizes=\"(max-width: 1242px) 648px, 100vw\" srcset=\"https:\/\/s2.glbimg.com\/aHeKkUZF6NDiuwWWPWPWg0y4qwk=\/0x0:1080x792\/1000x0\/smart\/filters:strip_icc()\/i.s3.glbimg.com\/v1\/AUTH_59edd422c0c84a879bd37670ae4f538a\/internal_photos\/bs\/2020\/T\/F\/mflvPxTjmTem41BWNrww\/joao-henrique-correa-teodoro.jpeg 1000w, https:\/\/s2.glbimg.com\/iOBHaSDBse5nmgrrLubDtT75BHw=\/0x0:1080x792\/984x0\/smart\/filters:strip_icc()\/i.s3.glbimg.com\/v1\/AUTH_59edd422c0c84a879bd37670ae4f538a\/internal_photos\/bs\/2020\/T\/F\/mflvPxTjmTem41BWNrww\/joao-henrique-correa-teodoro.jpeg 984w, https:\/\/s2.glbimg.com\/WMNZMWRUjQVAzayB4k2cKAWE3wI=\/0x0:1080x792\/640x0\/smart\/filters:strip_icc()\/i.s3.glbimg.com\/v1\/AUTH_59edd422c0c84a879bd37670ae4f538a\/internal_photos\/bs\/2020\/T\/F\/mflvPxTjmTem41BWNrww\/joao-henrique-correa-teodoro.jpeg 640w, https:\/\/s2.glbimg.com\/FR8vawI5waQhlK-f1ft7utW2jUE=\/0x0:1080x792\/600x0\/smart\/filters:strip_icc()\/i.s3.glbimg.com\/v1\/AUTH_59edd422c0c84a879bd37670ae4f538a\/internal_photos\/bs\/2020\/T\/F\/mflvPxTjmTem41BWNrww\/joao-henrique-correa-teodoro.jpeg 600w\" alt=\"Morador de Teodoro Sampaio registrou os estragos no munic\u00edpio \u2014 Foto: Jo\u00e3o Henrique Corr\u00eaa\/Cedida\" \/><\/figure>\n<p class=\"content-media__description \">Morador de Teodoro Sampaio registrou os estragos no munic\u00edpio \u2014 Foto: Jo\u00e3o Henrique Corr\u00eaa\/Cedida<\/p>\n<\/div>\n<\/div>\n<div class=\"mc-column content-text active-extra-styles \" style=\"text-align: justify;\" data-block-type=\"unstyled\" data-block-weight=\"64\" data-block-id=\"5\">\n<p class=\"content-text__container \" data-track-category=\"Link no Texto\" data-track-links=\"\">A concession\u00e1ria Elektro informou que o temporal que atingiu a regi\u00e3o provocou o desligamento de equipamentos da rede el\u00e9trica no in\u00edcio da manh\u00e3 desta quarta-feira (19). &#8220;Por volta das 7h30, 90% dos clientes de Rosana e Teodoro Sampaio j\u00e1 estavam com o fornecimento de energia restabelecido. Neste momento, equipes da Elektro continuam atuando no normaliza\u00e7\u00e3o do fornecimento para clientes em pontos isolados&#8221;, informou.<\/p>\n<div class=\"row medium-uncollapsed content-media content-photo\" data-block-type=\"backstage-photo\" data-block-id=\"12\">\n<div class=\"mc-column content-media__container\">\n<figure><img decoding=\"async\" class=\"i-amphtml-fill-content i-amphtml-replaced-content\" src=\"https:\/\/s2.glbimg.com\/tqGffRUZyUuFatobOTnpB8bG9Uk=\/0x0:1040x780\/984x0\/smart\/filters:strip_icc()\/i.s3.glbimg.com\/v1\/AUTH_59edd422c0c84a879bd37670ae4f538a\/internal_photos\/bs\/2020\/0\/C\/2DCx4qTC2J5CJtm1vCtQ\/whatsapp-image-2020-08-19-at-13.39.16-3-.jpeg\" sizes=\"(max-width: 1242px) 648px, 100vw\" srcset=\"https:\/\/s2.glbimg.com\/R-zWcuCnFz4nyVM14XZFUHhDmHE=\/0x0:1040x780\/1000x0\/smart\/filters:strip_icc()\/i.s3.glbimg.com\/v1\/AUTH_59edd422c0c84a879bd37670ae4f538a\/internal_photos\/bs\/2020\/0\/C\/2DCx4qTC2J5CJtm1vCtQ\/whatsapp-image-2020-08-19-at-13.39.16-3-.jpeg 1000w, https:\/\/s2.glbimg.com\/tqGffRUZyUuFatobOTnpB8bG9Uk=\/0x0:1040x780\/984x0\/smart\/filters:strip_icc()\/i.s3.glbimg.com\/v1\/AUTH_59edd422c0c84a879bd37670ae4f538a\/internal_photos\/bs\/2020\/0\/C\/2DCx4qTC2J5CJtm1vCtQ\/whatsapp-image-2020-08-19-at-13.39.16-3-.jpeg 984w, https:\/\/s2.glbimg.com\/TGXe-tHpd-H9hD4c0JFZVYxUIKg=\/0x0:1040x780\/640x0\/smart\/filters:strip_icc()\/i.s3.glbimg.com\/v1\/AUTH_59edd422c0c84a879bd37670ae4f538a\/internal_photos\/bs\/2020\/0\/C\/2DCx4qTC2J5CJtm1vCtQ\/whatsapp-image-2020-08-19-at-13.39.16-3-.jpeg 640w, https:\/\/s2.glbimg.com\/OiDBmV5wPtgJbMqtGBguJFeSLf8=\/0x0:1040x780\/600x0\/smart\/filters:strip_icc()\/i.s3.glbimg.com\/v1\/AUTH_59edd422c0c84a879bd37670ae4f538a\/internal_photos\/bs\/2020\/0\/C\/2DCx4qTC2J5CJtm1vCtQ\/whatsapp-image-2020-08-19-at-13.39.16-3-.jpeg 600w\" alt=\"Cobertura de um lava jato foi arrancada durante o temporal no distrito de Primavera \u2014 Foto: Fernando da Silva Alves\/Cedida\" \/><\/figure>\n<p class=\"content-media__description \">Cobertura de um lava jato foi arrancada durante o temporal no distrito de Primavera \u2014 Foto: Fernando da Silva Alves\/Cedida<\/p>\n<\/div>\n<\/div>\n<div class=\"row medium-uncollapsed content-media content-photo\" data-block-type=\"backstage-photo\" data-block-id=\"14\">\n<div class=\"mc-column content-media__container\">\n<figure><img decoding=\"async\" class=\"i-amphtml-fill-content i-amphtml-replaced-content\" src=\"https:\/\/s2.glbimg.com\/FlgtofiQKgvKVtgMMphwvAtvQRs=\/0x0:780x1040\/984x0\/smart\/filters:strip_icc()\/i.s3.glbimg.com\/v1\/AUTH_59edd422c0c84a879bd37670ae4f538a\/internal_photos\/bs\/2020\/f\/8\/XM3i5LSPKE7TbDcnBplw\/whatsapp-image-2020-08-19-at-13.39.14-1-.jpeg\" sizes=\"(max-width: 1242px) 648px, 100vw\" srcset=\"https:\/\/s2.glbimg.com\/HcCHQ-7mwDaK88CPGvYyyO2evBI=\/0x0:780x1040\/1000x0\/smart\/filters:strip_icc()\/i.s3.glbimg.com\/v1\/AUTH_59edd422c0c84a879bd37670ae4f538a\/internal_photos\/bs\/2020\/f\/8\/XM3i5LSPKE7TbDcnBplw\/whatsapp-image-2020-08-19-at-13.39.14-1-.jpeg 1000w, https:\/\/s2.glbimg.com\/FlgtofiQKgvKVtgMMphwvAtvQRs=\/0x0:780x1040\/984x0\/smart\/filters:strip_icc()\/i.s3.glbimg.com\/v1\/AUTH_59edd422c0c84a879bd37670ae4f538a\/internal_photos\/bs\/2020\/f\/8\/XM3i5LSPKE7TbDcnBplw\/whatsapp-image-2020-08-19-at-13.39.14-1-.jpeg 984w, https:\/\/s2.glbimg.com\/ben-_XMZ5Z0K5JHlq8mSumbM48g=\/0x0:780x1040\/640x0\/smart\/filters:strip_icc()\/i.s3.glbimg.com\/v1\/AUTH_59edd422c0c84a879bd37670ae4f538a\/internal_photos\/bs\/2020\/f\/8\/XM3i5LSPKE7TbDcnBplw\/whatsapp-image-2020-08-19-at-13.39.14-1-.jpeg 640w, https:\/\/s2.glbimg.com\/M7NMQHQIfnLAplnkcO86tFxbJdU=\/0x0:780x1040\/600x0\/smart\/filters:strip_icc()\/i.s3.glbimg.com\/v1\/AUTH_59edd422c0c84a879bd37670ae4f538a\/internal_photos\/bs\/2020\/f\/8\/XM3i5LSPKE7TbDcnBplw\/whatsapp-image-2020-08-19-at-13.39.14-1-.jpeg 600w\" alt=\"Cobertura de um lava jato foi arrancada durante o temporal no distrito de Primavera \u2014 Foto: Fernando da Silva Alves\/Cedida\" \/><\/figure>\n<p class=\"content-media__description \">Cobertura de um lava jato foi arrancada durante o temporal no distrito de Primavera \u2014 Foto: Fernando da Silva Alves\/Cedida<\/p>\n<\/div>\n<\/div>\n<div class=\"row medium-uncollapsed content-media content-photo\" data-block-type=\"backstage-photo\" data-block-id=\"15\">\n<div class=\"mc-column content-media__container\">\n<figure><img decoding=\"async\" class=\"i-amphtml-fill-content i-amphtml-replaced-content\" src=\"https:\/\/s2.glbimg.com\/tCHz9mhp5m4PLdO7JUNRpfaKgno=\/0x0:1040x780\/984x0\/smart\/filters:strip_icc()\/i.s3.glbimg.com\/v1\/AUTH_59edd422c0c84a879bd37670ae4f538a\/internal_photos\/bs\/2020\/H\/T\/bPxHNKRfezo5B9YG59Mg\/whatsapp-image-2020-08-19-at-13.39.17-1-.jpeg\" sizes=\"(max-width: 1242px) 648px, 100vw\" srcset=\"https:\/\/s2.glbimg.com\/IMqYAPRld2f2zlVNcCnHWcJC2GA=\/0x0:1040x780\/1000x0\/smart\/filters:strip_icc()\/i.s3.glbimg.com\/v1\/AUTH_59edd422c0c84a879bd37670ae4f538a\/internal_photos\/bs\/2020\/H\/T\/bPxHNKRfezo5B9YG59Mg\/whatsapp-image-2020-08-19-at-13.39.17-1-.jpeg 1000w, https:\/\/s2.glbimg.com\/tCHz9mhp5m4PLdO7JUNRpfaKgno=\/0x0:1040x780\/984x0\/smart\/filters:strip_icc()\/i.s3.glbimg.com\/v1\/AUTH_59edd422c0c84a879bd37670ae4f538a\/internal_photos\/bs\/2020\/H\/T\/bPxHNKRfezo5B9YG59Mg\/whatsapp-image-2020-08-19-at-13.39.17-1-.jpeg 984w, https:\/\/s2.glbimg.com\/qW0CfiUWlX97CeZGk9LYmzFeF-M=\/0x0:1040x780\/640x0\/smart\/filters:strip_icc()\/i.s3.glbimg.com\/v1\/AUTH_59edd422c0c84a879bd37670ae4f538a\/internal_photos\/bs\/2020\/H\/T\/bPxHNKRfezo5B9YG59Mg\/whatsapp-image-2020-08-19-at-13.39.17-1-.jpeg 640w, https:\/\/s2.glbimg.com\/b01w4FECUDXZvgxCk-ovXcxdxHg=\/0x0:1040x780\/600x0\/smart\/filters:strip_icc()\/i.s3.glbimg.com\/v1\/AUTH_59edd422c0c84a879bd37670ae4f538a\/internal_photos\/bs\/2020\/H\/T\/bPxHNKRfezo5B9YG59Mg\/whatsapp-image-2020-08-19-at-13.39.17-1-.jpeg 600w\" alt=\"Cobertura de um lava jato foi arrancada durante o temporal no distrito de Primavera \u2014 Foto: Fernando da Silva Alves\/Cedida\" \/><\/figure>\n<p class=\"content-media__description \">Cobertura de um lava jato foi arrancada durante o temporal no distrito de Primavera \u2014 Foto: Fernando da Silva Alves\/Cedida<\/p>\n<\/div>\n<\/div>\n<div class=\"row medium-uncollapsed content-media content-photo\" data-block-type=\"backstage-photo\" data-block-id=\"16\">\n<div class=\"mc-column content-media__container\">\n<figure><img decoding=\"async\" class=\"i-amphtml-fill-content i-amphtml-replaced-content\" src=\"https:\/\/s2.glbimg.com\/cM2df_IAdfZQBqzI4IxhIMvkcXI=\/0x0:1657x722\/984x0\/smart\/filters:strip_icc()\/i.s3.glbimg.com\/v1\/AUTH_59edd422c0c84a879bd37670ae4f538a\/internal_photos\/bs\/2020\/B\/g\/lDC61kTFizXE2mjT3ipg\/joao.jpg\" sizes=\"(max-width: 1242px) 648px, 100vw\" srcset=\"https:\/\/s2.glbimg.com\/hQvkvEbbC3lOiSHSTavvlU-tQLg=\/0x0:1657x722\/1000x0\/smart\/filters:strip_icc()\/i.s3.glbimg.com\/v1\/AUTH_59edd422c0c84a879bd37670ae4f538a\/internal_photos\/bs\/2020\/B\/g\/lDC61kTFizXE2mjT3ipg\/joao.jpg 1000w, https:\/\/s2.glbimg.com\/cM2df_IAdfZQBqzI4IxhIMvkcXI=\/0x0:1657x722\/984x0\/smart\/filters:strip_icc()\/i.s3.glbimg.com\/v1\/AUTH_59edd422c0c84a879bd37670ae4f538a\/internal_photos\/bs\/2020\/B\/g\/lDC61kTFizXE2mjT3ipg\/joao.jpg 984w, https:\/\/s2.glbimg.com\/AWrdGkNu-nD4RcrmKJDbg3p6kv4=\/0x0:1657x722\/640x0\/smart\/filters:strip_icc()\/i.s3.glbimg.com\/v1\/AUTH_59edd422c0c84a879bd37670ae4f538a\/internal_photos\/bs\/2020\/B\/g\/lDC61kTFizXE2mjT3ipg\/joao.jpg 640w, https:\/\/s2.glbimg.com\/GuBLesEnI4bDSLmO1SkOqJclPnA=\/0x0:1657x722\/600x0\/smart\/filters:strip_icc()\/i.s3.glbimg.com\/v1\/AUTH_59edd422c0c84a879bd37670ae4f538a\/internal_photos\/bs\/2020\/B\/g\/lDC61kTFizXE2mjT3ipg\/joao.jpg 600w\" alt=\"Morador de Teodoro Sampaio registrou os estragos no munic\u00edpio \u2014 Foto: Jo\u00e3o Henrique Corr\u00eaa\/Cedida\" \/><\/figure>\n<p class=\"content-media__description \">Morador de Teodoro Sampaio registrou os estragos no munic\u00edpio \u2014 Foto: Jo\u00e3o Henrique Corr\u00eaa\/Cedida<\/p>\n<\/div>\n<\/div>\n<div class=\"row medium-uncollapsed content-media content-photo\" data-block-type=\"backstage-photo\" data-block-id=\"18\">\n<div class=\"mc-column content-media__container\">\n<figure><img decoding=\"async\" class=\"i-amphtml-fill-content i-amphtml-replaced-content\" src=\"https:\/\/s2.glbimg.com\/QcHFFGmAfPyGVOpctFMMRIUTmGg=\/0x0:1040x780\/984x0\/smart\/filters:strip_icc()\/i.s3.glbimg.com\/v1\/AUTH_59edd422c0c84a879bd37670ae4f538a\/internal_photos\/bs\/2020\/s\/Y\/Sgf1npQkyUyG4EF3dKTQ\/jessica-barateli-primavera-2.jpeg\" sizes=\"(max-width: 1242px) 648px, 100vw\" srcset=\"https:\/\/s2.glbimg.com\/m_NCqlFIHMvaJVSyEF9-hnUn2Xg=\/0x0:1040x780\/1000x0\/smart\/filters:strip_icc()\/i.s3.glbimg.com\/v1\/AUTH_59edd422c0c84a879bd37670ae4f538a\/internal_photos\/bs\/2020\/s\/Y\/Sgf1npQkyUyG4EF3dKTQ\/jessica-barateli-primavera-2.jpeg 1000w, https:\/\/s2.glbimg.com\/QcHFFGmAfPyGVOpctFMMRIUTmGg=\/0x0:1040x780\/984x0\/smart\/filters:strip_icc()\/i.s3.glbimg.com\/v1\/AUTH_59edd422c0c84a879bd37670ae4f538a\/internal_photos\/bs\/2020\/s\/Y\/Sgf1npQkyUyG4EF3dKTQ\/jessica-barateli-primavera-2.jpeg 984w, https:\/\/s2.glbimg.com\/P4jE63rEiTWYaSubmOPu43WjBGo=\/0x0:1040x780\/640x0\/smart\/filters:strip_icc()\/i.s3.glbimg.com\/v1\/AUTH_59edd422c0c84a879bd37670ae4f538a\/internal_photos\/bs\/2020\/s\/Y\/Sgf1npQkyUyG4EF3dKTQ\/jessica-barateli-primavera-2.jpeg 640w, https:\/\/s2.glbimg.com\/Bt0NSal7cnOhrpkGdf8Fiar43sc=\/0x0:1040x780\/600x0\/smart\/filters:strip_icc()\/i.s3.glbimg.com\/v1\/AUTH_59edd422c0c84a879bd37670ae4f538a\/internal_photos\/bs\/2020\/s\/Y\/Sgf1npQkyUyG4EF3dKTQ\/jessica-barateli-primavera-2.jpeg 600w\" alt=\"Temporal causou estragos no distrito de Primavera, em Rosana J\u00e9ssica  \u2014 Foto: J\u00e9ssica Barateli\/Cedida\" \/><\/figure>\n<p class=\"content-media__description \">Temporal causou estragos no distrito de Primavera, em Rosana J\u00e9ssica \u2014 Foto: J\u00e9ssica Barateli\/Cedida<\/p>\n<\/div>\n<\/div>\n<div class=\"row medium-uncollapsed content-media content-photo\" data-block-type=\"backstage-photo\" data-block-id=\"19\">\n<div class=\"mc-column content-media__container\">\n<figure><img decoding=\"async\" class=\"i-amphtml-fill-content i-amphtml-replaced-content\" src=\"https:\/\/s2.glbimg.com\/Fwe2O1siav9KCnY5--UavoYXi3M=\/0x0:780x1040\/984x0\/smart\/filters:strip_icc()\/i.s3.glbimg.com\/v1\/AUTH_59edd422c0c84a879bd37670ae4f538a\/internal_photos\/bs\/2020\/F\/Q\/tIjAJAQSiEAFXpj0R2iA\/jessica-barateli-primavera.jpeg\" sizes=\"(max-width: 1242px) 648px, 100vw\" srcset=\"https:\/\/s2.glbimg.com\/9AgFZOXqmeLCWyV1ZLGRf-XqHNk=\/0x0:780x1040\/1000x0\/smart\/filters:strip_icc()\/i.s3.glbimg.com\/v1\/AUTH_59edd422c0c84a879bd37670ae4f538a\/internal_photos\/bs\/2020\/F\/Q\/tIjAJAQSiEAFXpj0R2iA\/jessica-barateli-primavera.jpeg 1000w, https:\/\/s2.glbimg.com\/Fwe2O1siav9KCnY5--UavoYXi3M=\/0x0:780x1040\/984x0\/smart\/filters:strip_icc()\/i.s3.glbimg.com\/v1\/AUTH_59edd422c0c84a879bd37670ae4f538a\/internal_photos\/bs\/2020\/F\/Q\/tIjAJAQSiEAFXpj0R2iA\/jessica-barateli-primavera.jpeg 984w, https:\/\/s2.glbimg.com\/yRPN4R9NTB9JTis67oo6GeHR1Lk=\/0x0:780x1040\/640x0\/smart\/filters:strip_icc()\/i.s3.glbimg.com\/v1\/AUTH_59edd422c0c84a879bd37670ae4f538a\/internal_photos\/bs\/2020\/F\/Q\/tIjAJAQSiEAFXpj0R2iA\/jessica-barateli-primavera.jpeg 640w, https:\/\/s2.glbimg.com\/fMc57-ycLE9L2NfHAUSu2BD9ejY=\/0x0:780x1040\/600x0\/smart\/filters:strip_icc()\/i.s3.glbimg.com\/v1\/AUTH_59edd422c0c84a879bd37670ae4f538a\/internal_photos\/bs\/2020\/F\/Q\/tIjAJAQSiEAFXpj0R2iA\/jessica-barateli-primavera.jpeg 600w\" alt=\"Temporal causou estragos no distrito de Primavera, em Rosana \u2014 Foto: J\u00e9ssica Barateli\/Cedida\" \/><\/figure>\n<p class=\"content-media__description \">Temporal causou estragos no distrito de Primavera, em Rosana \u2014 Foto: J\u00e9ssica Barateli\/Cedida<\/p>\n<\/div>\n<\/div>\n<div class=\"row medium-uncollapsed content-media content-photo\" data-block-type=\"backstage-photo\" data-block-id=\"20\">\n<div class=\"mc-column content-media__container\">\n<figure><img decoding=\"async\" class=\"i-amphtml-fill-content i-amphtml-replaced-content\" src=\"https:\/\/s2.glbimg.com\/2JiHLyX9k5Zjrt_oriPuYW7t-jk=\/0x0:1040x584\/984x0\/smart\/filters:strip_icc()\/i.s3.glbimg.com\/v1\/AUTH_59edd422c0c84a879bd37670ae4f538a\/internal_photos\/bs\/2020\/B\/3\/G1hyBkTECna4l04gW3TQ\/elias-reis-teodoro.jpeg\" sizes=\"(max-width: 1242px) 648px, 100vw\" srcset=\"https:\/\/s2.glbimg.com\/T7Cw4B6le0OgtobivuSarAo6SOk=\/0x0:1040x584\/1000x0\/smart\/filters:strip_icc()\/i.s3.glbimg.com\/v1\/AUTH_59edd422c0c84a879bd37670ae4f538a\/internal_photos\/bs\/2020\/B\/3\/G1hyBkTECna4l04gW3TQ\/elias-reis-teodoro.jpeg 1000w, https:\/\/s2.glbimg.com\/2JiHLyX9k5Zjrt_oriPuYW7t-jk=\/0x0:1040x584\/984x0\/smart\/filters:strip_icc()\/i.s3.glbimg.com\/v1\/AUTH_59edd422c0c84a879bd37670ae4f538a\/internal_photos\/bs\/2020\/B\/3\/G1hyBkTECna4l04gW3TQ\/elias-reis-teodoro.jpeg 984w, https:\/\/s2.glbimg.com\/5Sa_53w7713Vg9E4cnR21O4EtBI=\/0x0:1040x584\/640x0\/smart\/filters:strip_icc()\/i.s3.glbimg.com\/v1\/AUTH_59edd422c0c84a879bd37670ae4f538a\/internal_photos\/bs\/2020\/B\/3\/G1hyBkTECna4l04gW3TQ\/elias-reis-teodoro.jpeg 640w, https:\/\/s2.glbimg.com\/TBvLkuI9dsO7yKWegm4WUeXF9vA=\/0x0:1040x584\/600x0\/smart\/filters:strip_icc()\/i.s3.glbimg.com\/v1\/AUTH_59edd422c0c84a879bd37670ae4f538a\/internal_photos\/bs\/2020\/B\/3\/G1hyBkTECna4l04gW3TQ\/elias-reis-teodoro.jpeg 600w\" alt=\"Tamb\u00e9m houve queda de \u00e1rvores em Teodoro Sampaio \u2014 Foto: Elias Reis\/Cedida\" \/><\/figure>\n<p class=\"content-media__description \">Tamb\u00e9m houve queda de \u00e1rvores em Teodoro Sampaio \u2014 Foto: Elias Reis\/Cedida<\/p>\n<\/div>\n<\/div>\n<div class=\"content-ads content-ads--reveal\" data-block-type=\"ads\" data-block-id=\"21\">\n<div id=\"banner_materia__8e23c199-3230-452c-8b1c-b3ccdf554b36\" class=\"tag-manager-publicidade-container mc-has-reveal mc-has-ad-lazyload tag-manager-publicidade-banner_materia__8e23c199-3230-452c-8b1c-b3ccdf554b36 tag-manager-publicidade-container--carregado tag-manager-publicidade-container--visivel\" data-id=\"banner_materia__8e23c199-3230-452c-8b1c-b3ccdf554b36\" data-google-query-id=\"CP3sr76iqOsCFYu-hwodxVEL7Q\" data-cid=\"138318575861\" data-lid=\"5437460145\">\n<div id=\"google_ads_iframe_\/95377733\/tvg_G1\/Sua_Regiao&gt;Sudeste&gt;Sao_Paulo_(Pres_Prudente)_5__container__\" style=\"box-sizing: inherit; margin: auto; padding: 0px; border: 0pt none; font: inherit; vertical-align: initial; width: 970px; max-width: 100%; text-align: center; height: 90px;\"><iframe loading=\"lazy\" id=\"google_ads_iframe_\/95377733\/tvg_G1\/Sua_Regiao&gt;Sudeste&gt;Sao_Paulo_(Pres_Prudente)_5\" style=\"box-sizing: inherit; margin: 0px; padding: 0px; border: 0px; font: inherit; vertical-align: bottom;\" title=\"3rd party ad content\" src=\"https:\/\/tpc.googlesyndication.com\/safeframe\/1-0-37\/html\/container.html\" name=\"\" width=\"970\" height=\"90\" frameborder=\"0\" marginwidth=\"0\" marginheight=\"0\" scrolling=\"no\" sandbox=\"allow-forms allow-pointer-lock allow-popups allow-popups-to-escape-sandbox allow-same-origin allow-scripts allow-top-navigation-by-user-activation\" data-is-safeframe=\"true\" data-google-container-id=\"6\" data-load-complete=\"true\" data-mce-fragment=\"1\"><\/iframe><\/div>\n<\/div>\n<\/div>\n<div class=\"row medium-uncollapsed content-media content-photo\" data-block-type=\"backstage-photo\" data-block-id=\"22\">\n<div class=\"mc-column content-media__container\">\n<figure><img decoding=\"async\" class=\"i-amphtml-fill-content i-amphtml-replaced-content\" src=\"https:\/\/s2.glbimg.com\/DpSJQIA_j4EWy2TCCuYiDyvnvbc=\/0x0:1280x720\/984x0\/smart\/filters:strip_icc()\/i.s3.glbimg.com\/v1\/AUTH_59edd422c0c84a879bd37670ae4f538a\/internal_photos\/bs\/2020\/8\/y\/D5w9qWSACkMI2vf0l4RQ\/ismael-batista-reis-primavera-2.jpeg\" sizes=\"(max-width: 1242px) 648px, 100vw\" srcset=\"https:\/\/s2.glbimg.com\/Pq0KQaZ-PUq5lLsI8BHtw8105mE=\/0x0:1280x720\/1000x0\/smart\/filters:strip_icc()\/i.s3.glbimg.com\/v1\/AUTH_59edd422c0c84a879bd37670ae4f538a\/internal_photos\/bs\/2020\/8\/y\/D5w9qWSACkMI2vf0l4RQ\/ismael-batista-reis-primavera-2.jpeg 1000w, https:\/\/s2.glbimg.com\/DpSJQIA_j4EWy2TCCuYiDyvnvbc=\/0x0:1280x720\/984x0\/smart\/filters:strip_icc()\/i.s3.glbimg.com\/v1\/AUTH_59edd422c0c84a879bd37670ae4f538a\/internal_photos\/bs\/2020\/8\/y\/D5w9qWSACkMI2vf0l4RQ\/ismael-batista-reis-primavera-2.jpeg 984w, https:\/\/s2.glbimg.com\/ayfrYQg8NKnEtEQbbyKyg2-yfQM=\/0x0:1280x720\/640x0\/smart\/filters:strip_icc()\/i.s3.glbimg.com\/v1\/AUTH_59edd422c0c84a879bd37670ae4f538a\/internal_photos\/bs\/2020\/8\/y\/D5w9qWSACkMI2vf0l4RQ\/ismael-batista-reis-primavera-2.jpeg 640w, https:\/\/s2.glbimg.com\/4MQVPLZcaQqbRkcx2JI6yq3eMj8=\/0x0:1280x720\/600x0\/smart\/filters:strip_icc()\/i.s3.glbimg.com\/v1\/AUTH_59edd422c0c84a879bd37670ae4f538a\/internal_photos\/bs\/2020\/8\/y\/D5w9qWSACkMI2vf0l4RQ\/ismael-batista-reis-primavera-2.jpeg 600w\" alt=\"Houve estragos no distrito de Primavera, em Rosana \u2014 Foto: Ismael Batista Reis\/Cedida\" \/><\/figure>\n<p class=\"content-media__description \">Houve estragos no distrito de Primavera, em Rosana \u2014 Foto: Ismael Batista Reis\/Cedida<\/p>\n<\/div>\n<\/div>\n<div class=\"row medium-uncollapsed content-media content-photo\" data-block-type=\"backstage-photo\" data-block-id=\"23\">\n<div class=\"mc-column content-media__container\">\n<figure><img decoding=\"async\" class=\"i-amphtml-fill-content i-amphtml-replaced-content\" src=\"https:\/\/s2.glbimg.com\/VdVvPHxBr7s3uF-jTqlzvMMpJlI=\/0x0:1280x720\/984x0\/smart\/filters:strip_icc()\/i.s3.glbimg.com\/v1\/AUTH_59edd422c0c84a879bd37670ae4f538a\/internal_photos\/bs\/2020\/m\/5\/1Cc2PESYAvVMzbxAjvxw\/ismael-batista-reis-primavera-3.jpeg\" sizes=\"(max-width: 1242px) 648px, 100vw\" srcset=\"https:\/\/s2.glbimg.com\/FHVJMdgDCCLTjgusy0YwAC0i32Y=\/0x0:1280x720\/1000x0\/smart\/filters:strip_icc()\/i.s3.glbimg.com\/v1\/AUTH_59edd422c0c84a879bd37670ae4f538a\/internal_photos\/bs\/2020\/m\/5\/1Cc2PESYAvVMzbxAjvxw\/ismael-batista-reis-primavera-3.jpeg 1000w, https:\/\/s2.glbimg.com\/VdVvPHxBr7s3uF-jTqlzvMMpJlI=\/0x0:1280x720\/984x0\/smart\/filters:strip_icc()\/i.s3.glbimg.com\/v1\/AUTH_59edd422c0c84a879bd37670ae4f538a\/internal_photos\/bs\/2020\/m\/5\/1Cc2PESYAvVMzbxAjvxw\/ismael-batista-reis-primavera-3.jpeg 984w, https:\/\/s2.glbimg.com\/Epar4XggxBAgru16L4YiJl6fkbo=\/0x0:1280x720\/640x0\/smart\/filters:strip_icc()\/i.s3.glbimg.com\/v1\/AUTH_59edd422c0c84a879bd37670ae4f538a\/internal_photos\/bs\/2020\/m\/5\/1Cc2PESYAvVMzbxAjvxw\/ismael-batista-reis-primavera-3.jpeg 640w, https:\/\/s2.glbimg.com\/xi3-Us_LWUY9Prg1aeFCt_5LPRw=\/0x0:1280x720\/600x0\/smart\/filters:strip_icc()\/i.s3.glbimg.com\/v1\/AUTH_59edd422c0c84a879bd37670ae4f538a\/internal_photos\/bs\/2020\/m\/5\/1Cc2PESYAvVMzbxAjvxw\/ismael-batista-reis-primavera-3.jpeg 600w\" alt=\"Houve estragos no distrito de Primavera, em Rosana \u2014 Foto: Ismael Batista Reis\/Cedida\" \/><\/figure>\n<p class=\"content-media__description \">Houve estragos no distrito de Primavera, em Rosana \u2014 Foto: Ismael Batista Reis\/Cedida<\/p>\n<\/div>\n<\/div>\n<div class=\"row medium-uncollapsed content-media content-photo\" data-block-type=\"backstage-photo\" data-block-id=\"24\">\n<div class=\"mc-column content-media__container\">\n<figure><img decoding=\"async\" class=\"i-amphtml-fill-content i-amphtml-replaced-content\" src=\"https:\/\/s2.glbimg.com\/TfoMZaI1dyqPGhm6nm9hOwhPku8=\/0x0:774x1032\/984x0\/smart\/filters:strip_icc()\/i.s3.glbimg.com\/v1\/AUTH_59edd422c0c84a879bd37670ae4f538a\/internal_photos\/bs\/2020\/s\/Q\/A3vaDERvuP2QRJ3nuAaw\/fabiano-pereira-de-menezes-teodoro.jpeg\" sizes=\"(max-width: 1242px) 648px, 100vw\" srcset=\"https:\/\/s2.glbimg.com\/GY8suPknc7Ig8eiu2phivoY7B_U=\/0x0:774x1032\/1000x0\/smart\/filters:strip_icc()\/i.s3.glbimg.com\/v1\/AUTH_59edd422c0c84a879bd37670ae4f538a\/internal_photos\/bs\/2020\/s\/Q\/A3vaDERvuP2QRJ3nuAaw\/fabiano-pereira-de-menezes-teodoro.jpeg 1000w, https:\/\/s2.glbimg.com\/TfoMZaI1dyqPGhm6nm9hOwhPku8=\/0x0:774x1032\/984x0\/smart\/filters:strip_icc()\/i.s3.glbimg.com\/v1\/AUTH_59edd422c0c84a879bd37670ae4f538a\/internal_photos\/bs\/2020\/s\/Q\/A3vaDERvuP2QRJ3nuAaw\/fabiano-pereira-de-menezes-teodoro.jpeg 984w, https:\/\/s2.glbimg.com\/qq_W7z8raAoy3cNFL_haBCf5dxc=\/0x0:774x1032\/640x0\/smart\/filters:strip_icc()\/i.s3.glbimg.com\/v1\/AUTH_59edd422c0c84a879bd37670ae4f538a\/internal_photos\/bs\/2020\/s\/Q\/A3vaDERvuP2QRJ3nuAaw\/fabiano-pereira-de-menezes-teodoro.jpeg 640w, https:\/\/s2.glbimg.com\/9Ow0ZlYGfZZQNFImyQkGufDetnQ=\/0x0:774x1032\/600x0\/smart\/filters:strip_icc()\/i.s3.glbimg.com\/v1\/AUTH_59edd422c0c84a879bd37670ae4f538a\/internal_photos\/bs\/2020\/s\/Q\/A3vaDERvuP2QRJ3nuAaw\/fabiano-pereira-de-menezes-teodoro.jpeg 600w\" alt=\"Morador de Teodoro Sampaio registrou os estragos no munic\u00edpio \u2014 Foto: Fabiano Pereira de Menezes\/Cedida\" \/><\/figure>\n<p class=\"content-media__description \">Morador de Teodoro Sampaio registrou os estragos no munic\u00edpio \u2014 Foto: Fabiano Pereira de Menezes\/Cedida<\/p>\n<\/div>\n<\/div>\n<div class=\"row medium-uncollapsed content-media content-photo\" data-block-type=\"backstage-photo\" data-block-id=\"26\">\n<div class=\"mc-column content-media__container\">\n<figure><img decoding=\"async\" class=\"i-amphtml-fill-content i-amphtml-replaced-content\" src=\"https:\/\/s2.glbimg.com\/DCoX_gNtxzWXCSrJ9kfPvyP6_jg=\/0x0:1080x525\/984x0\/smart\/filters:strip_icc()\/i.s3.glbimg.com\/v1\/AUTH_59edd422c0c84a879bd37670ae4f538a\/internal_photos\/bs\/2020\/m\/Q\/cE1Z1rRAyFLSUaDkvv6A\/domingos-vieira-taciba.jpeg\" sizes=\"(max-width: 1242px) 648px, 100vw\" srcset=\"https:\/\/s2.glbimg.com\/RZyBK8ygLvI5is1PyWxaMbHZ6Hs=\/0x0:1080x525\/1000x0\/smart\/filters:strip_icc()\/i.s3.glbimg.com\/v1\/AUTH_59edd422c0c84a879bd37670ae4f538a\/internal_photos\/bs\/2020\/m\/Q\/cE1Z1rRAyFLSUaDkvv6A\/domingos-vieira-taciba.jpeg 1000w, https:\/\/s2.glbimg.com\/DCoX_gNtxzWXCSrJ9kfPvyP6_jg=\/0x0:1080x525\/984x0\/smart\/filters:strip_icc()\/i.s3.glbimg.com\/v1\/AUTH_59edd422c0c84a879bd37670ae4f538a\/internal_photos\/bs\/2020\/m\/Q\/cE1Z1rRAyFLSUaDkvv6A\/domingos-vieira-taciba.jpeg 984w, https:\/\/s2.glbimg.com\/2ophQPLmPp1UTAnrreMG65uerWY=\/0x0:1080x525\/640x0\/smart\/filters:strip_icc()\/i.s3.glbimg.com\/v1\/AUTH_59edd422c0c84a879bd37670ae4f538a\/internal_photos\/bs\/2020\/m\/Q\/cE1Z1rRAyFLSUaDkvv6A\/domingos-vieira-taciba.jpeg 640w, https:\/\/s2.glbimg.com\/ct82iaK_IisitYDikceF6wdnRKw=\/0x0:1080x525\/600x0\/smart\/filters:strip_icc()\/i.s3.glbimg.com\/v1\/AUTH_59edd422c0c84a879bd37670ae4f538a\/internal_photos\/bs\/2020\/m\/Q\/cE1Z1rRAyFLSUaDkvv6A\/domingos-vieira-taciba.jpeg 600w\" alt=\"Em Taciba, houve a queda de \u00e1rvores \u2014 Foto: Domingos Vieira\/Cedida\" \/><\/figure>\n<p class=\"content-media__description \">Em Taciba, houve a queda de \u00e1rvores \u2014 Foto: Domingos Vieira\/Cedida<\/p>\n<\/div>\n<\/div>\n<div class=\"row medium-uncollapsed content-media content-photo\" data-block-type=\"backstage-photo\" data-block-id=\"27\">\n<div class=\"mc-column content-media__container\">\n<figure><img decoding=\"async\" class=\"i-amphtml-fill-content i-amphtml-replaced-content\" src=\"https:\/\/s2.glbimg.com\/KO3KdGnKPIBUjxm4O33EGOGdjrs=\/0x0:774x1032\/984x0\/smart\/filters:strip_icc()\/i.s3.glbimg.com\/v1\/AUTH_59edd422c0c84a879bd37670ae4f538a\/internal_photos\/bs\/2020\/G\/T\/DPWMm0QXCswU1DJQi9ow\/domingos-vieira-taciba-2.jpeg\" sizes=\"(max-width: 1242px) 648px, 100vw\" srcset=\"https:\/\/s2.glbimg.com\/XzWN_Ugn0Lejcn76yXOnKWCIUPQ=\/0x0:774x1032\/1000x0\/smart\/filters:strip_icc()\/i.s3.glbimg.com\/v1\/AUTH_59edd422c0c84a879bd37670ae4f538a\/internal_photos\/bs\/2020\/G\/T\/DPWMm0QXCswU1DJQi9ow\/domingos-vieira-taciba-2.jpeg 1000w, https:\/\/s2.glbimg.com\/KO3KdGnKPIBUjxm4O33EGOGdjrs=\/0x0:774x1032\/984x0\/smart\/filters:strip_icc()\/i.s3.glbimg.com\/v1\/AUTH_59edd422c0c84a879bd37670ae4f538a\/internal_photos\/bs\/2020\/G\/T\/DPWMm0QXCswU1DJQi9ow\/domingos-vieira-taciba-2.jpeg 984w, https:\/\/s2.glbimg.com\/BO-jUhDBHFUAPGVlk7sdm_c_tI8=\/0x0:774x1032\/640x0\/smart\/filters:strip_icc()\/i.s3.glbimg.com\/v1\/AUTH_59edd422c0c84a879bd37670ae4f538a\/internal_photos\/bs\/2020\/G\/T\/DPWMm0QXCswU1DJQi9ow\/domingos-vieira-taciba-2.jpeg 640w, https:\/\/s2.glbimg.com\/NcEcvctJj0nccLC4ygNO5cUSd5Y=\/0x0:774x1032\/600x0\/smart\/filters:strip_icc()\/i.s3.glbimg.com\/v1\/AUTH_59edd422c0c84a879bd37670ae4f538a\/internal_photos\/bs\/2020\/G\/T\/DPWMm0QXCswU1DJQi9ow\/domingos-vieira-taciba-2.jpeg 600w\" alt=\"Em Taciba, houve a queda de \u00e1rvores \u2014 Foto: Domingos Vieira\/Cedida\" \/><\/figure>\n<p class=\"content-media__description \">Em Taciba, houve a queda de \u00e1rvores \u2014 Foto: Domingos Vieira\/Cedida<\/p>\n<\/div>\n<\/div>\n<div class=\"row medium-uncollapsed content-media content-photo\" data-block-type=\"backstage-photo\" data-block-id=\"28\">\n<div class=\"mc-column content-media__container\">\n<figure><img decoding=\"async\" class=\"i-amphtml-fill-content i-amphtml-replaced-content\" src=\"https:\/\/s2.glbimg.com\/Pi-_N-JQju-gyZCOGA78mUmms6Y=\/0x0:1280x720\/984x0\/smart\/filters:strip_icc()\/i.s3.glbimg.com\/v1\/AUTH_59edd422c0c84a879bd37670ae4f538a\/internal_photos\/bs\/2020\/v\/Y\/U0dEogQyS0oIBBsxCN8Q\/ismael-batista-reis-primavera.jpeg\" sizes=\"(max-width: 1242px) 648px, 100vw\" srcset=\"https:\/\/s2.glbimg.com\/issh1o4hpQM7_NkVcPNHVt9qUlo=\/0x0:1280x720\/1000x0\/smart\/filters:strip_icc()\/i.s3.glbimg.com\/v1\/AUTH_59edd422c0c84a879bd37670ae4f538a\/internal_photos\/bs\/2020\/v\/Y\/U0dEogQyS0oIBBsxCN8Q\/ismael-batista-reis-primavera.jpeg 1000w, https:\/\/s2.glbimg.com\/Pi-_N-JQju-gyZCOGA78mUmms6Y=\/0x0:1280x720\/984x0\/smart\/filters:strip_icc()\/i.s3.glbimg.com\/v1\/AUTH_59edd422c0c84a879bd37670ae4f538a\/internal_photos\/bs\/2020\/v\/Y\/U0dEogQyS0oIBBsxCN8Q\/ismael-batista-reis-primavera.jpeg 984w, https:\/\/s2.glbimg.com\/J3JnWRpJgg9KF0Cw1DFTm_gz-Z0=\/0x0:1280x720\/640x0\/smart\/filters:strip_icc()\/i.s3.glbimg.com\/v1\/AUTH_59edd422c0c84a879bd37670ae4f538a\/internal_photos\/bs\/2020\/v\/Y\/U0dEogQyS0oIBBsxCN8Q\/ismael-batista-reis-primavera.jpeg 640w, https:\/\/s2.glbimg.com\/RJKOykdDSXVEghFsHiEkV6ZP-xw=\/0x0:1280x720\/600x0\/smart\/filters:strip_icc()\/i.s3.glbimg.com\/v1\/AUTH_59edd422c0c84a879bd37670ae4f538a\/internal_photos\/bs\/2020\/v\/Y\/U0dEogQyS0oIBBsxCN8Q\/ismael-batista-reis-primavera.jpeg 600w\" alt=\"Houve estragos no distrito de Primavera, em Rosana \u2014 Foto: Ismael Batista Reis\/Cedida\" \/><\/figure>\n<p class=\"content-media__description \">Houve estragos no distrito de Primavera, em Rosana \u2014 Foto: Ismael Batista Reis\/Cedida<\/p>\n<\/div>\n<\/div>\n<\/div>\n<div class=\"mc-column content-text active-extra-styles \" style=\"text-align: justify;\" data-block-type=\"unstyled\" data-block-weight=\"29\" data-block-id=\"7\">\n<p class=\"content-text__container \" data-track-category=\"Link no Texto\" data-track-links=\"\">A empresa explicou que s\u00e3o casos de vegeta\u00e7\u00e3o da rede el\u00e9trica que provocam o rompimento de cabos e queda de postes que exigem maior complexidade na execu\u00e7\u00e3o do servi\u00e7o.<\/p>\n<\/div>\n<div class=\"mc-column content-text active-extra-styles \" style=\"text-align: justify;\" data-block-type=\"unstyled\" data-block-weight=\"12\" data-block-id=\"8\">\n<p class=\"content-text__container \" data-track-category=\"Link no Texto\" data-track-links=\"\">Em\u00a0<a href=\"https:\/\/g1.globo.com\/sp\/presidente-prudente-regiao\/cidade\/taciba\/\">Taciba<\/a>, equipes da Elektro tamb\u00e9m estavam atuando para normalizar o servi\u00e7o.<\/p>\n<\/div>\n<div class=\"mc-column content-text active-extra-styles \" style=\"text-align: justify;\" data-block-type=\"unstyled\" data-block-weight=\"37\" data-block-id=\"9\">\n<p class=\"content-text__container \" data-track-category=\"Link no Texto\" data-track-links=\"\">Em Rosana, na subprefeitura do distrito de Primavera, a Prefeitura criou um ponto de apoio para atender os moradores que necessitem de ajuda por conta dos estragos do temporal. O telefone para contato \u00e9 o (18) 3284-3838.<\/p>\n<\/div>\n<div class=\"mc-column content-text active-extra-styles \" data-block-type=\"unstyled\" data-block-weight=\"32\" data-block-id=\"10\">\n<p class=\"content-text__container \" style=\"text-align: justify;\" data-track-category=\"Link no Texto\" data-track-links=\"\">Para esta quarta (19) e quinta-feira (20) com a atua\u00e7\u00e3o dessas \u00e1reas de instabilidade, o Instituto Nacional de Meteorologia (Inmet) faz um alerta de possibilidade de chuva forte com vento e granizo.<\/p>\n<p style=\"text-align: justify;\" data-track-category=\"Link no Texto\" data-track-links=\"\">Fonte: G1<\/p>\n<\/div>\n<\/div>\n","protected":false},"excerpt":{"rendered":"<p>Foram registrados queda de \u00e1rvores, destelhamentos e queda de placas nesta quarta-feira (19). Algumas cidades tamb\u00e9m ficaram sem o fornecimento de energia el\u00e9trica. O temporal que atingiu a regi\u00e3o de\u00a0Presidente Prudente\u00a0na manh\u00e3 desta quarta-feira (19) causou estragos. Em\u00a0Mirante do Paranapanema,\u00a0Rosana,\u00a0Euclides da Cunha Paulista\u00a0e\u00a0Teodoro Sampaio\u00a0foram registrados queda de placas e \u00e1rvores e destelhamentos. Al\u00e9m disso, houve [&hellip;]<\/p>\n","protected":false},"author":1,"featured_media":33119,"comment_status":"closed","ping_status":"open","sticky":false,"template":"","format":"standard","meta":{"footnotes":""},"categories":[114,110],"tags":[],"class_list":["post-33118","post","type-post","status-publish","format-standard","has-post-thumbnail","hentry","category-geralecomercio","category-noticiasdestaque"],"_links":{"self":[{"href":"https:\/\/jorgezanoni.com.br\/2019\/wp-json\/wp\/v2\/posts\/33118","targetHints":{"allow":["GET"]}}],"collection":[{"href":"https:\/\/jorgezanoni.com.br\/2019\/wp-json\/wp\/v2\/posts"}],"about":[{"href":"https:\/\/jorgezanoni.com.br\/2019\/wp-json\/wp\/v2\/types\/post"}],"author":[{"embeddable":true,"href":"https:\/\/jorgezanoni.com.br\/2019\/wp-json\/wp\/v2\/users\/1"}],"replies":[{"embeddable":true,"href":"https:\/\/jorgezanoni.com.br\/2019\/wp-json\/wp\/v2\/comments?post=33118"}],"version-history":[{"count":0,"href":"https:\/\/jorgezanoni.com.br\/2019\/wp-json\/wp\/v2\/posts\/33118\/revisions"}],"wp:featuredmedia":[{"embeddable":true,"href":"https:\/\/jorgezanoni.com.br\/2019\/wp-json\/wp\/v2\/media\/33119"}],"wp:attachment":[{"href":"https:\/\/jorgezanoni.com.br\/2019\/wp-json\/wp\/v2\/media?parent=33118"}],"wp:term":[{"taxonomy":"category","embeddable":true,"href":"https:\/\/jorgezanoni.com.br\/2019\/wp-json\/wp\/v2\/categories?post=33118"},{"taxonomy":"post_tag","embeddable":true,"href":"https:\/\/jorgezanoni.com.br\/2019\/wp-json\/wp\/v2\/tags?post=33118"}],"curies":[{"name":"wp","href":"https:\/\/api.w.org\/{rel}","templated":true}]}}