{"id":33092,"date":"2020-08-19T16:11:48","date_gmt":"2020-08-19T16:11:48","guid":{"rendered":"https:\/\/jorgezanoni.com.br\/2019\/?p=33092"},"modified":"2020-08-19T16:13:09","modified_gmt":"2020-08-19T16:13:09","slug":"amigos-acompanham-corpo-de-nego-mortagua-em-carreata","status":"publish","type":"post","link":"https:\/\/jorgezanoni.com.br\/2019\/amigos-acompanham-corpo-de-nego-mortagua-em-carreata\/","title":{"rendered":"Amigos acompanham corpo de &#8220;Nego Mort\u00e1gua&#8221; em carreata"},"content":{"rendered":"<p style=\"text-align: justify;\">Na manh\u00e3 desta quarta-feira (19), amigos do esportista Jos\u00e9 Antonio Mort\u00e1gua, seguiram em carreata da entrada da cidade passando pelas principais ruas e avenidas at\u00e9 o Cemit\u00e9rio Municipal onde foi sepultado o seu corpo.<\/p>\n<p style=\"text-align: justify;\">N\u00e3o houve vel\u00f3rio, e foi uma forma da justa homenagem ao grande esportista dracenense.<\/p>\n<div style=\"width: 640px;\" class=\"wp-video\"><video class=\"wp-video-shortcode\" id=\"video-33092-1\" width=\"640\" height=\"352\" preload=\"metadata\" controls=\"controls\"><source type=\"video\/mp4\" src=\"https:\/\/jorgezanoni.com.br\/2019\/wp-content\/uploads\/2020\/08\/WhatsApp-Video-2020-08-19-at-08.48.37.mp4?_=1\" \/><a href=\"https:\/\/jorgezanoni.com.br\/2019\/wp-content\/uploads\/2020\/08\/WhatsApp-Video-2020-08-19-at-08.48.37.mp4\">https:\/\/jorgezanoni.com.br\/2019\/wp-content\/uploads\/2020\/08\/WhatsApp-Video-2020-08-19-at-08.48.37.mp4<\/a><\/video><\/div>\n<p><img loading=\"lazy\" decoding=\"async\" class=\"alignnone size-full wp-image-33094\" src=\"https:\/\/jorgezanoni.com.br\/2019\/wp-content\/uploads\/2020\/08\/carre.jpg\" alt=\"\" width=\"960\" height=\"1280\" srcset=\"https:\/\/jorgezanoni.com.br\/2019\/wp-content\/uploads\/2020\/08\/carre.jpg 960w, https:\/\/jorgezanoni.com.br\/2019\/wp-content\/uploads\/2020\/08\/carre-225x300.jpg 225w, https:\/\/jorgezanoni.com.br\/2019\/wp-content\/uploads\/2020\/08\/carre-768x1024.jpg 768w, https:\/\/jorgezanoni.com.br\/2019\/wp-content\/uploads\/2020\/08\/carre-696x928.jpg 696w, https:\/\/jorgezanoni.com.br\/2019\/wp-content\/uploads\/2020\/08\/carre-315x420.jpg 315w\" sizes=\"auto, (max-width: 960px) 100vw, 960px\" \/> <img loading=\"lazy\" decoding=\"async\" class=\"alignnone size-full wp-image-33096\" src=\"https:\/\/jorgezanoni.com.br\/2019\/wp-content\/uploads\/2020\/08\/carre2.jpg\" alt=\"\" width=\"960\" height=\"1280\" srcset=\"https:\/\/jorgezanoni.com.br\/2019\/wp-content\/uploads\/2020\/08\/carre2.jpg 960w, https:\/\/jorgezanoni.com.br\/2019\/wp-content\/uploads\/2020\/08\/carre2-225x300.jpg 225w, https:\/\/jorgezanoni.com.br\/2019\/wp-content\/uploads\/2020\/08\/carre2-768x1024.jpg 768w, https:\/\/jorgezanoni.com.br\/2019\/wp-content\/uploads\/2020\/08\/carre2-696x928.jpg 696w, https:\/\/jorgezanoni.com.br\/2019\/wp-content\/uploads\/2020\/08\/carre2-315x420.jpg 315w\" sizes=\"auto, (max-width: 960px) 100vw, 960px\" \/> <img loading=\"lazy\" decoding=\"async\" class=\"alignnone size-full wp-image-33097\" src=\"https:\/\/jorgezanoni.com.br\/2019\/wp-content\/uploads\/2020\/08\/carre3.jpg\" alt=\"\" width=\"960\" height=\"1280\" srcset=\"https:\/\/jorgezanoni.com.br\/2019\/wp-content\/uploads\/2020\/08\/carre3.jpg 960w, https:\/\/jorgezanoni.com.br\/2019\/wp-content\/uploads\/2020\/08\/carre3-225x300.jpg 225w, https:\/\/jorgezanoni.com.br\/2019\/wp-content\/uploads\/2020\/08\/carre3-768x1024.jpg 768w, https:\/\/jorgezanoni.com.br\/2019\/wp-content\/uploads\/2020\/08\/carre3-696x928.jpg 696w, https:\/\/jorgezanoni.com.br\/2019\/wp-content\/uploads\/2020\/08\/carre3-315x420.jpg 315w\" sizes=\"auto, (max-width: 960px) 100vw, 960px\" \/> <img loading=\"lazy\" decoding=\"async\" class=\"alignnone size-full wp-image-33098\" src=\"https:\/\/jorgezanoni.com.br\/2019\/wp-content\/uploads\/2020\/08\/carre4.jpg\" alt=\"\" width=\"960\" height=\"1280\" srcset=\"https:\/\/jorgezanoni.com.br\/2019\/wp-content\/uploads\/2020\/08\/carre4.jpg 960w, https:\/\/jorgezanoni.com.br\/2019\/wp-content\/uploads\/2020\/08\/carre4-225x300.jpg 225w, https:\/\/jorgezanoni.com.br\/2019\/wp-content\/uploads\/2020\/08\/carre4-768x1024.jpg 768w, https:\/\/jorgezanoni.com.br\/2019\/wp-content\/uploads\/2020\/08\/carre4-696x928.jpg 696w, https:\/\/jorgezanoni.com.br\/2019\/wp-content\/uploads\/2020\/08\/carre4-315x420.jpg 315w\" sizes=\"auto, (max-width: 960px) 100vw, 960px\" \/><\/p>\n","protected":false},"excerpt":{"rendered":"<p>Na manh\u00e3 desta quarta-feira (19), amigos do esportista Jos\u00e9 Antonio Mort\u00e1gua, seguiram em carreata da entrada da cidade passando pelas principais ruas e avenidas at\u00e9 o Cemit\u00e9rio Municipal onde foi sepultado o seu corpo. N\u00e3o houve vel\u00f3rio, e foi uma forma da justa homenagem ao grande esportista dracenense.<\/p>\n","protected":false},"author":1,"featured_media":33095,"comment_status":"closed","ping_status":"open","sticky":false,"template":"","format":"video","meta":{"footnotes":""},"categories":[110,169],"tags":[],"class_list":["post-33092","post","type-post","status-publish","format-video","has-post-thumbnail","hentry","category-noticiasdestaque","category-videos","post_format-post-format-video"],"_links":{"self":[{"href":"https:\/\/jorgezanoni.com.br\/2019\/wp-json\/wp\/v2\/posts\/33092","targetHints":{"allow":["GET"]}}],"collection":[{"href":"https:\/\/jorgezanoni.com.br\/2019\/wp-json\/wp\/v2\/posts"}],"about":[{"href":"https:\/\/jorgezanoni.com.br\/2019\/wp-json\/wp\/v2\/types\/post"}],"author":[{"embeddable":true,"href":"https:\/\/jorgezanoni.com.br\/2019\/wp-json\/wp\/v2\/users\/1"}],"replies":[{"embeddable":true,"href":"https:\/\/jorgezanoni.com.br\/2019\/wp-json\/wp\/v2\/comments?post=33092"}],"version-history":[{"count":0,"href":"https:\/\/jorgezanoni.com.br\/2019\/wp-json\/wp\/v2\/posts\/33092\/revisions"}],"wp:featuredmedia":[{"embeddable":true,"href":"https:\/\/jorgezanoni.com.br\/2019\/wp-json\/wp\/v2\/media\/33095"}],"wp:attachment":[{"href":"https:\/\/jorgezanoni.com.br\/2019\/wp-json\/wp\/v2\/media?parent=33092"}],"wp:term":[{"taxonomy":"category","embeddable":true,"href":"https:\/\/jorgezanoni.com.br\/2019\/wp-json\/wp\/v2\/categories?post=33092"},{"taxonomy":"post_tag","embeddable":true,"href":"https:\/\/jorgezanoni.com.br\/2019\/wp-json\/wp\/v2\/tags?post=33092"}],"curies":[{"name":"wp","href":"https:\/\/api.w.org\/{rel}","templated":true}]}}