{"id":33065,"date":"2020-08-19T02:18:42","date_gmt":"2020-08-19T02:18:42","guid":{"rendered":"https:\/\/jorgezanoni.com.br\/2019\/?p=33065"},"modified":"2020-08-19T10:52:10","modified_gmt":"2020-08-19T10:52:10","slug":"morre-o-conhecido-esportista-nego-mortagua","status":"publish","type":"post","link":"https:\/\/jorgezanoni.com.br\/2019\/morre-o-conhecido-esportista-nego-mortagua\/","title":{"rendered":"Morre o conhecido esportista &#8220;Nego Mort\u00e1gua&#8221;"},"content":{"rendered":"<p style=\"text-align: justify;\">Faleceu agora a noite no Hospital Regional de Presidente Prudente, Jos\u00e9 Antonio Mort\u00e1gua &#8220;Nego Mort\u00e1gua&#8221; aos 69 anos. Era vi\u00favo de Regina Carreira Mort\u00e1gua. Deixa os filhos Karina, Tha\u00edsa e Guilherme, noras, genros e netos.<\/p>\n<p style=\"text-align: justify;\">Segundo informa\u00e7\u00f5es ele estava com quadro de Leucemia, por\u00e9m praticamente recuperado, acabou sofrendo dois AVCs e apresentou quadro para a COVID-19.<\/p>\n<p style=\"text-align: justify;\">Nego Mort\u00e1gua sempre esteve ligado ao esporte, jogou pedo extinto Dracena Futebol Clube e por muitos anos foi comentarista de r\u00e1dio. Foi comerciante por muitos anos no ramo de Olaria.<\/p>\n<p>O sepultamento ser\u00e1 realizado nesta manh\u00e3. N\u00e3o haver\u00e1 vel\u00f3rio.<\/p>\n<p style=\"text-align: justify;\">Nos Solidarizamos neste dif\u00edcil momento e rogamos a Deus para que o receba em seus bra\u00e7os e d\u00ea o conforto aos familiares e in\u00fameros amigos.<\/p>\n<p><img loading=\"lazy\" decoding=\"async\" class=\"alignnone size-full wp-image-33067\" src=\"https:\/\/jorgezanoni.com.br\/2019\/wp-content\/uploads\/2020\/08\/Mortagua2.jpg\" alt=\"\" width=\"960\" height=\"556\" srcset=\"https:\/\/jorgezanoni.com.br\/2019\/wp-content\/uploads\/2020\/08\/Mortagua2.jpg 960w, https:\/\/jorgezanoni.com.br\/2019\/wp-content\/uploads\/2020\/08\/Mortagua2-300x174.jpg 300w, https:\/\/jorgezanoni.com.br\/2019\/wp-content\/uploads\/2020\/08\/Mortagua2-768x445.jpg 768w, https:\/\/jorgezanoni.com.br\/2019\/wp-content\/uploads\/2020\/08\/Mortagua2-696x403.jpg 696w, https:\/\/jorgezanoni.com.br\/2019\/wp-content\/uploads\/2020\/08\/Mortagua2-725x420.jpg 725w\" sizes=\"auto, (max-width: 960px) 100vw, 960px\" \/><\/p>\n<p>&nbsp;<\/p>\n<p>&nbsp;<\/p>\n<p>&nbsp;<\/p>\n","protected":false},"excerpt":{"rendered":"<p>Faleceu agora a noite no Hospital Regional de Presidente Prudente, Jos\u00e9 Antonio Mort\u00e1gua &#8220;Nego Mort\u00e1gua&#8221; aos 69 anos. Era vi\u00favo de Regina Carreira Mort\u00e1gua. Deixa os filhos Karina, Tha\u00edsa e Guilherme, noras, genros e netos. Segundo informa\u00e7\u00f5es ele estava com quadro de Leucemia, por\u00e9m praticamente recuperado, acabou sofrendo dois AVCs e apresentou quadro para a [&hellip;]<\/p>\n","protected":false},"author":1,"featured_media":33066,"comment_status":"closed","ping_status":"open","sticky":false,"template":"","format":"standard","meta":{"footnotes":""},"categories":[178,110],"tags":[],"class_list":["post-33065","post","type-post","status-publish","format-standard","has-post-thumbnail","hentry","category-notadefalecimento","category-noticiasdestaque"],"_links":{"self":[{"href":"https:\/\/jorgezanoni.com.br\/2019\/wp-json\/wp\/v2\/posts\/33065","targetHints":{"allow":["GET"]}}],"collection":[{"href":"https:\/\/jorgezanoni.com.br\/2019\/wp-json\/wp\/v2\/posts"}],"about":[{"href":"https:\/\/jorgezanoni.com.br\/2019\/wp-json\/wp\/v2\/types\/post"}],"author":[{"embeddable":true,"href":"https:\/\/jorgezanoni.com.br\/2019\/wp-json\/wp\/v2\/users\/1"}],"replies":[{"embeddable":true,"href":"https:\/\/jorgezanoni.com.br\/2019\/wp-json\/wp\/v2\/comments?post=33065"}],"version-history":[{"count":0,"href":"https:\/\/jorgezanoni.com.br\/2019\/wp-json\/wp\/v2\/posts\/33065\/revisions"}],"wp:featuredmedia":[{"embeddable":true,"href":"https:\/\/jorgezanoni.com.br\/2019\/wp-json\/wp\/v2\/media\/33066"}],"wp:attachment":[{"href":"https:\/\/jorgezanoni.com.br\/2019\/wp-json\/wp\/v2\/media?parent=33065"}],"wp:term":[{"taxonomy":"category","embeddable":true,"href":"https:\/\/jorgezanoni.com.br\/2019\/wp-json\/wp\/v2\/categories?post=33065"},{"taxonomy":"post_tag","embeddable":true,"href":"https:\/\/jorgezanoni.com.br\/2019\/wp-json\/wp\/v2\/tags?post=33065"}],"curies":[{"name":"wp","href":"https:\/\/api.w.org\/{rel}","templated":true}]}}