{"id":33061,"date":"2020-08-19T01:42:31","date_gmt":"2020-08-19T01:42:31","guid":{"rendered":"https:\/\/jorgezanoni.com.br\/2019\/?p=33061"},"modified":"2020-08-19T01:42:31","modified_gmt":"2020-08-19T01:42:31","slug":"curso-de-barras-de-access-em-dracena","status":"publish","type":"post","link":"https:\/\/jorgezanoni.com.br\/2019\/curso-de-barras-de-access-em-dracena\/","title":{"rendered":"Curso de Barras de Access em Dracena"},"content":{"rendered":"<p style=\"text-align: justify;\"><img loading=\"lazy\" decoding=\"async\" class=\"alignnone size-full wp-image-33062\" src=\"https:\/\/jorgezanoni.com.br\/2019\/wp-content\/uploads\/2020\/08\/curso.jpg\" alt=\"\" width=\"140\" height=\"140\" \/><strong>Curso de BARRAS DE ACCESS\u2122 &#8211; Dracena &#8211; SP | 13 de setembro de 2020 | Facilitadora: Sabine Hartfelder<\/strong><\/p>\n<p style=\"text-align: justify;\">\u269c\ufe0fPor mais que voc\u00ea pense positivo, n\u00e3o consegue criar a vida que deseja?? Sabe que s\u00e3o seus traumas e pontos de vista limitantes, recebidos de outras pessoas durante a vida, que o impedem de ser completamente livre e feliz? \u269c\ufe0fQue tal liberar esta energia e aprender uma ferramenta m\u00e1gica e simples, num curso de 1 s\u00f3 dia, onde voc\u00ea vai receber um certificado internacional para praticar em quem deseja?<br \/>\n\u269c\ufe0fVoc\u00ea est\u00e1 pronto para criar a vida dos seus sonhos? Voc\u00ea deseja um mundo melhor? Ent\u00e3o venha conosco para este dia incr\u00edvel! Vai ser maravilhoso!<\/p>\n<p style=\"text-align: justify;\">Facilitadora:<br \/>\nSabine Hartfelder<\/p>\n<p style=\"text-align: justify;\">Link de inscri\u00e7\u00e3o e pagamento:<\/p>\n<p style=\"text-align: justify;\">https:\/\/docs.google.com\/forms\/d\/1HZUCSvaL46BgNlwlE9fCUxwbjkq1YOPPsphwXOE9wAM\/edit<\/p>\n<p style=\"text-align: justify;\">Encontre-me nas redes sociais:<\/p>\n<p style=\"text-align: justify;\">YouTube<br \/>\nhttps:\/\/www.youtube.com\/channel\/UCuUV2410VHoxehWsbAVn_Ew<\/p>\n<p style=\"text-align: justify;\">Facebook<br \/>\nhttps:\/\/www.facebook.com\/sabine.hartfelder<\/p>\n<p style=\"text-align: justify;\">Instagram<br \/>\nhttps:\/\/www.instagram.com\/invites\/contact\/?i=rsbcvrvajqwq&amp;utm_content=47a52kb<\/p>\n<p style=\"text-align: justify;\">Informa\u00e7\u00f5es com as anfitri\u00e3s:<\/p>\n<p style=\"text-align: justify;\">Neide (18) 99777-0110<br \/>\nRoberta (18) 99708-1517<\/p>\n<p style=\"text-align: justify;\"><strong>Dividimos em at\u00e9 12x pelo Pag seguro, com juros. A pessoa faz o cadastro e paga com cart\u00e3o pela plataforma mesmo!<\/strong><\/p>\n<p style=\"text-align: justify;\"><strong>\u2728Magical Energy of Unification \u2728<\/strong><\/p>\n<p style=\"text-align: justify;\">\u2728Para sermos felizes, completos, plenos e pr\u00f3speros na vida e conseguirmos o contato com a nossa ess\u00eancia, \u00e9 necess\u00e1rio liberar o nosso corpo dos traumas, choques e cren\u00e7as limitantes que nos impedem de ser a pot\u00eancia que realmente somos.\ufffc<\/p>\n<p style=\"text-align: justify;\">\u2728Magical Energy of Unification\u2728 \u00e9 uma ferramenta qu\u00e2ntica canalizada por Cristiano Moro e Sabine Hartfelder, criada para facilitar o seu corpo a liberar tudo isso permitindo a voc\u00ea encontrar sua verdadeira ess\u00eancia. Nada se compara ao estado de plenitude que voc\u00ea sente quando voc\u00ea come\u00e7a a liberar o seu corpo das energias densas acumuladas nesta e em outras vidas\ufffc.<br \/>\n\u2728Magical Energy of Unification\u2728 \u00e9 emanada a voc\u00ea \u00e0 dist\u00e2ncia e voc\u00ea s\u00f3 precisa deitar para receber.\ufffc S\u00e3o energias potentes vindas de v\u00e1rias constela\u00e7\u00f5es que banham o seu Ser no mais puro amor. \u00c9 feita uma limpeza energ\u00e9tica e uma reconex\u00e3o do seu corpo com o seu eu superior, promovendo as curas necess\u00e1rias a voc\u00ea neste momento. Este processo continua por uma semana a limpar o seu corpo para permitir brilhar o seu Ser novamente.<\/p>\n<p style=\"text-align: justify;\">\u2b50\ufe0fO CURSO<br \/>\n\ud83d\udccdN\u00edvel 1:<\/p>\n<p style=\"text-align: justify;\">\u2728Em um curso de um s\u00f3 dia voc\u00ea vai passar por medita\u00e7\u00f5es que v\u00e3o promover uma limpeza energ\u00e9tica para voc\u00ea receber as energias potentes e vai ser conectado a estas energias e \u00e0 equipe multidimensional de colaboradores, que ir\u00e1 fazer os atendimentos enquanto voc\u00ea ancora a energia para seu cliente.<br \/>\n\ud83d\udccdVoc\u00ea recebe um certificado internacional para trabalhar como manifestador e pode se autoaplicar tamb\u00e9m.<\/p>\n<p style=\"text-align: justify;\">\ud83c\udf0e Se voc\u00ea, como n\u00f3s, deseja vibrar em frequ\u00eancias elevadas que nos permitem cocriar a vida que sonhamos, e deseja contribuir com nosso Planeta come\u00e7ando por voc\u00ea, venha conosco para este dia inesquec\u00edvel!<\/p>\n<p style=\"text-align: justify;\"><strong>Em Dracena dia 12\/09\/2020<\/strong><br \/>\n<strong>Informa\u00e7\u00f5es:<\/strong><br \/>\n<strong>Neide (18) 99777-0110<\/strong><br \/>\n<strong>Roberta (18) 99708-1517<\/strong><\/p>\n","protected":false},"excerpt":{"rendered":"<p>Curso de BARRAS DE ACCESS\u2122 &#8211; Dracena &#8211; SP | 13 de setembro de 2020 | Facilitadora: Sabine Hartfelder \u269c\ufe0fPor mais que voc\u00ea pense positivo, n\u00e3o consegue criar a vida que deseja?? Sabe que s\u00e3o seus traumas e pontos de vista limitantes, recebidos de outras pessoas durante a vida, que o impedem de ser completamente [&hellip;]<\/p>\n","protected":false},"author":1,"featured_media":33063,"comment_status":"closed","ping_status":"open","sticky":false,"template":"","format":"standard","meta":{"footnotes":""},"categories":[172,110],"tags":[],"class_list":["post-33061","post","type-post","status-publish","format-standard","has-post-thumbnail","hentry","category-agenda","category-noticiasdestaque"],"_links":{"self":[{"href":"https:\/\/jorgezanoni.com.br\/2019\/wp-json\/wp\/v2\/posts\/33061","targetHints":{"allow":["GET"]}}],"collection":[{"href":"https:\/\/jorgezanoni.com.br\/2019\/wp-json\/wp\/v2\/posts"}],"about":[{"href":"https:\/\/jorgezanoni.com.br\/2019\/wp-json\/wp\/v2\/types\/post"}],"author":[{"embeddable":true,"href":"https:\/\/jorgezanoni.com.br\/2019\/wp-json\/wp\/v2\/users\/1"}],"replies":[{"embeddable":true,"href":"https:\/\/jorgezanoni.com.br\/2019\/wp-json\/wp\/v2\/comments?post=33061"}],"version-history":[{"count":0,"href":"https:\/\/jorgezanoni.com.br\/2019\/wp-json\/wp\/v2\/posts\/33061\/revisions"}],"wp:featuredmedia":[{"embeddable":true,"href":"https:\/\/jorgezanoni.com.br\/2019\/wp-json\/wp\/v2\/media\/33063"}],"wp:attachment":[{"href":"https:\/\/jorgezanoni.com.br\/2019\/wp-json\/wp\/v2\/media?parent=33061"}],"wp:term":[{"taxonomy":"category","embeddable":true,"href":"https:\/\/jorgezanoni.com.br\/2019\/wp-json\/wp\/v2\/categories?post=33061"},{"taxonomy":"post_tag","embeddable":true,"href":"https:\/\/jorgezanoni.com.br\/2019\/wp-json\/wp\/v2\/tags?post=33061"}],"curies":[{"name":"wp","href":"https:\/\/api.w.org\/{rel}","templated":true}]}}