{"id":33058,"date":"2020-08-19T00:57:36","date_gmt":"2020-08-19T00:57:36","guid":{"rendered":"https:\/\/jorgezanoni.com.br\/2019\/?p=33058"},"modified":"2020-08-19T00:57:36","modified_gmt":"2020-08-19T00:57:36","slug":"greve-dos-correios-tem-adesao-de-70-dos-trabalhadores-diz-federacao","status":"publish","type":"post","link":"https:\/\/jorgezanoni.com.br\/2019\/greve-dos-correios-tem-adesao-de-70-dos-trabalhadores-diz-federacao\/","title":{"rendered":"Greve dos Correios tem ades\u00e3o de 70% dos trabalhadores, diz federa\u00e7\u00e3o"},"content":{"rendered":"<h2 class=\"content-head__subtitle\" style=\"text-align: justify;\"><strong>Balan\u00e7o da empresa diz, no entanto, que 83% dos funcion\u00e1rios trabalharam normalmente nesta ter\u00e7a (18). Greve teve in\u00edcio na segunda-feira (17); n\u00e3o h\u00e1 prazo para o fim da paralisa\u00e7\u00e3o na estatal.<\/strong><\/h2>\n<div class=\"mc-column content-text active-extra-styles \" data-block-type=\"unstyled\" data-block-weight=\"44\" data-block-id=\"2\">\n<p class=\"content-text__container \" style=\"text-align: justify;\" data-track-category=\"Link no Texto\" data-track-links=\"\">A Federa\u00e7\u00e3o Nacional dos Trabalhadores em Empresas dos\u00a0<a href=\"https:\/\/g1.globo.com\/tudo-sobre\/correios\/\">Correios\u00a0<\/a>e Similares (FENTECT) informou nesta ter\u00e7a-feira (18) que a greve da categoria teve ades\u00e3o de 70% dos trabalhadores em todo o pa\u00eds. Os funcion\u00e1rios da estatal\u00a0<a href=\"https:\/\/g1.globo.com\/economia\/noticia\/2020\/08\/17\/funcionarios-dos-correios-entram-em-greve-em-todo-o-pais.ghtml\">decidiram cruzar os bra\u00e7os na segunda-feira (17)<\/a>.<\/p>\n<\/div>\n<div class=\"wall protected-content\">\n<div class=\"mc-column content-text active-extra-styles \" style=\"text-align: justify;\" data-block-type=\"unstyled\" data-block-weight=\"8\" data-block-id=\"3\">\n<p class=\"content-text__container \" data-track-category=\"Link no Texto\" data-track-links=\"\">N\u00e3o h\u00e1 prazo para o fim da greve.<\/p>\n<\/div>\n<div class=\"mc-column content-text active-extra-styles \" style=\"text-align: justify;\" data-block-type=\"unstyled\" data-block-weight=\"21\" data-block-id=\"4\">\n<p class=\"content-text__container \" data-track-category=\"Link no Texto\" data-track-links=\"\">J\u00e1 os Correios informaram que 83% dos funcion\u00e1rios trabalharam normalmente na manh\u00e3 desta ter\u00e7a, conforme um balan\u00e7o realizado pela companhia.<\/p>\n<\/div>\n<div class=\"mc-column content-text active-extra-styles \" style=\"text-align: justify;\" data-block-type=\"unstyled\" data-block-weight=\"34\" data-block-id=\"5\">\n<p class=\"content-text__container \" data-track-category=\"Link no Texto\" data-track-links=\"\">De acordo com a FENTECT, os grevistas s\u00e3o contra a privatiza\u00e7\u00e3o da estatal, reclamam do que chamam de &#8220;neglig\u00eancia com a sa\u00fade dos trabalhadores&#8221; na pandemia e pedem que direitos trabalhistas sejam garantidos.<\/p>\n<\/div>\n<div class=\"mc-column content-text active-extra-styles \" style=\"text-align: justify;\" data-block-type=\"unstyled\" data-block-weight=\"43\" data-block-id=\"6\">\n<p class=\"content-text__container \" data-track-category=\"Link no Texto\" data-track-links=\"\">A entidade afirma que os sindicatos tentam dialogar com a dire\u00e7\u00e3o dos Correios desde julho sobre estes pedidos, o que, segundo eles, n\u00e3o aconteceu. Alegam que, em agosto, foram surpreendidos com a revoga\u00e7\u00e3o do atual Acordo Coletivo que estaria em vig\u00eancia at\u00e9 2021.<\/p>\n<\/div>\n<div class=\"mc-column content-text active-extra-styles \" style=\"text-align: justify;\" data-block-type=\"unstyled\" data-block-weight=\"44\" data-block-id=\"7\">\n<p class=\"content-text__container \" data-track-category=\"Link no Texto\" data-track-links=\"\">&#8220;A Federa\u00e7\u00e3o ainda refor\u00e7a que desde o in\u00edcio da pandemia foi necess\u00e1rio travar uma luta judicial, em guerra de liminares, para garantir equipamentos m\u00ednimos, testagem de trabalhadores e afastamento dos grupos de risco&#8221;, informou a FENTECT por meio de nota divulgada nesta ter\u00e7a.<\/p>\n<\/div>\n<div class=\"mc-column content-text active-extra-styles \" data-block-type=\"unstyled\" data-block-weight=\"38\" data-block-id=\"8\">\n<p class=\"content-text__container \" style=\"text-align: justify;\" data-track-category=\"Link no Texto\" data-track-links=\"\">&#8220;Essa a\u00e7\u00e3o negacionista da empresa exp\u00f5e n\u00e3o s\u00f3 a vida dos trabalhadores, mas tamb\u00e9m da popula\u00e7\u00e3o. Prova disso \u00e9 a quantidade de \u00f3bitos e trabalhadores contaminados, a qual a empresa vem se negando a fornecer os dados oficiais.&#8221;<\/p>\n<p style=\"text-align: justify;\" data-track-category=\"Link no Texto\" data-track-links=\"\">Segundo a entidade, houve o registro de &#8220;mais de 70 \u00f3bitos de trabalhadores da ativa v\u00edtimas da Covid-19.&#8221;<\/p>\n<div class=\"mc-column content-text active-extra-styles \" style=\"text-align: justify;\" data-block-type=\"unstyled\" data-block-weight=\"51\" data-block-id=\"12\">\n<p class=\"content-text__container \" data-track-category=\"Link no Texto\" data-track-links=\"\">De acordo com texto publicado no site da federa\u00e7\u00e3o, &#8220;Foram retiradas 70 cl\u00e1usulas com direitos como 30% do adicional de risco, vale alimenta\u00e7\u00e3o, licen\u00e7a maternidade de 180 dias, aux\u00edlio creche, indeniza\u00e7\u00e3o de morte, aux\u00edlio creche, indeniza\u00e7\u00e3o de morte, aux\u00edlio para filhos com necessidades especiais, pagamento de adicional noturno e horas extras.&#8221;<\/p>\n<\/div>\n<div class=\"mc-column content-text active-extra-styles \" data-block-type=\"unstyled\" data-block-weight=\"54\" data-block-id=\"13\">\n<p class=\"content-text__container \" style=\"text-align: justify;\" data-track-category=\"Link no Texto\" data-track-links=\"\">Em nota, os Correios informaram que &#8220;diversas comunica\u00e7\u00f5es inver\u00eddicas e descontextualizadas&#8221; t\u00eam sido praticadas pela federa\u00e7\u00e3o que representa os trabalhadores da companhia e que &#8220;nenhum direito foi retirado, apenas (os direitos) foram adequados os benef\u00edcios que extrapolavam a CLT e outras legisla\u00e7\u00f5es, de modo a alinhar a estatal ao que \u00e9 praticado no mercado.&#8221;<\/p>\n<p class=\"content-text__container \" style=\"text-align: justify;\" data-track-category=\"Link no Texto\" data-track-links=\"\"><span style=\"font-style: italic; text-align: center;\">&#8220;Conforme amplamente divulgado, a diminui\u00e7\u00e3o de despesas prevista com as medidas de conten\u00e7\u00e3o em pauta \u00e9 da ordem de R$ 600 milh\u00f5es anuais. As reivindica\u00e7\u00f5es da Fentect, por sua vez, custariam aos cofres dos Correios quase R$ 1 bilh\u00e3o no mesmo per\u00edodo \u2013 dez vezes o lucro obtido em 2019. Trata-se de uma proposta imposs\u00edvel de ser atendida&#8221;, informou a empresa.<\/span><\/p>\n<div class=\"mc-column content-text active-extra-styles\" style=\"text-align: justify;\" data-block-type=\"raw\" data-block-weight=\"5\" data-block-id=\"17\">\n<div class=\"content-intertitle\">\n<h2>O que dizem os Correios<\/h2>\n<\/div>\n<\/div>\n<div class=\"mc-column content-text active-extra-styles \" style=\"text-align: justify;\" data-block-type=\"unstyled\" data-block-weight=\"12\" data-block-id=\"18\">\n<p class=\"content-text__container \" data-track-category=\"Link no Texto\" data-track-links=\"\"><span class=\"highlight highlighted\">Os Correios divulgaram nova nota nesta ter\u00e7a sobre a decis\u00e3o da categoria.<\/span><\/p>\n<\/div>\n<div class=\"mc-column content-text active-extra-styles \" style=\"text-align: justify;\" data-block-type=\"unstyled\" data-block-weight=\"41\" data-block-id=\"19\">\n<p class=\"content-text__container \" data-track-category=\"Link no Texto\" data-track-links=\"\"><em>Desde o in\u00edcio das negocia\u00e7\u00f5es com as entidades sindicais, os Correios tiveram um objetivo primordial: cuidar da sustentabilidade financeira da empresa, a fim de retomar seu poder de investimento e sua estabilidade, para se proteger da crise financeira ocasionada pela pandemia.<\/em><\/p>\n<\/div>\n<div class=\"mc-column content-text active-extra-styles \" style=\"text-align: justify;\" data-block-type=\"unstyled\" data-block-weight=\"58\" data-block-id=\"20\">\n<p class=\"content-text__container \" data-track-category=\"Link no Texto\" data-track-links=\"\"><em>Conforme amplamente divulgado, a diminui\u00e7\u00e3o de despesas prevista com as medidas de conten\u00e7\u00e3o em pauta \u00e9 da ordem de R$ 600 milh\u00f5es anuais. As reivindica\u00e7\u00f5es da Fentect, por sua vez, custariam aos cofres dos Correios quase R$ 1 bilh\u00e3o no mesmo per\u00edodo \u2013 dez vezes o lucro obtido em 2019. Trata-se de uma proposta imposs\u00edvel de ser atendida.<\/em><\/p>\n<\/div>\n<div class=\"mc-column content-text active-extra-styles \" style=\"text-align: justify;\" data-block-type=\"unstyled\" data-block-weight=\"59\" data-block-id=\"21\">\n<p class=\"content-text__container \" data-track-category=\"Link no Texto\" data-track-links=\"\"><em>Diversas comunica\u00e7\u00f5es inver\u00eddicas e descontextualizadas foram veiculadas, com o intuito apenas de provocar confus\u00e3o nos empregados acerca dos termos da proposta. \u00c0 empresa, coube trazer as reais informa\u00e7\u00f5es ao seu efetivo: nenhum direito foi retirado, apenas foram adequados os benef\u00edcios que extrapolavam a CLT e outras legisla\u00e7\u00f5es, de modo a alinhar a estatal ao que \u00e9 praticado no mercado.<\/em><\/p>\n<\/div>\n<div class=\"mc-column content-text active-extra-styles \" style=\"text-align: justify;\" data-block-type=\"unstyled\" data-block-weight=\"73\" data-block-id=\"22\">\n<p class=\"content-text__container \" data-track-category=\"Link no Texto\" data-track-links=\"\"><em>Os trabalhadores continuam tendo acesso ao benef\u00edcio do Aux\u00edlio-creche, para dependentes com at\u00e9 5 anos de idade. Os t\u00edquetes refei\u00e7\u00e3o e alimenta\u00e7\u00e3o tamb\u00e9m continuam sendo pagos, conforme previsto na legisla\u00e7\u00e3o que rege o tema, sendo as quantidades adequadas aos dias \u00fateis no m\u00eas, de acordo com a jornada de cada empregado: 22 t\u00edquetes para quem trabalha de segunda a sexta-feira e 26 t\u00edquetes para os empregados que trabalham inclusive aos s\u00e1bados ou domingos.<\/em><\/p>\n<\/div>\n<div class=\"mc-column content-text active-extra-styles \" style=\"text-align: justify;\" data-block-type=\"unstyled\" data-block-weight=\"17\" data-block-id=\"23\">\n<p class=\"content-text__container \" data-track-category=\"Link no Texto\" data-track-links=\"\"><em>Est\u00e3o mantidos ainda \u2013 aos empregados das \u00e1reas de Distribui\u00e7\u00e3o\/Coleta, Tratamento e Atendimento -, os respectivos adicionais.<\/em><\/p>\n<\/div>\n<div class=\"mc-column content-text active-extra-styles \" style=\"text-align: justify;\" data-block-type=\"unstyled\" data-block-weight=\"42\" data-block-id=\"24\">\n<p class=\"content-text__container \" data-track-category=\"Link no Texto\" data-track-links=\"\"><em>Vale ressaltar que, dentre as medidas adotadas para proteger o efetivo durante a pandemia, a empresa redirecionou empregados classificados como grupo de risco para o trabalho remoto \u2013 bem como aqueles que coabitam com pessoas nessas condi\u00e7\u00f5es \u2013, sem qualquer perda salarial.<\/em><\/p>\n<\/div>\n<div class=\"mc-column content-text active-extra-styles \" style=\"text-align: justify;\" data-block-type=\"unstyled\" data-block-weight=\"72\" data-block-id=\"26\">\n<p class=\"content-text__container \" data-track-category=\"Link no Texto\" data-track-links=\"\"><em>Respaldados por orienta\u00e7\u00e3o da Secretaria de Coordena\u00e7\u00e3o e Governan\u00e7a das Empresas Estatais (SEST), bem como por diretrizes do Minist\u00e9rio da Economia, os Correios se veem obrigados a zelar pelo reequil\u00edbrio do caixa financeiro da empresa. Em parte, isso significa repensar a concess\u00e3o de benef\u00edcios que extrapolem a pr\u00e1tica de mercado e a legisla\u00e7\u00e3o vigente. Assim, a estatal persegue dois grandes objetivos: a sustentabilidade da empresa e a manuten\u00e7\u00e3o dos empregos de todos.<\/em><\/p>\n<\/div>\n<div class=\"mc-column content-text active-extra-styles \" style=\"text-align: justify;\" data-block-type=\"unstyled\" data-block-weight=\"64\" data-block-id=\"27\">\n<p class=\"content-text__container \" data-track-category=\"Link no Texto\" data-track-links=\"\"><em>\u00c9 importante lembrar que um movimento paredista agrava ainda mais a debilitada situa\u00e7\u00e3o econ\u00f4mica da estatal. Diante deste cen\u00e1rio, a institui\u00e7\u00e3o confia no compromisso e responsabilidade de seus empregados com a sociedade e com o pa\u00eds, para trazer o m\u00ednimo de preju\u00edzo poss\u00edvel para a popula\u00e7\u00e3o, especialmente neste momento de pandemia, em que a atua\u00e7\u00e3o dos Correios \u00e9 ainda mais essencial para o Brasil.<\/em><\/p>\n<\/div>\n<div data-track-category=\"multicontent\" data-track-action=\"ultimo chunk conteudo\" data-track-noninteraction=\"false\" data-track-scroll=\"view\">\n<div class=\"block-podcast\" style=\"text-align: justify;\">Fonte: G1<\/div>\n<\/div>\n<\/div>\n<\/div>\n<\/div>\n","protected":false},"excerpt":{"rendered":"<p>Balan\u00e7o da empresa diz, no entanto, que 83% dos funcion\u00e1rios trabalharam normalmente nesta ter\u00e7a (18). Greve teve in\u00edcio na segunda-feira (17); n\u00e3o h\u00e1 prazo para o fim da paralisa\u00e7\u00e3o na estatal. A Federa\u00e7\u00e3o Nacional dos Trabalhadores em Empresas dos\u00a0Correios\u00a0e Similares (FENTECT) informou nesta ter\u00e7a-feira (18) que a greve da categoria teve ades\u00e3o de 70% dos [&hellip;]<\/p>\n","protected":false},"author":1,"featured_media":33059,"comment_status":"closed","ping_status":"open","sticky":false,"template":"","format":"standard","meta":{"footnotes":""},"categories":[110,116],"tags":[],"class_list":["post-33058","post","type-post","status-publish","format-standard","has-post-thumbnail","hentry","category-noticiasdestaque","category-politicaeeconomia"],"_links":{"self":[{"href":"https:\/\/jorgezanoni.com.br\/2019\/wp-json\/wp\/v2\/posts\/33058","targetHints":{"allow":["GET"]}}],"collection":[{"href":"https:\/\/jorgezanoni.com.br\/2019\/wp-json\/wp\/v2\/posts"}],"about":[{"href":"https:\/\/jorgezanoni.com.br\/2019\/wp-json\/wp\/v2\/types\/post"}],"author":[{"embeddable":true,"href":"https:\/\/jorgezanoni.com.br\/2019\/wp-json\/wp\/v2\/users\/1"}],"replies":[{"embeddable":true,"href":"https:\/\/jorgezanoni.com.br\/2019\/wp-json\/wp\/v2\/comments?post=33058"}],"version-history":[{"count":0,"href":"https:\/\/jorgezanoni.com.br\/2019\/wp-json\/wp\/v2\/posts\/33058\/revisions"}],"wp:featuredmedia":[{"embeddable":true,"href":"https:\/\/jorgezanoni.com.br\/2019\/wp-json\/wp\/v2\/media\/33059"}],"wp:attachment":[{"href":"https:\/\/jorgezanoni.com.br\/2019\/wp-json\/wp\/v2\/media?parent=33058"}],"wp:term":[{"taxonomy":"category","embeddable":true,"href":"https:\/\/jorgezanoni.com.br\/2019\/wp-json\/wp\/v2\/categories?post=33058"},{"taxonomy":"post_tag","embeddable":true,"href":"https:\/\/jorgezanoni.com.br\/2019\/wp-json\/wp\/v2\/tags?post=33058"}],"curies":[{"name":"wp","href":"https:\/\/api.w.org\/{rel}","templated":true}]}}