{"id":33055,"date":"2020-08-19T00:27:21","date_gmt":"2020-08-19T00:27:21","guid":{"rendered":"https:\/\/jorgezanoni.com.br\/2019\/?p=33055"},"modified":"2020-08-19T00:27:21","modified_gmt":"2020-08-19T00:27:21","slug":"menina-morre-apos-ser-picada-por-escorpiao-em-lins","status":"publish","type":"post","link":"https:\/\/jorgezanoni.com.br\/2019\/menina-morre-apos-ser-picada-por-escorpiao-em-lins\/","title":{"rendered":"Menina morre ap\u00f3s ser picada por escorpi\u00e3o em Lins"},"content":{"rendered":"<h2 class=\"content-head__subtitle\" style=\"text-align: justify;\"><strong>Segundo a fam\u00edlia, crian\u00e7a de 11 anos foi picada pelo animal no s\u00e1bado (15) no Bairro S\u00e3o Jo\u00e3o. Ela estava internada no Hospital Estadual.<\/strong><\/h2>\n<div class=\"mc-column content-text active-extra-styles \" data-block-type=\"unstyled\" data-block-weight=\"26\" data-block-id=\"2\">\n<p class=\"content-text__container \" style=\"text-align: justify;\" data-track-category=\"Link no Texto\" data-track-links=\"\">Uma menina de 11 anos morreu na madrugada desta ter\u00e7a-feira (18) depois de ser picada por um escorpi\u00e3o no bairro S\u00e3o Jo\u00e3o em Lins (SP).<\/p>\n<\/div>\n<div class=\"wall protected-content\">\n<div class=\"mc-column content-text active-extra-styles \" style=\"text-align: justify;\" data-block-type=\"unstyled\" data-block-weight=\"49\" data-block-id=\"3\">\n<p class=\"content-text__container \" data-track-category=\"Link no Texto\" data-track-links=\"\">Segundo a fam\u00edlia, Ketlyn de Aguiar Brito levou uma picada do animal no s\u00e1bado (15) e foi levada para a Santa Casa de Lins para os primeiros socorros. No entanto, a menina teve que ser transferida para o Hospital Estadual de Bauru, onde morreu na madrugada desta ter\u00e7a-feira.<\/p>\n<\/div>\n<div class=\"mc-column content-text active-extra-styles \" data-block-type=\"unstyled\" data-block-weight=\"25\" data-block-id=\"4\">\n<p class=\"content-text__container \" style=\"text-align: justify;\" data-track-category=\"Link no Texto\" data-track-links=\"\">O corpo de Ketlyn est\u00e1 sendo velado durante a manh\u00e3 em Lins e o enterro est\u00e1 marcado para as 16h no Cemit\u00e9rio S\u00e3o Jo\u00e3o Batista.<\/p>\n<p style=\"text-align: justify;\" data-track-category=\"Link no Texto\" data-track-links=\"\">Fonte: G1<\/p>\n<\/div>\n<\/div>\n","protected":false},"excerpt":{"rendered":"<p>Segundo a fam\u00edlia, crian\u00e7a de 11 anos foi picada pelo animal no s\u00e1bado (15) no Bairro S\u00e3o Jo\u00e3o. Ela estava internada no Hospital Estadual. Uma menina de 11 anos morreu na madrugada desta ter\u00e7a-feira (18) depois de ser picada por um escorpi\u00e3o no bairro S\u00e3o Jo\u00e3o em Lins (SP). Segundo a fam\u00edlia, Ketlyn de Aguiar [&hellip;]<\/p>\n","protected":false},"author":1,"featured_media":33056,"comment_status":"closed","ping_status":"open","sticky":false,"template":"","format":"standard","meta":{"footnotes":""},"categories":[176,110],"tags":[],"class_list":["post-33055","post","type-post","status-publish","format-standard","has-post-thumbnail","hentry","category-meioambienteeagricultura","category-noticiasdestaque"],"_links":{"self":[{"href":"https:\/\/jorgezanoni.com.br\/2019\/wp-json\/wp\/v2\/posts\/33055","targetHints":{"allow":["GET"]}}],"collection":[{"href":"https:\/\/jorgezanoni.com.br\/2019\/wp-json\/wp\/v2\/posts"}],"about":[{"href":"https:\/\/jorgezanoni.com.br\/2019\/wp-json\/wp\/v2\/types\/post"}],"author":[{"embeddable":true,"href":"https:\/\/jorgezanoni.com.br\/2019\/wp-json\/wp\/v2\/users\/1"}],"replies":[{"embeddable":true,"href":"https:\/\/jorgezanoni.com.br\/2019\/wp-json\/wp\/v2\/comments?post=33055"}],"version-history":[{"count":0,"href":"https:\/\/jorgezanoni.com.br\/2019\/wp-json\/wp\/v2\/posts\/33055\/revisions"}],"wp:featuredmedia":[{"embeddable":true,"href":"https:\/\/jorgezanoni.com.br\/2019\/wp-json\/wp\/v2\/media\/33056"}],"wp:attachment":[{"href":"https:\/\/jorgezanoni.com.br\/2019\/wp-json\/wp\/v2\/media?parent=33055"}],"wp:term":[{"taxonomy":"category","embeddable":true,"href":"https:\/\/jorgezanoni.com.br\/2019\/wp-json\/wp\/v2\/categories?post=33055"},{"taxonomy":"post_tag","embeddable":true,"href":"https:\/\/jorgezanoni.com.br\/2019\/wp-json\/wp\/v2\/tags?post=33055"}],"curies":[{"name":"wp","href":"https:\/\/api.w.org\/{rel}","templated":true}]}}