{"id":33052,"date":"2020-08-18T23:54:56","date_gmt":"2020-08-18T23:54:56","guid":{"rendered":"https:\/\/jorgezanoni.com.br\/2019\/?p=33052"},"modified":"2020-08-18T23:54:56","modified_gmt":"2020-08-18T23:54:56","slug":"dioceses-de-bauru-e-marilia-anunciam-volta-das-missas-presenciais-com-restricoes","status":"publish","type":"post","link":"https:\/\/jorgezanoni.com.br\/2019\/dioceses-de-bauru-e-marilia-anunciam-volta-das-missas-presenciais-com-restricoes\/","title":{"rendered":"Dioceses de Bauru e Mar\u00edlia anunciam volta das missas presenciais com restri\u00e7\u00f5es"},"content":{"rendered":"<h2 class=\"content-head__subtitle\" style=\"text-align: justify;\"><strong>Entidades que representam a Igreja Cat\u00f3lica em mais de 50 cidades da regi\u00e3o anunciam volta para este s\u00e1bado (22). Haver\u00e1 regras de distanciamento e ocupa\u00e7\u00e3o limitada dos templos.<\/strong><\/h2>\n<div class=\"mc-column content-text active-extra-styles \" data-block-type=\"unstyled\" data-block-weight=\"33\" data-block-id=\"2\">\n<p class=\"content-text__container \" style=\"text-align: justify;\" data-track-category=\"Link no Texto\" data-track-links=\"\">As dioceses de Bauru e Mar\u00edlia (SP) anunciaram nesta ter\u00e7a-feira (18) a retomada das missas presenciais nas mais de 50 cidades do centro-oeste paulista sob suas jurisdi\u00e7\u00f5es para o pr\u00f3ximo s\u00e1bado (22).<\/p>\n<\/div>\n<div class=\"wall protected-content\">\n<div class=\"mc-column content-text active-extra-styles \" style=\"text-align: justify;\" data-block-type=\"unstyled\" data-block-weight=\"19\" data-block-id=\"3\">\n<p class=\"content-text__container \" data-track-category=\"Link no Texto\" data-track-links=\"\">A retomada, por\u00e9m, ter\u00e1 restri\u00e7\u00f5es e precisar\u00e1 seguir protocolos de seguran\u00e7a para minimizar o risco de cont\u00e1gio pelo coronav\u00edrus.<\/p>\n<\/div>\n<div class=\"mc-column content-text active-extra-styles \" style=\"text-align: justify;\" data-block-type=\"unstyled\" data-block-weight=\"45\" data-block-id=\"4\">\n<p class=\"content-text__container \" data-track-category=\"Link no Texto\" data-track-links=\"\">A Diocese de Bauru, que abrange 14 cidades com mais de 40 par\u00f3quias, emitiu comunicado assinado pelo bispo Dom Rubens Sevilha no qual explica que as celebra\u00e7\u00f5es poder\u00e3o ser realizadas a partir de s\u00e1bado de maneira gradual e seguindo algumas regras do protocolo de seguran\u00e7a.<\/p>\n<\/div>\n<div class=\"mc-column content-text active-extra-styles \" style=\"text-align: justify;\" data-block-type=\"unstyled\" data-block-weight=\"32\" data-block-id=\"5\">\n<p class=\"content-text__container \" data-track-category=\"Link no Texto\" data-track-links=\"\">Dentre essas regras est\u00e3o a redu\u00e7\u00e3o da capacidade de p\u00fablico para 40% nas igrejas que conseguem receber at\u00e9 200 pessoas, e de 20% nas igrejas que podem receber mais de 200 pessoas.<\/p>\n<\/div>\n<div class=\"mc-column content-text active-extra-styles\" style=\"text-align: justify;\" data-block-type=\"raw\" data-block-weight=\"10\" data-block-id=\"6\">\n<ul class=\"content-unordered-list\">\n<li><a href=\"https:\/\/g1.globo.com\/sp\/bauru-marilia\/ao-vivo\/confira-as-ultimas-noticias-sobre-o-coronavirus-nas-regioes-de-bauru-e-marilia.ghtml\">Confira os n\u00fameros da pandemia de Covid-19 no centro-oeste paulista<\/a><\/li>\n<\/ul>\n<\/div>\n<div class=\"mc-column content-text active-extra-styles \" style=\"text-align: justify;\" data-block-type=\"unstyled\" data-block-weight=\"24\" data-block-id=\"7\">\n<p class=\"content-text__container \" data-track-category=\"Link no Texto\" data-track-links=\"\">Al\u00e9m das regras de higieniza\u00e7\u00e3o e do distanciamento social, o comunicado informa que as celebra\u00e7\u00f5es devem ser realizadas com at\u00e9 uma hora de dura\u00e7\u00e3o.<\/p>\n<\/div>\n<div class=\"mc-column content-text active-extra-styles \" data-block-type=\"unstyled\" data-block-weight=\"34\" data-block-id=\"8\">\n<p class=\"content-text__container \" style=\"text-align: justify;\" data-track-category=\"Link no Texto\" data-track-links=\"\">J\u00e1 na Diocese de Mar\u00edlia, que representa 37 cidade e mais de 65 par\u00f3quias, a principal restri\u00e7\u00e3o \u00e9 a de ocupa\u00e7\u00e3o m\u00e1xima de 30% dos templos em rela\u00e7\u00e3o \u00e0 indicada pelo Corpo de Bombeiros.<\/p>\n<div class=\"mc-column content-text active-extra-styles \" style=\"text-align: justify;\" data-block-type=\"unstyled\" data-block-weight=\"24\" data-block-id=\"11\">\n<p class=\"content-text__container \" data-track-category=\"Link no Texto\" data-track-links=\"\">Segundo o padre Lico, chanceler da Diocese de Mar\u00edlia, as readequa\u00e7\u00f5es v\u00e3o respeitar os decretos estadual e municipais sobre a flexibiliza\u00e7\u00e3o da quarentena.<\/p>\n<\/div>\n<div class=\"mc-column content-text active-extra-styles \" style=\"text-align: justify;\" data-block-type=\"unstyled\" data-block-weight=\"27\" data-block-id=\"12\">\n<p class=\"content-text__container \" data-track-category=\"Link no Texto\" data-track-links=\"\">Al\u00e9m da limita\u00e7\u00e3o de ocupa\u00e7\u00e3o, as igrejas dever\u00e3o manter o distanciamento entre os fieis e oferecer \u00e1lcool gel. Haver\u00e1 tamb\u00e9m medi\u00e7\u00e3o de temperatura das pessoas na entrada.<\/p>\n<\/div>\n<div class=\"mc-column content-text active-extra-styles \" style=\"text-align: justify;\" data-block-type=\"unstyled\" data-block-weight=\"28\" data-block-id=\"13\">\n<p class=\"content-text__container \" data-track-category=\"Link no Texto\" data-track-links=\"\">Segundo o padre Lico, outros sacramentos da Igreja, como casamentos e batizados, al\u00e9m de grupos de ora\u00e7\u00f5es, encontros e reuni\u00f5es n\u00e3o ser\u00e3o retomados neste primeiro momento de flexibiliza\u00e7\u00e3o.<\/p>\n<\/div>\n<div class=\"mc-column content-text active-extra-styles \" style=\"text-align: justify;\" data-block-type=\"unstyled\" data-block-weight=\"25\" data-block-id=\"14\">\n<p class=\"content-text__container \" data-track-category=\"Link no Texto\" data-track-links=\"\">O chanceler explicou ainda que, para respeitar a limita\u00e7\u00e3o de ocupa\u00e7\u00e3o, as igrejas poder\u00e3o optar entre oferecer agendamento para os fieis ou distribuir senhas.<\/p>\n<\/div>\n<div class=\"row medium-uncollapsed content-media content-photo\" style=\"text-align: justify;\" data-block-type=\"backstage-photo\" data-block-id=\"15\">\n<div class=\"mc-column content-media__container\">\n<figure><img decoding=\"async\" class=\"i-amphtml-fill-content i-amphtml-replaced-content\" src=\"https:\/\/s2.glbimg.com\/UzZUYfWrQtuQKdLJ5Kg05ixWfvw=\/0x0:939x600\/984x0\/smart\/filters:strip_icc()\/i.s3.glbimg.com\/v1\/AUTH_59edd422c0c84a879bd37670ae4f538a\/internal_photos\/bs\/2020\/6\/1\/a5pkRDRGm40SlI57hUNw\/missas2.jpg\" sizes=\"(max-width: 1242px) 648px, 100vw\" srcset=\"https:\/\/s2.glbimg.com\/Sl4YHJkQYxcuEezbuIsc16o8yOo=\/0x0:939x600\/1000x0\/smart\/filters:strip_icc()\/i.s3.glbimg.com\/v1\/AUTH_59edd422c0c84a879bd37670ae4f538a\/internal_photos\/bs\/2020\/6\/1\/a5pkRDRGm40SlI57hUNw\/missas2.jpg 1000w, https:\/\/s2.glbimg.com\/UzZUYfWrQtuQKdLJ5Kg05ixWfvw=\/0x0:939x600\/984x0\/smart\/filters:strip_icc()\/i.s3.glbimg.com\/v1\/AUTH_59edd422c0c84a879bd37670ae4f538a\/internal_photos\/bs\/2020\/6\/1\/a5pkRDRGm40SlI57hUNw\/missas2.jpg 984w, https:\/\/s2.glbimg.com\/RKxeV1rBMuw2j31yiLQKgiN_x68=\/0x0:939x600\/640x0\/smart\/filters:strip_icc()\/i.s3.glbimg.com\/v1\/AUTH_59edd422c0c84a879bd37670ae4f538a\/internal_photos\/bs\/2020\/6\/1\/a5pkRDRGm40SlI57hUNw\/missas2.jpg 640w, https:\/\/s2.glbimg.com\/yFT6dFkf_YaebHfF5jLIfZVi80I=\/0x0:939x600\/600x0\/smart\/filters:strip_icc()\/i.s3.glbimg.com\/v1\/AUTH_59edd422c0c84a879bd37670ae4f538a\/internal_photos\/bs\/2020\/6\/1\/a5pkRDRGm40SlI57hUNw\/missas2.jpg 600w\" alt=\"Segundo o padre Lico, chanceler da Diocese de Mar\u00edlia, outros sacramentos, como casamentos e batizados, n\u00e3o ser\u00e3o retomados neste momento \u2014 Foto: TV TEM\/Reprodu\u00e7\u00e3o\" \/><\/figure>\n<p class=\"content-media__description \">Segundo o padre Lico, chanceler da Diocese de Mar\u00edlia, outros sacramentos, como casamentos e batizados, n\u00e3o ser\u00e3o retomados neste momento \u2014 Foto: TV TEM\/Reprodu\u00e7\u00e3o<\/p>\n<\/div>\n<\/div>\n<div class=\"mc-column content-text active-extra-styles \" style=\"text-align: justify;\" data-block-type=\"unstyled\" data-block-weight=\"49\" data-block-id=\"16\">\n<p class=\"content-text__container \" data-track-category=\"Link no Texto\" data-track-links=\"\">Mesmo com a retomada das missas presenciais, a Diocese de Mar\u00edlia informa que a ideia \u00e9 manter as transmiss\u00f5es de missas por meios eletr\u00f4nicos, tanto para atender os fieis integrantes dos grupos de risco como aqueles que ainda n\u00e3o se sentirem seguros para frequentar a celebra\u00e7\u00e3o de forma presencial.<\/p>\n<\/div>\n<div class=\"mc-column content-text active-extra-styles\" style=\"text-align: justify;\" data-block-type=\"raw\" data-block-weight=\"3\" data-block-id=\"17\">\n<div class=\"content-intertitle\">\n<h2>Ourinhos mant\u00e9m drive-in<\/h2>\n<\/div>\n<\/div>\n<div class=\"mc-column content-text active-extra-styles \" style=\"text-align: justify;\" data-block-type=\"unstyled\" data-block-weight=\"49\" data-block-id=\"18\">\n<p class=\"content-text__container \" data-track-category=\"Link no Texto\" data-track-links=\"\">Em Ourinhos, apesar de as celebra\u00e7\u00f5es presenciais j\u00e1 estarem liberadas, com restri\u00e7\u00f5es, a prefeitura informou que, num primeiro momento, ser\u00e1 mantido o esquema de\u00a0<a href=\"https:\/\/g1.globo.com\/sp\/bauru-marilia\/noticia\/2020\/07\/09\/ourinhos-libera-celebracoes-religiosas-drive-in-em-recinto-de-exposicao-agropecuaria.ghtml\">celebra\u00e7\u00f5es religiosas no estilo drive-in<\/a>, no qual os fieis assistem \u00e0s celebra\u00e7\u00f5es dentro dos carros, no recinto de exposi\u00e7\u00f5es da Fapi (Feira Agropecu\u00e1ria e Industrial).<\/p>\n<\/div>\n<div class=\"mc-column content-text active-extra-styles \" style=\"text-align: justify;\" data-block-type=\"unstyled\" data-block-weight=\"37\" data-block-id=\"20\">\n<p class=\"content-text__container \" data-track-category=\"Link no Texto\" data-track-links=\"\">Segundo a prefeitura, o recinto segue dispon\u00edvel para a programa\u00e7\u00e3o de celebra\u00e7\u00f5es, tanto da Igreja Cat\u00f3lica como das evang\u00e9licas. Como este formato teve boa aceita\u00e7\u00e3o, a prefeitura informou que vai consultar as igrejas sobre sua manuten\u00e7\u00e3o.<\/p>\n<\/div>\n<div class=\"mc-column content-text active-extra-styles \" style=\"text-align: justify;\" data-block-type=\"unstyled\" data-block-weight=\"28\" data-block-id=\"21\">\n<p class=\"content-text__container \" data-track-category=\"Link no Texto\" data-track-links=\"\">Em Ourinhos, o decreto que permite a retomada das celebra\u00e7\u00f5es religiosas tamb\u00e9m determina uma s\u00e9rie de medidas que seguem os protocolos de seguran\u00e7a sanit\u00e1ria de preven\u00e7\u00e3o ao coronav\u00edrus.<\/p>\n<\/div>\n<p style=\"text-align: justify;\" data-track-category=\"Link no Texto\" data-track-links=\"\">Fonte: https:\/\/g1.globo.com\/sp\/bauru-marilia\/noticia\/2020\/08\/18\/dioceses-de-bauru-e-marilia-anunciam-volta-das-missas-presenciais-com-restricoes.ghtml<\/p>\n<\/div>\n<\/div>\n","protected":false},"excerpt":{"rendered":"<p>Entidades que representam a Igreja Cat\u00f3lica em mais de 50 cidades da regi\u00e3o anunciam volta para este s\u00e1bado (22). Haver\u00e1 regras de distanciamento e ocupa\u00e7\u00e3o limitada dos templos. As dioceses de Bauru e Mar\u00edlia (SP) anunciaram nesta ter\u00e7a-feira (18) a retomada das missas presenciais nas mais de 50 cidades do centro-oeste paulista sob suas jurisdi\u00e7\u00f5es [&hellip;]<\/p>\n","protected":false},"author":1,"featured_media":33053,"comment_status":"closed","ping_status":"open","sticky":false,"template":"","format":"standard","meta":{"footnotes":""},"categories":[110,118],"tags":[],"class_list":["post-33052","post","type-post","status-publish","format-standard","has-post-thumbnail","hentry","category-noticiasdestaque","category-religiaoesolidariedade"],"_links":{"self":[{"href":"https:\/\/jorgezanoni.com.br\/2019\/wp-json\/wp\/v2\/posts\/33052","targetHints":{"allow":["GET"]}}],"collection":[{"href":"https:\/\/jorgezanoni.com.br\/2019\/wp-json\/wp\/v2\/posts"}],"about":[{"href":"https:\/\/jorgezanoni.com.br\/2019\/wp-json\/wp\/v2\/types\/post"}],"author":[{"embeddable":true,"href":"https:\/\/jorgezanoni.com.br\/2019\/wp-json\/wp\/v2\/users\/1"}],"replies":[{"embeddable":true,"href":"https:\/\/jorgezanoni.com.br\/2019\/wp-json\/wp\/v2\/comments?post=33052"}],"version-history":[{"count":0,"href":"https:\/\/jorgezanoni.com.br\/2019\/wp-json\/wp\/v2\/posts\/33052\/revisions"}],"wp:featuredmedia":[{"embeddable":true,"href":"https:\/\/jorgezanoni.com.br\/2019\/wp-json\/wp\/v2\/media\/33053"}],"wp:attachment":[{"href":"https:\/\/jorgezanoni.com.br\/2019\/wp-json\/wp\/v2\/media?parent=33052"}],"wp:term":[{"taxonomy":"category","embeddable":true,"href":"https:\/\/jorgezanoni.com.br\/2019\/wp-json\/wp\/v2\/categories?post=33052"},{"taxonomy":"post_tag","embeddable":true,"href":"https:\/\/jorgezanoni.com.br\/2019\/wp-json\/wp\/v2\/tags?post=33052"}],"curies":[{"name":"wp","href":"https:\/\/api.w.org\/{rel}","templated":true}]}}