{"id":33049,"date":"2020-08-18T23:41:58","date_gmt":"2020-08-18T23:41:58","guid":{"rendered":"https:\/\/jorgezanoni.com.br\/2019\/?p=33049"},"modified":"2020-08-18T23:41:58","modified_gmt":"2020-08-18T23:41:58","slug":"justica-manda-ex-prefeito-tupa-e-gepron-pagarem-r-34-milhoes-na-execucao-de-sentenca-que-aponta-prejuizos-em-contrato-na-cidade-da-crianca","status":"publish","type":"post","link":"https:\/\/jorgezanoni.com.br\/2019\/justica-manda-ex-prefeito-tupa-e-gepron-pagarem-r-34-milhoes-na-execucao-de-sentenca-que-aponta-prejuizos-em-contrato-na-cidade-da-crianca\/","title":{"rendered":"Justi\u00e7a manda ex-prefeito Tup\u00e3 e Gepron pagarem R$ 3,4 milh\u00f5es na execu\u00e7\u00e3o de senten\u00e7a que aponta preju\u00edzos em contrato na Cidade da Crian\u00e7a"},"content":{"rendered":"<h2 class=\"content-head__subtitle\" style=\"text-align: justify;\"><strong>Juiz da Vara da Fazenda P\u00fablica da Comarca de Presidente Prudente, Darci Lopes Beraldo, deu prazo de 15 dias para a quita\u00e7\u00e3o do d\u00e9bito homologado nesta ter\u00e7a-feira (18).<\/strong><\/h2>\n<div class=\"mc-column content-text active-extra-styles \" data-block-type=\"unstyled\" data-block-weight=\"66\" data-block-id=\"2\">\n<p class=\"content-text__container \" style=\"text-align: justify;\" data-track-category=\"Link no Texto\" data-track-links=\"\">O juiz da Vara da Fazenda P\u00fablica da Comarca de\u00a0<a href=\"https:\/\/g1.globo.com\/sp\/presidente-prudente-regiao\/cidade\/presidente-prudente\/\">Presidente Prudente (SP)<\/a>, Darci Lopes Beraldo, homologou nesta ter\u00e7a-feira (18) o valor de R$ 3.443.785,51 como c\u00e1lculo para a execu\u00e7\u00e3o do cumprimento de uma\u00a0<a href=\"http:\/\/g1.globo.com\/sp\/presidente-prudente-regiao\/noticia\/2016\/01\/justica-anula-parceria-com-o-gepron-e-aponta-dano-aos-cofres-publicos.html\">senten\u00e7a que apontou preju\u00edzos aos cofres p\u00fablicos municipais na contrata\u00e7\u00e3o do Instituto de Gest\u00e3o de Projetos da Noroeste Paulista (Gepron) pela Prefeitura para a explora\u00e7\u00e3o do Parque Ecol\u00f3gico da Cidade da Crian\u00e7a<\/a>.<\/p>\n<\/div>\n<div class=\"wall protected-content\">\n<div class=\"mc-column content-text active-extra-styles \" style=\"text-align: justify;\" data-block-type=\"unstyled\" data-block-weight=\"42\" data-block-id=\"3\">\n<p class=\"content-text__container \" data-track-category=\"Link no Texto\" data-track-links=\"\">Os executados neste caso s\u00e3o o pr\u00f3prio instituto e o ex-prefeito Milton Carlos de Mello \u201cTup\u00e3\u201d (DEM), que governou a cidade entre 2009 e 2016 e foi o respons\u00e1vel pela assinatura do contrato, estimado em at\u00e9 R$ 6,5 milh\u00f5es, com o Gepron.<\/p>\n<\/div>\n<div class=\"mc-column content-text active-extra-styles \" style=\"text-align: justify;\" data-block-type=\"unstyled\" data-block-weight=\"47\" data-block-id=\"4\">\n<p class=\"content-text__container \" data-track-category=\"Link no Texto\" data-track-links=\"\">Na decis\u00e3o, \u00e0 qual o\u00a0<strong>G1\u00a0<\/strong>teve acesso, o magistrado mandou intimar as partes executadas para que, no prazo de 15 dias, efetuem o pagamento do d\u00e9bito homologado, sob pena de ser acrescida multa e de honor\u00e1rios advocat\u00edcios, ambos na ordem de 10% sobre o montante devido.<\/p>\n<\/div>\n<div class=\"mc-column content-text active-extra-styles \" style=\"text-align: justify;\" data-block-type=\"unstyled\" data-block-weight=\"31\" data-block-id=\"5\">\n<p class=\"content-text__container \" data-track-category=\"Link no Texto\" data-track-links=\"\">Se passar o prazo de 15 dias sem o pagamento volunt\u00e1rio, ser\u00e1 iniciado um novo per\u00edodo, tamb\u00e9m de 15 dias, independentemente de penhora ou nova intima\u00e7\u00e3o, para que apresentem sua impugna\u00e7\u00e3o.<\/p>\n<\/div>\n<div class=\"mc-column content-text active-extra-styles \" style=\"text-align: justify;\" data-block-type=\"unstyled\" data-block-weight=\"29\" data-block-id=\"6\">\n<p class=\"content-text__container \" data-track-category=\"Link no Texto\" data-track-links=\"\">Se n\u00e3o ocorrer o pagamento nem impugna\u00e7\u00e3o, ser\u00e1 dada vista ao exequente, que \u00e9 o aposentado Luiz Ant\u00f4nio dos Santos, autor da a\u00e7\u00e3o popular, para o prosseguimento da execu\u00e7\u00e3o.<\/p>\n<\/div>\n<div class=\"mc-column content-text active-extra-styles \" style=\"text-align: justify;\" data-block-type=\"unstyled\" data-block-weight=\"38\" data-block-id=\"8\">\n<p class=\"content-text__container \" data-track-category=\"Link no Texto\" data-track-links=\"\">Na decis\u00e3o desta ter\u00e7a-feira (18), o juiz Darci Lopes Beraldo informa que, depois de intimado sobre o c\u00e1lculo elaborado pelo Minist\u00e9rio P\u00fablico Estadual (MPE) para o valor da execu\u00e7\u00e3o, o ex-prefeito Milton Carlos de Mello \u201cTup\u00e3\u201d apresentou discord\u00e2ncia.<\/p>\n<\/div>\n<div class=\"mc-column content-text active-extra-styles \" style=\"text-align: justify;\" data-block-type=\"unstyled\" data-block-weight=\"33\" data-block-id=\"9\">\n<p class=\"content-text__container \" data-track-category=\"Link no Texto\" data-track-links=\"\">Diante da objetiva impugna\u00e7\u00e3o, o juiz entendeu ser o caso de produ\u00e7\u00e3o de prova pericial, pontuando que o c\u00e1lculo apresentado pelo Minist\u00e9rio P\u00fablico Estadual, atrav\u00e9s de seu Centro de Apoio Operacional, era \u201cunilateral\u201d.<\/p>\n<\/div>\n<div class=\"mc-column content-text active-extra-styles \" style=\"text-align: justify;\" data-block-type=\"unstyled\" data-block-weight=\"51\" data-block-id=\"10\">\n<p class=\"content-text__container \" data-track-category=\"Link no Texto\" data-track-links=\"\">\u201cRegistrei, contudo, que havendo t\u00edtulo judicial formado, em A\u00e7\u00e3o Civil P\u00fablica, portanto de repara\u00e7\u00e3o de dano ao er\u00e1rio p\u00fablico, e c\u00e1lculo formulado pelo Minist\u00e9rio P\u00fablico, discordado pelo executado, deveria o executado responder pelo pagamento dos honor\u00e1rios provis\u00f3rios, portanto passando-lhe o \u00f4nus de reverter o valor posicionado pelo Minist\u00e9rio P\u00fablico\u201d, salienta Beraldo.<\/p>\n<\/div>\n<div class=\"mc-column content-text active-extra-styles \" style=\"text-align: justify;\" data-block-type=\"unstyled\" data-block-weight=\"63\" data-block-id=\"11\">\n<p class=\"content-text__container \" data-track-category=\"Link no Texto\" data-track-links=\"\">No entanto, de acordo com o juiz, o ex-prefeito n\u00e3o efetuou o pagamento dos honor\u00e1rios do perito judicial cont\u00e1bil, no valor de R$ 3,5 mil, apesar de reiterada intima\u00e7\u00e3o. Beraldo ainda lembra que Tup\u00e3 recorreu da decis\u00e3o que lhe imp\u00f4s o \u00f4nus financeiro da per\u00edcia, mas o agravo n\u00e3o foi conhecido pela intempestividade no Tribunal de Justi\u00e7a do Estado de S\u00e3o Paulo (TJ-SP).<\/p>\n<\/div>\n<div class=\"mc-column content-text active-extra-styles \" style=\"text-align: justify;\" data-block-type=\"unstyled\" data-block-weight=\"22\" data-block-id=\"12\">\n<p class=\"content-text__container \" data-track-category=\"Link no Texto\" data-track-links=\"\">Com isso, o juiz decidiu homologar o c\u00e1lculo apresentado pelo exequente, o aposentado Luiz Ant\u00f4nio dos Santos, no valor de R$ 3.443.785,51.<\/p>\n<\/div>\n<div class=\"mc-column content-text active-extra-styles\" style=\"text-align: justify;\" data-block-type=\"raw\" data-block-weight=\"21\" data-block-id=\"13\">\n<ul class=\"content-unordered-list\">\n<li><a href=\"http:\/\/g1.globo.com\/sp\/presidente-prudente-regiao\/noticia\/2016\/01\/justica-anula-parceria-com-o-gepron-e-aponta-dano-aos-cofres-publicos.html\">Justi\u00e7a anula parceria com o Gepron e aponta danos aos cofres p\u00fablicos<\/a><\/li>\n<li><a href=\"http:\/\/g1.globo.com\/sp\/presidente-prudente-regiao\/noticia\/2017\/02\/tj-mantem-avaliacao-de-irregularidade-na-contratacao-do-gepron.html\">TJ mant\u00e9m avalia\u00e7\u00e3o de irregularidade na contrata\u00e7\u00e3o do Gepron<\/a><\/li>\n<\/ul>\n<\/div>\n<div class=\"mc-column content-text active-extra-styles\" style=\"text-align: justify;\" data-block-type=\"raw\" data-block-weight=\"2\" data-block-id=\"14\">\n<div class=\"content-intertitle\">\n<h2>A\u00e7\u00e3o popular<\/h2>\n<\/div>\n<\/div>\n<div class=\"mc-column content-text active-extra-styles \" style=\"text-align: justify;\" data-block-type=\"unstyled\" data-block-weight=\"77\" data-block-id=\"15\">\n<p class=\"content-text__container \" data-track-category=\"Link no Texto\" data-track-links=\"\">Uma a\u00e7\u00e3o popular ajuizada em mar\u00e7o de 2012 pelo aposentado Luiz Ant\u00f4nio dos Santos, com questionamentos \u00e0 parceria firmada no ano anterior entre a Prefeitura e o Gepron, entidade com sede em Ara\u00e7atuba (SP), resultou em janeiro de 2016 em uma senten\u00e7a proferida pelo juiz da Vara da Fazenda P\u00fablica de Presidente Prudente, Darci Lopes Beraldo,\u00a0<a href=\"http:\/\/g1.globo.com\/sp\/presidente-prudente-regiao\/noticia\/2016\/01\/justica-anula-parceria-com-o-gepron-e-aponta-dano-aos-cofres-publicos.html\">que a julgou parcialmente procedente para o fim de anular o Termo de Parceria para a administra\u00e7\u00e3o da Cidade da Crian\u00e7a<\/a>.<\/p>\n<\/div>\n<div class=\"mc-column content-text active-extra-styles \" style=\"text-align: justify;\" data-block-type=\"unstyled\" data-block-weight=\"30\" data-block-id=\"17\">\n<p class=\"content-text__container \" data-track-category=\"Link no Texto\" data-track-links=\"\">Na mesma decis\u00e3o, o magistrado ainda condenou o ex-prefeito Milton Carlos de Mello \u201cTup\u00e3\u201d e o Gepron \u201cao pagamento de perdas e danos, a ser apurado em liquida\u00e7\u00e3o de senten\u00e7a\u201d.<\/p>\n<\/div>\n<div class=\"mc-column content-text active-extra-styles \" style=\"text-align: justify;\" data-block-type=\"unstyled\" data-block-weight=\"38\" data-block-id=\"18\">\n<p class=\"content-text__container \" data-track-category=\"Link no Texto\" data-track-links=\"\">O Gepron esteve \u00e0 frente da administra\u00e7\u00e3o do Parque Ecol\u00f3gico da Cidade da Crian\u00e7a entre os anos de 2011 e 2016, quando foi substitu\u00eddo pelo Cons\u00f3rcio Intermunicipal do Oeste Paulista (Ciop), que assumiu a gest\u00e3o do complexo tur\u00edstico.<\/p>\n<\/div>\n<div class=\"mc-column content-text active-extra-styles \" style=\"text-align: justify;\" data-block-type=\"unstyled\" data-block-weight=\"43\" data-block-id=\"19\">\n<p class=\"content-text__container \" data-track-category=\"Link no Texto\" data-track-links=\"\">Em fevereiro de 2017,\u00a0<a href=\"http:\/\/g1.globo.com\/sp\/presidente-prudente-regiao\/noticia\/2017\/02\/tj-mantem-avaliacao-de-irregularidade-na-contratacao-do-gepron.html\">a 10\u00aa C\u00e2mara de Direito P\u00fablico do Tribunal de Justi\u00e7a do Estado de S\u00e3o Paulo manteve o entendimento de irregularidade no Termo de Parceria firmado pela Prefeitura de Presidente Prudente para o Gepron administrar a Cidade da Crian\u00e7a<\/a>.<\/p>\n<\/div>\n<div class=\"mc-column content-text active-extra-styles\" style=\"text-align: justify;\" data-block-type=\"raw\" data-block-weight=\"2\" data-block-id=\"20\">\n<div class=\"content-intertitle\">\n<h2>Outro lado<\/h2>\n<\/div>\n<\/div>\n<div class=\"mc-column content-text active-extra-styles \" style=\"text-align: justify;\" data-block-type=\"unstyled\" data-block-weight=\"23\" data-block-id=\"21\">\n<p class=\"content-text__container \" data-track-category=\"Link no Texto\" data-track-links=\"\">Em contato por telefone nesta ter\u00e7a-feira (18), o ex-prefeito Milton Carlos de Mello \u201cTup\u00e3\u201d n\u00e3o quis falar com o\u00a0<strong>G1\u00a0<\/strong>sobre o assunto.<\/p>\n<\/div>\n<div class=\"mc-column content-text active-extra-styles \" data-block-type=\"unstyled\" data-block-weight=\"12\" data-block-id=\"22\">\n<p class=\"content-text__container \" style=\"text-align: justify;\" data-track-category=\"Link no Texto\" data-track-links=\"\">Tamb\u00e9m nesta ter\u00e7a-feira (18), o\u00a0<strong>G1\u00a0<\/strong>n\u00e3o conseguiu contato com o Gepron.<\/p>\n<p data-track-category=\"Link no Texto\" data-track-links=\"\">Fonte: G1<\/p>\n<\/div>\n<\/div>\n","protected":false},"excerpt":{"rendered":"<p>Juiz da Vara da Fazenda P\u00fablica da Comarca de Presidente Prudente, Darci Lopes Beraldo, deu prazo de 15 dias para a quita\u00e7\u00e3o do d\u00e9bito homologado nesta ter\u00e7a-feira (18). O juiz da Vara da Fazenda P\u00fablica da Comarca de\u00a0Presidente Prudente (SP), Darci Lopes Beraldo, homologou nesta ter\u00e7a-feira (18) o valor de R$ 3.443.785,51 como c\u00e1lculo para [&hellip;]<\/p>\n","protected":false},"author":1,"featured_media":33050,"comment_status":"closed","ping_status":"open","sticky":false,"template":"","format":"standard","meta":{"footnotes":""},"categories":[120,110],"tags":[],"class_list":["post-33049","post","type-post","status-publish","format-standard","has-post-thumbnail","hentry","category-justicahabitacaotecnologia","category-noticiasdestaque"],"_links":{"self":[{"href":"https:\/\/jorgezanoni.com.br\/2019\/wp-json\/wp\/v2\/posts\/33049","targetHints":{"allow":["GET"]}}],"collection":[{"href":"https:\/\/jorgezanoni.com.br\/2019\/wp-json\/wp\/v2\/posts"}],"about":[{"href":"https:\/\/jorgezanoni.com.br\/2019\/wp-json\/wp\/v2\/types\/post"}],"author":[{"embeddable":true,"href":"https:\/\/jorgezanoni.com.br\/2019\/wp-json\/wp\/v2\/users\/1"}],"replies":[{"embeddable":true,"href":"https:\/\/jorgezanoni.com.br\/2019\/wp-json\/wp\/v2\/comments?post=33049"}],"version-history":[{"count":0,"href":"https:\/\/jorgezanoni.com.br\/2019\/wp-json\/wp\/v2\/posts\/33049\/revisions"}],"wp:featuredmedia":[{"embeddable":true,"href":"https:\/\/jorgezanoni.com.br\/2019\/wp-json\/wp\/v2\/media\/33050"}],"wp:attachment":[{"href":"https:\/\/jorgezanoni.com.br\/2019\/wp-json\/wp\/v2\/media?parent=33049"}],"wp:term":[{"taxonomy":"category","embeddable":true,"href":"https:\/\/jorgezanoni.com.br\/2019\/wp-json\/wp\/v2\/categories?post=33049"},{"taxonomy":"post_tag","embeddable":true,"href":"https:\/\/jorgezanoni.com.br\/2019\/wp-json\/wp\/v2\/tags?post=33049"}],"curies":[{"name":"wp","href":"https:\/\/api.w.org\/{rel}","templated":true}]}}