{"id":33040,"date":"2020-08-18T16:24:39","date_gmt":"2020-08-18T16:24:39","guid":{"rendered":"https:\/\/jorgezanoni.com.br\/2019\/?p=33040"},"modified":"2020-08-18T16:24:39","modified_gmt":"2020-08-18T16:24:39","slug":"curada-da-covid-19-familia-de-dracena-recebe-alta-medica-apos-14-dias-de-isolamento-domiciliar","status":"publish","type":"post","link":"https:\/\/jorgezanoni.com.br\/2019\/curada-da-covid-19-familia-de-dracena-recebe-alta-medica-apos-14-dias-de-isolamento-domiciliar\/","title":{"rendered":"Curada da Covid-19, fam\u00edlia de Dracena recebe alta m\u00e9dica ap\u00f3s 14 dias de isolamento domiciliar"},"content":{"rendered":"<h2 class=\"content-head__subtitle\" style=\"text-align: justify;\"><strong>Equipe do Centro Municipal de Atendimento \u00e0 Covid-19 (Cemac) orientou e acompanhou o per\u00edodo de distanciamento social dos tr\u00eas adultos e das duas crian\u00e7as.<\/strong><\/h2>\n<div class=\"mc-column content-text active-extra-styles \" data-block-type=\"unstyled\" data-block-weight=\"31\" data-block-id=\"2\">\n<p class=\"content-text__container \" style=\"text-align: justify;\" data-track-category=\"Link no Texto\" data-track-links=\"\">A fam\u00edlia Costa e Machado, que mora em\u00a0<a href=\"https:\/\/g1.globo.com\/sp\/presidente-prudente-regiao\/cidade\/dracena\/\">Dracena<\/a>, recebeu alta m\u00e9dica ap\u00f3s 14 dias de isolamento domiciliar para tratamento da Covid-19. A informa\u00e7\u00e3o foi divulgada pela Prefeitura nesta segunda-feira (17).<\/p>\n<\/div>\n<div class=\"wall protected-content\">\n<div class=\"mc-column content-text active-extra-styles \" style=\"text-align: justify;\" data-block-type=\"unstyled\" data-block-weight=\"33\" data-block-id=\"3\">\n<p class=\"content-text__container \" data-track-category=\"Link no Texto\" data-track-links=\"\">Ainda segundo o munic\u00edpio, os cinco integrantes da fam\u00edlia foram diagnosticados com a doen\u00e7a e a equipe do Centro Municipal de Atendimento ao Covid-19 (Cemac) orientou e acompanhou o per\u00edodo de distanciamento social.<\/p>\n<\/div>\n<div class=\"mc-column content-text active-extra-styles \" data-block-type=\"unstyled\" data-block-weight=\"25\" data-block-id=\"4\">\n<p class=\"content-text__container \" style=\"text-align: justify;\" data-track-category=\"Link no Texto\" data-track-links=\"\">Tamb\u00e9m de acordo com a Prefeitura, tr\u00eas adultos e duas crian\u00e7as receberam alta m\u00e9dica ao mesmo tempo. Todos est\u00e3o liberados para exercerem suas atividades normais.<\/p>\n<p style=\"text-align: justify;\" data-track-category=\"Link no Texto\" data-track-links=\"\">Fonte: G1<\/p>\n<\/div>\n<\/div>\n","protected":false},"excerpt":{"rendered":"<p>Equipe do Centro Municipal de Atendimento \u00e0 Covid-19 (Cemac) orientou e acompanhou o per\u00edodo de distanciamento social dos tr\u00eas adultos e das duas crian\u00e7as. A fam\u00edlia Costa e Machado, que mora em\u00a0Dracena, recebeu alta m\u00e9dica ap\u00f3s 14 dias de isolamento domiciliar para tratamento da Covid-19. A informa\u00e7\u00e3o foi divulgada pela Prefeitura nesta segunda-feira (17). Ainda [&hellip;]<\/p>\n","protected":false},"author":1,"featured_media":33041,"comment_status":"closed","ping_status":"open","sticky":false,"template":"","format":"standard","meta":{"footnotes":""},"categories":[179,184,110],"tags":[],"class_list":["post-33040","post","type-post","status-publish","format-standard","has-post-thumbnail","hentry","category-cidadeseregiao","category-dracena","category-noticiasdestaque"],"_links":{"self":[{"href":"https:\/\/jorgezanoni.com.br\/2019\/wp-json\/wp\/v2\/posts\/33040","targetHints":{"allow":["GET"]}}],"collection":[{"href":"https:\/\/jorgezanoni.com.br\/2019\/wp-json\/wp\/v2\/posts"}],"about":[{"href":"https:\/\/jorgezanoni.com.br\/2019\/wp-json\/wp\/v2\/types\/post"}],"author":[{"embeddable":true,"href":"https:\/\/jorgezanoni.com.br\/2019\/wp-json\/wp\/v2\/users\/1"}],"replies":[{"embeddable":true,"href":"https:\/\/jorgezanoni.com.br\/2019\/wp-json\/wp\/v2\/comments?post=33040"}],"version-history":[{"count":0,"href":"https:\/\/jorgezanoni.com.br\/2019\/wp-json\/wp\/v2\/posts\/33040\/revisions"}],"wp:featuredmedia":[{"embeddable":true,"href":"https:\/\/jorgezanoni.com.br\/2019\/wp-json\/wp\/v2\/media\/33041"}],"wp:attachment":[{"href":"https:\/\/jorgezanoni.com.br\/2019\/wp-json\/wp\/v2\/media?parent=33040"}],"wp:term":[{"taxonomy":"category","embeddable":true,"href":"https:\/\/jorgezanoni.com.br\/2019\/wp-json\/wp\/v2\/categories?post=33040"},{"taxonomy":"post_tag","embeddable":true,"href":"https:\/\/jorgezanoni.com.br\/2019\/wp-json\/wp\/v2\/tags?post=33040"}],"curies":[{"name":"wp","href":"https:\/\/api.w.org\/{rel}","templated":true}]}}